{"id":37284,"date":"2026-03-11T12:47:39","date_gmt":"2026-03-11T11:47:39","guid":{"rendered":"https:\/\/ostrowskatv.pl\/?p=37284"},"modified":"2026-03-11T12:47:47","modified_gmt":"2026-03-11T11:47:47","slug":"wyrok-w-sprawie-neonazisty-z-ostrowa-wlkp","status":"publish","type":"post","link":"https:\/\/ostrowskatv.pl\/?p=37284","title":{"rendered":"Wyrok w sprawie neonazisty z Ostrowa Wlkp."},"content":{"rendered":"<p>W S\u0105dzie Rejonowym w Ostrowie Wielkopolskim zapad\u0142 w \u015brod\u0119 nieprawomocny wyrok w sprawie Adriana P. M\u0119\u017cczyzna zosta\u0142 skazany na <strong>\u0142\u0105czn\u0105 kar\u0119 6 miesi\u0119cy pozbawienia wolno\u015bci<\/strong>. S\u0105d uzna\u0142 go winnym cz\u0119\u015bci zarzucanych cz\u0119sci z czyn\u00f3w, jednocze\u015bnie <strong>uniewinniaj\u0105c od zarzutu ujawnienia informacji z post\u0119powania przygotowawczego<\/strong>.<\/p>\n<p>Wyrok og\u0142osi\u0142a s\u0119dzia <strong>Joanna August-Witczak<\/strong>.<\/p>\n<h3>Uniewinnienie w jednym z zarzut\u00f3w<\/h3>\n<p>S\u0105d uzna\u0142, \u017ce Adrian P. <strong>nie dopu\u015bci\u0142 si\u0119 przest\u0119pstwa z art. 241 \u00a71 kodeksu karnego<\/strong>, czyli ujawnienia informacji z post\u0119powania przygotowawczego.<\/p>\n<p>W uzasadnieniu s\u0119dzia wskaza\u0142a, \u017ce materia\u0142 dowodowy potwierdza, i\u017c informacje zosta\u0142y przekazane <strong>jedynie jednej osobie<\/strong>, a nie publicznie lub szerszemu gronu. W ocenie s\u0105du nie wyczerpuje to znamion tego przest\u0119pstwa.<\/p>\n<h3>Kradzie\u017c plecaka i sp\u00f3r o pieni\u0105dze<\/h3>\n<p>Jednym z zarzut\u00f3w by\u0142a kradzie\u017c plecaka nale\u017c\u0105cego do pokrzywdzonego Tomasza Tomczaka.<\/p>\n<p>S\u0105d podkre\u015bli\u0142, \u017ce <strong>oskar\u017cony przyzna\u0142 si\u0119 do tego czynu<\/strong>. Sporna by\u0142a natomiast wysoko\u015b\u0107 pieni\u0119dzy, kt\u00f3re znajdowa\u0142y si\u0119 w \u015brodku.<\/p>\n<p>Pokrzywdzony twierdzi\u0142, \u017ce w plecaku by\u0142o <strong>900 z\u0142otych<\/strong>. Jak wskaza\u0142a s\u0119dzia w uzasadnieniu, potwierdzenie tej kwoty pojawi\u0142o si\u0119 tak\u017ce na <strong>nagraniach z telefonu oskar\u017conego<\/strong>.<\/p>\n<p>W zwi\u0105zku z tym s\u0105d zobowi\u0105za\u0142 Adriana P. do <strong>zap\u0142aty 1000 z\u0142otych na rzecz pokrzywdzonego<\/strong>.<\/p>\n<h3>Gro\u017aby i wywieranie wp\u0142ywu<\/h3>\n<p>S\u0105d uzna\u0142 r\u00f3wnie\u017c, \u017ce dosz\u0142o do przest\u0119pstw zwi\u0105zanych z <strong>gro\u017abami karalnymi (art. 190 \u00a71 kk)<\/strong> oraz <strong>wywieraniem wp\u0142ywu na pokrzywdzonego (art. 245 kk)<\/strong>.<\/p>\n<p>W uzasadnieniu s\u0119dzia zwr\u00f3ci\u0142a uwag\u0119, \u017ce mi\u0119dzy oskar\u017conym a pokrzywdzonym istnieje <strong>wieloletni konflikt o pod\u0142o\u017cu ideologicznym<\/strong>, jednak nagrania z telefonu Adriana P. wskazuj\u0105, \u017ce to on by\u0142 stron\u0105 bardziej agresywn\u0105.<\/p>\n<blockquote><p>\u2013 Z nagra\u0144 wynika, \u017ce oskar\u017cony zaczepia\u0142 pokrzywdzonego i wypowiada\u0142 wobec niego gro\u017aby \u2013 m\u00f3wi\u0142a s\u0119dzia. \u2013 Zdarza\u0142o si\u0119 to wielokrotnie, dlatego obawa pokrzywdzonego by\u0142a uzasadniona.<\/p><\/blockquote>\n<h3>S\u0105d wzi\u0105\u0142 pod uwag\u0119 wcze\u015bniejsze przyznanie si\u0119<\/h3>\n<p>Wymierzaj\u0105c kar\u0119, s\u0105d odni\u00f3s\u0142 si\u0119 tak\u017ce do wcze\u015bniejszego etapu post\u0119powania. Adrian P. <strong>wcze\u015bniej przyzna\u0142 si\u0119 do wszystkich zarzucanych czyn\u00f3w<\/strong>, w zwi\u0105zku z czym pojawi\u0142a si\u0119 propozycja skazania bez przeprowadzania rozprawy.<\/p>\n<p>S\u0119dzia wskaza\u0142a, \u017ce zapad\u0142y wyrok pozostaje zbli\u017cony do tej propozycji.<\/p>\n<blockquote><p>\u2013 S\u0105d uznaje, \u017ce wymierzona kara jest <strong>sprawiedliwa i odpowiednia<\/strong> \u2013 stwierdzi\u0142a w uzasadnieniu.<\/p><\/blockquote>\n<h3>Bez koszt\u00f3w s\u0105dowych<\/h3>\n<p>S\u0105d zdecydowa\u0142 r\u00f3wnie\u017c o <strong>zwolnieniu oskar\u017conego z obowi\u0105zku ponoszenia koszt\u00f3w s\u0105dowych<\/strong>, argumentuj\u0105c to <strong>jego trudn\u0105 sytuacj\u0105 materialn\u0105.<\/strong><\/p>\n<h3>Pokrzywdzony: \u201eWyrok troch\u0119 za niski\u201d<\/h3>\n<p>Po og\u0142oszeniu wyroku spraw\u0119 skomentowa\u0142 pokrzywdzony <strong>Tomasz Tomczak<\/strong>.<\/p>\n<blockquote><p>\u2013 Uwa\u017cam, \u017ce wyrok jest troszeczk\u0119 za niski. Nie chcia\u0142bym si\u0119 jednak odwo\u0142ywa\u0107, \u017ceby nie rozci\u0105ga\u0107 post\u0119powania w czasie \u2013 powiedzia\u0142.<\/p><\/blockquote>\n<p>Doda\u0142, \u017ce jego zdaniem sprawy dotycz\u0105ce Adriana P. mog\u0105 w przysz\u0142o\u015bci si\u0119 kumulowa\u0107.<\/p>\n<blockquote><p>\u2013 W\u0105tpi\u0119 w popraw\u0119 oskar\u017conego. Jest to cz\u0142owiek jawnie objawiaj\u0105cy swoje neofaszystowskie sympatie. Mieszkaj\u0105c w Ostrowie mo\u017cna wsz\u0119dzie natkn\u0105\u0107 si\u0119 na jego \u201eartystyczne wypociny\u201d w postaci krzy\u017cy celtyckich czy hase\u0142 nawo\u0142uj\u0105cych do nienawi\u015bci lub segregacji \u2013 m\u00f3wi\u0142 Tomczak.<\/p><\/blockquote>\n<p>Jak doda\u0142, wcze\u015bniej sk\u0142ada\u0142 zawiadomienia dotycz\u0105ce pr\u00f3b pobicia.<\/p>\n<blockquote><p>\u2013 Absolutnie nie wierz\u0119, \u017ceby pobyt w wi\u0119zieniu wp\u0142yn\u0105\u0142 na jego post\u0119powanie. Pewnie nie b\u0119dzie to nasze ostatnie spotkanie w s\u0105dzie \u2013 stwierdzi\u0142.<\/p><\/blockquote>\n<h3>Komentarz Obywateli RP<\/h3>\n<p>Wyrok skomentowa\u0142a r\u00f3wnie\u017c <strong>Karolina Mazurek z ruchu Obywatele RP<\/strong>.<\/p>\n<blockquote><p>\u2013 Z jednej strony wyrok jest niski, ale ka\u017cda kara ograniczenia wolno\u015bci dla os\u00f3b propaguj\u0105cych takie, a nie inne ustroje cieszy \u2013 powiedzia\u0142a.<\/p><\/blockquote>\n<p>Jak doda\u0142a, Adrian P. jest w Ostrowie osob\u0105 znan\u0105 z radykalnych pogl\u0105d\u00f3w.<\/p>\n<blockquote><p>\u2013 Jest znany jako kto\u015b, kto wielbi Hitlera i dopuszcza si\u0119 dzia\u0142a\u0144 motywowanych nienawi\u015bci\u0105. Nienawidzi wszystkich, kt\u00f3rzy nie my\u015bl\u0105 tak jak on \u2013 czy to uchod\u017ac\u00f3w, os\u00f3b nienormatywnych czy tak zwanych \u201elewak\u00f3w\u201d. Jestem przez niego atakowana od wielu lat \u2013 m\u00f3wi\u0142a.<\/p><\/blockquote>\n<p>Wyrok <strong>nie jest prawomocny<\/strong>. Stronom przys\u0142uguje prawo do z\u0142o\u017cenia apelacji.<\/p>\n","protected":false},"excerpt":{"rendered":"W S\u0105dzie Rejonowym w Ostrowie Wielkopolskim zapad\u0142 w \u015brod\u0119 nieprawomocny wyrok w sprawie Adriana P. M\u0119\u017cczyzna zosta\u0142 skazany na \u0142\u0105czn\u0105 kar\u0119 6 miesi\u0119cy \n<a class=\"moretag\" href=\"https:\/\/ostrowskatv.pl\/?p=37284\"> [...]<\/a>","protected":false},"author":1,"featured_media":35983,"comment_status":"open","ping_status":"closed","sticky":false,"template":"","format":"standard","meta":{"footnotes":""},"categories":[1],"tags":[52],"class_list":["post-37284","post","type-post","status-publish","format-standard","has-post-thumbnail","hentry","category-news","tag-sad"],"_links":{"self":[{"href":"https:\/\/ostrowskatv.pl\/index.php?rest_route=\/wp\/v2\/posts\/37284","targetHints":{"allow":["GET"]}}],"collection":[{"href":"https:\/\/ostrowskatv.pl\/index.php?rest_route=\/wp\/v2\/posts"}],"about":[{"href":"https:\/\/ostrowskatv.pl\/index.php?rest_route=\/wp\/v2\/types\/post"}],"author":[{"embeddable":true,"href":"https:\/\/ostrowskatv.pl\/index.php?rest_route=\/wp\/v2\/users\/1"}],"replies":[{"embeddable":true,"href":"https:\/\/ostrowskatv.pl\/index.php?rest_route=%2Fwp%2Fv2%2Fcomments&post=37284"}],"version-history":[{"count":1,"href":"https:\/\/ostrowskatv.pl\/index.php?rest_route=\/wp\/v2\/posts\/37284\/revisions"}],"predecessor-version":[{"id":37285,"href":"https:\/\/ostrowskatv.pl\/index.php?rest_route=\/wp\/v2\/posts\/37284\/revisions\/37285"}],"wp:featuredmedia":[{"embeddable":true,"href":"https:\/\/ostrowskatv.pl\/index.php?rest_route=\/wp\/v2\/media\/35983"}],"wp:attachment":[{"href":"https:\/\/ostrowskatv.pl\/index.php?rest_route=%2Fwp%2Fv2%2Fmedia&parent=37284"}],"wp:term":[{"taxonomy":"category","embeddable":true,"href":"https:\/\/ostrowskatv.pl\/index.php?rest_route=%2Fwp%2Fv2%2Fcategories&post=37284"},{"taxonomy":"post_tag","embeddable":true,"href":"https:\/\/ostrowskatv.pl\/index.php?rest_route=%2Fwp%2Fv2%2Ftags&post=37284"}],"curies":[{"name":"wp","href":"https:\/\/api.w.org\/{rel}","templated":true}]}}