{"id":37236,"date":"2026-03-07T20:04:05","date_gmt":"2026-03-07T19:04:05","guid":{"rendered":"https:\/\/ostrowskatv.pl\/?p=37236"},"modified":"2026-03-07T20:04:05","modified_gmt":"2026-03-07T19:04:05","slug":"wypadek-dwoch-aut-oba-wypadly-z-drogi-zdjecia","status":"publish","type":"post","link":"https:\/\/ostrowskatv.pl\/?p=37236","title":{"rendered":"Wypadek dw\u00f3ch aut. Oba wypad\u0142y z drogi (ZDJ\u0118CIA)"},"content":{"rendered":"<p><strong>W sobot\u0119 przed godzin\u0105 18.00 dosz\u0142o do zrzedrzenia dw\u00f3ch aut osobowych na granicy Zacharzewa, Lamek i Rad\u0142owa w ci\u0105gu drogi krajowej nr 36. <\/strong><\/p>\n<p>Citroen C3 jecha\u0142 od strony Rad\u0142owa ulic\u0105 Lamkow\u0105 i skr\u0119ca\u0142 w lewo w kierunku Ostrowa Wielkopolskiego. Z przeciwka od strony W\u0119glozbytu jecha\u0142 Chrysler, kt\u00f3ry chcia\u0142 jecha\u0107 na wprost. Po zderzeniu oba auta wypad\u0142y na pobocze, gdzie w ci\u0105gu dnia s\u0105 prowadzone prace drogowe. <\/p>\n<p>Na miejsce wys\u0142ano stra\u017c po\u017carn\u0105, pogotowie ratunkowe oraz policj\u0119. Do szpitala trafi\u0142y osoby poszkodowane i trwa ich diagnostyka. <\/p>\n<p>Druhowie z OSP Lamki kierowali ruchem wahad\u0142owym. <\/p>\n<p><a href=\"https:\/\/ostrowskatv.pl\/?attachment_id=37237\" rel=\"attachment wp-att-37237\"><img loading=\"lazy\" decoding=\"async\" src=\"https:\/\/ostrowskatv.pl\/wp-content\/uploads\/2026\/03\/1000130966.jpg\" alt=\"\" width=\"1366\" height=\"769\" class=\"alignnone size-full wp-image-37237\" srcset=\"https:\/\/ostrowskatv.pl\/wp-content\/uploads\/2026\/03\/1000130966.jpg 1366w, https:\/\/ostrowskatv.pl\/wp-content\/uploads\/2026\/03\/1000130966-300x169.jpg 300w, https:\/\/ostrowskatv.pl\/wp-content\/uploads\/2026\/03\/1000130966-1333x750.jpg 1333w\" sizes=\"auto, (max-width: 1366px) 100vw, 1366px\" \/><\/a><\/p>\n<p><a href=\"https:\/\/ostrowskatv.pl\/?attachment_id=37238\" rel=\"attachment wp-att-37238\"><img loading=\"lazy\" decoding=\"async\" src=\"https:\/\/ostrowskatv.pl\/wp-content\/uploads\/2026\/03\/1000130965.jpg\" alt=\"\" width=\"1366\" height=\"735\" class=\"alignnone size-full wp-image-37238\" srcset=\"https:\/\/ostrowskatv.pl\/wp-content\/uploads\/2026\/03\/1000130965.jpg 1366w, https:\/\/ostrowskatv.pl\/wp-content\/uploads\/2026\/03\/1000130965-300x161.jpg 300w, https:\/\/ostrowskatv.pl\/wp-content\/uploads\/2026\/03\/1000130965-1333x717.jpg 1333w\" sizes=\"auto, (max-width: 1366px) 100vw, 1366px\" \/><\/a><\/p>\n<p><a href=\"https:\/\/ostrowskatv.pl\/?attachment_id=37239\" rel=\"attachment wp-att-37239\"><img loading=\"lazy\" decoding=\"async\" src=\"https:\/\/ostrowskatv.pl\/wp-content\/uploads\/2026\/03\/1000130963-1.jpg\" alt=\"\" width=\"1366\" height=\"817\" class=\"alignnone size-full wp-image-37239\" srcset=\"https:\/\/ostrowskatv.pl\/wp-content\/uploads\/2026\/03\/1000130963-1.jpg 1366w, https:\/\/ostrowskatv.pl\/wp-content\/uploads\/2026\/03\/1000130963-1-300x179.jpg 300w, https:\/\/ostrowskatv.pl\/wp-content\/uploads\/2026\/03\/1000130963-1-1333x797.jpg 1333w\" sizes=\"auto, (max-width: 1366px) 100vw, 1366px\" \/><\/a><\/p>\n<p><a href=\"https:\/\/ostrowskatv.pl\/?attachment_id=37240\" rel=\"attachment wp-att-37240\"><img loading=\"lazy\" decoding=\"async\" src=\"https:\/\/ostrowskatv.pl\/wp-content\/uploads\/2026\/03\/1000130963.jpg\" alt=\"\" width=\"1365\" height=\"768\" class=\"alignnone size-full wp-image-37240\" srcset=\"https:\/\/ostrowskatv.pl\/wp-content\/uploads\/2026\/03\/1000130963.jpg 1365w, https:\/\/ostrowskatv.pl\/wp-content\/uploads\/2026\/03\/1000130963-300x169.jpg 300w, https:\/\/ostrowskatv.pl\/wp-content\/uploads\/2026\/03\/1000130963-1333x750.jpg 1333w\" sizes=\"auto, (max-width: 1365px) 100vw, 1365px\" \/><\/a><\/p>\n<p><a href=\"https:\/\/ostrowskatv.pl\/?attachment_id=37241\" rel=\"attachment wp-att-37241\"><img loading=\"lazy\" decoding=\"async\" src=\"https:\/\/ostrowskatv.pl\/wp-content\/uploads\/2026\/03\/1000130956.jpg\" alt=\"\" width=\"1365\" height=\"768\" class=\"alignnone size-full wp-image-37241\" srcset=\"https:\/\/ostrowskatv.pl\/wp-content\/uploads\/2026\/03\/1000130956.jpg 1365w, https:\/\/ostrowskatv.pl\/wp-content\/uploads\/2026\/03\/1000130956-300x169.jpg 300w, https:\/\/ostrowskatv.pl\/wp-content\/uploads\/2026\/03\/1000130956-1333x750.jpg 1333w\" sizes=\"auto, (max-width: 1365px) 100vw, 1365px\" \/><\/a><\/p>\n<p><a href=\"https:\/\/ostrowskatv.pl\/?attachment_id=37242\" rel=\"attachment wp-att-37242\"><img loading=\"lazy\" decoding=\"async\" src=\"https:\/\/ostrowskatv.pl\/wp-content\/uploads\/2026\/03\/1000130954.jpg\" alt=\"\" width=\"1365\" height=\"641\" class=\"alignnone size-full wp-image-37242\" srcset=\"https:\/\/ostrowskatv.pl\/wp-content\/uploads\/2026\/03\/1000130954.jpg 1365w, https:\/\/ostrowskatv.pl\/wp-content\/uploads\/2026\/03\/1000130954-300x141.jpg 300w, https:\/\/ostrowskatv.pl\/wp-content\/uploads\/2026\/03\/1000130954-1333x626.jpg 1333w\" sizes=\"auto, (max-width: 1365px) 100vw, 1365px\" \/><\/a><\/p>\n<p><a href=\"https:\/\/ostrowskatv.pl\/?attachment_id=37243\" rel=\"attachment wp-att-37243\"><img loading=\"lazy\" decoding=\"async\" src=\"https:\/\/ostrowskatv.pl\/wp-content\/uploads\/2026\/03\/1000130953.jpg\" alt=\"\" width=\"1366\" height=\"803\" class=\"alignnone size-full wp-image-37243\" srcset=\"https:\/\/ostrowskatv.pl\/wp-content\/uploads\/2026\/03\/1000130953.jpg 1366w, https:\/\/ostrowskatv.pl\/wp-content\/uploads\/2026\/03\/1000130953-300x176.jpg 300w, https:\/\/ostrowskatv.pl\/wp-content\/uploads\/2026\/03\/1000130953-1333x784.jpg 1333w\" sizes=\"auto, (max-width: 1366px) 100vw, 1366px\" \/><\/a><\/p>\n","protected":false},"excerpt":{"rendered":"W sobot\u0119 przed godzin\u0105 18.00 dosz\u0142o do zrzedrzenia dw\u00f3ch aut osobowych na granicy Zacharzewa, Lamek i Rad\u0142owa w ci\u0105gu drogi krajowej nr 36. \n<a class=\"moretag\" href=\"https:\/\/ostrowskatv.pl\/?p=37236\"> [...]<\/a>","protected":false},"author":1,"featured_media":37237,"comment_status":"open","ping_status":"closed","sticky":false,"template":"","format":"standard","meta":{"footnotes":""},"categories":[1],"tags":[336,11,210],"class_list":["post-37236","post","type-post","status-publish","format-standard","has-post-thumbnail","hentry","category-news","tag-samchod","tag-wypadek","tag-zacharzew"],"_links":{"self":[{"href":"https:\/\/ostrowskatv.pl\/index.php?rest_route=\/wp\/v2\/posts\/37236","targetHints":{"allow":["GET"]}}],"collection":[{"href":"https:\/\/ostrowskatv.pl\/index.php?rest_route=\/wp\/v2\/posts"}],"about":[{"href":"https:\/\/ostrowskatv.pl\/index.php?rest_route=\/wp\/v2\/types\/post"}],"author":[{"embeddable":true,"href":"https:\/\/ostrowskatv.pl\/index.php?rest_route=\/wp\/v2\/users\/1"}],"replies":[{"embeddable":true,"href":"https:\/\/ostrowskatv.pl\/index.php?rest_route=%2Fwp%2Fv2%2Fcomments&post=37236"}],"version-history":[{"count":2,"href":"https:\/\/ostrowskatv.pl\/index.php?rest_route=\/wp\/v2\/posts\/37236\/revisions"}],"predecessor-version":[{"id":37245,"href":"https:\/\/ostrowskatv.pl\/index.php?rest_route=\/wp\/v2\/posts\/37236\/revisions\/37245"}],"wp:featuredmedia":[{"embeddable":true,"href":"https:\/\/ostrowskatv.pl\/index.php?rest_route=\/wp\/v2\/media\/37237"}],"wp:attachment":[{"href":"https:\/\/ostrowskatv.pl\/index.php?rest_route=%2Fwp%2Fv2%2Fmedia&parent=37236"}],"wp:term":[{"taxonomy":"category","embeddable":true,"href":"https:\/\/ostrowskatv.pl\/index.php?rest_route=%2Fwp%2Fv2%2Fcategories&post=37236"},{"taxonomy":"post_tag","embeddable":true,"href":"https:\/\/ostrowskatv.pl\/index.php?rest_route=%2Fwp%2Fv2%2Ftags&post=37236"}],"curies":[{"name":"wp","href":"https:\/\/api.w.org\/{rel}","templated":true}]}}