{"id":37234,"date":"2026-03-07T15:31:13","date_gmt":"2026-03-07T14:31:13","guid":{"rendered":"https:\/\/ostrowskatv.pl\/?p=37234"},"modified":"2026-03-07T15:31:13","modified_gmt":"2026-03-07T14:31:13","slug":"jechal-z-pizza-rowerzystka-trafila-do-karetki-zdjecia","status":"publish","type":"post","link":"https:\/\/ostrowskatv.pl\/?p=37234","title":{"rendered":"Jecha\u0142 z pizz\u0105. Rowerzystka trafi\u0142a do karetki (ZDJ\u0118CIA)"},"content":{"rendered":"<p><strong>Przed godzin\u0105 13.30 dosz\u0142o do zdarzenia drogowego na ulicy Wolno\u015bci, w rejonie numeru 5 w Ostrowie Wielkopolskiego. Kierowca samochodu osobowego Fiat Panda wyje\u017cd\u017caj\u0105c z miejsca parkingowego nie ust\u0105pi\u0142 pierwsze\u0144stwa rowerzystce, kt\u00f3ra jecha\u0142a pomalowanym na czerwono kontrapasie.<\/strong><\/p>\n<p>Rowerzystka uderzy\u0142a nosem w przedni\u0105 szyb\u0119 osob\u00f3wki. Na miejsce wezwano karetk\u0119 pogotowia ratunkowego oraz dwa patrole policji. Uczestnicy zdarzenia byli trze\u017awi, a poszkodowana nie wymaga\u0142a transportu do szpitala.<\/p>\n<p>To kolejne zdarzenia z udzia\u0142em osoby jad\u0105cej na rowerze kontrapasem ulic\u0105 Wolno\u015bci.<\/p>\n<p><a href=\"https:\/\/ostrowskatv.pl\/?attachment_id=37233\" rel=\"attachment wp-att-37233\"><img loading=\"lazy\" decoding=\"async\" class=\"alignnone size-full wp-image-37233\" src=\"https:\/\/ostrowskatv.pl\/wp-content\/uploads\/2026\/03\/1000130866.jpg\" alt=\"\" width=\"1365\" height=\"768\" srcset=\"https:\/\/ostrowskatv.pl\/wp-content\/uploads\/2026\/03\/1000130866.jpg 1365w, https:\/\/ostrowskatv.pl\/wp-content\/uploads\/2026\/03\/1000130866-300x169.jpg 300w, https:\/\/ostrowskatv.pl\/wp-content\/uploads\/2026\/03\/1000130866-1333x750.jpg 1333w\" sizes=\"auto, (max-width: 1365px) 100vw, 1365px\" \/><\/a><\/p>\n<p><a href=\"https:\/\/ostrowskatv.pl\/?attachment_id=37232\" rel=\"attachment wp-att-37232\"><img loading=\"lazy\" decoding=\"async\" class=\"alignnone size-full wp-image-37232\" src=\"https:\/\/ostrowskatv.pl\/wp-content\/uploads\/2026\/03\/1000130863.jpg\" alt=\"\" width=\"1365\" height=\"768\" srcset=\"https:\/\/ostrowskatv.pl\/wp-content\/uploads\/2026\/03\/1000130863.jpg 1365w, https:\/\/ostrowskatv.pl\/wp-content\/uploads\/2026\/03\/1000130863-300x169.jpg 300w, https:\/\/ostrowskatv.pl\/wp-content\/uploads\/2026\/03\/1000130863-1333x750.jpg 1333w\" sizes=\"auto, (max-width: 1365px) 100vw, 1365px\" \/><\/a><\/p>\n<p><a href=\"https:\/\/ostrowskatv.pl\/?attachment_id=37231\" rel=\"attachment wp-att-37231\"><img loading=\"lazy\" decoding=\"async\" class=\"alignnone size-full wp-image-37231\" src=\"https:\/\/ostrowskatv.pl\/wp-content\/uploads\/2026\/03\/1000130861.jpg\" alt=\"\" width=\"1366\" height=\"814\" srcset=\"https:\/\/ostrowskatv.pl\/wp-content\/uploads\/2026\/03\/1000130861.jpg 1366w, https:\/\/ostrowskatv.pl\/wp-content\/uploads\/2026\/03\/1000130861-300x179.jpg 300w, https:\/\/ostrowskatv.pl\/wp-content\/uploads\/2026\/03\/1000130861-1333x794.jpg 1333w\" sizes=\"auto, (max-width: 1366px) 100vw, 1366px\" \/><\/a><\/p>\n<p><a href=\"https:\/\/ostrowskatv.pl\/?attachment_id=37230\" rel=\"attachment wp-att-37230\"><img loading=\"lazy\" decoding=\"async\" class=\"alignnone size-full wp-image-37230\" src=\"https:\/\/ostrowskatv.pl\/wp-content\/uploads\/2026\/03\/1000130858.jpg\" alt=\"\" width=\"1366\" height=\"733\" srcset=\"https:\/\/ostrowskatv.pl\/wp-content\/uploads\/2026\/03\/1000130858.jpg 1366w, https:\/\/ostrowskatv.pl\/wp-content\/uploads\/2026\/03\/1000130858-300x161.jpg 300w, https:\/\/ostrowskatv.pl\/wp-content\/uploads\/2026\/03\/1000130858-1333x715.jpg 1333w\" sizes=\"auto, (max-width: 1366px) 100vw, 1366px\" \/><\/a><\/p>\n<p>&nbsp;<\/p>\n","protected":false},"excerpt":{"rendered":"Przed godzin\u0105 13.30 dosz\u0142o do zdarzenia drogowego na ulicy Wolno\u015bci, w rejonie numeru 5 w Ostrowie Wielkopolskiego. Kierowca samochodu osobowego Fiat Panda wyje\u017cd\u017caj\u0105c \n<a class=\"moretag\" href=\"https:\/\/ostrowskatv.pl\/?p=37234\"> [...]<\/a>","protected":false},"author":1,"featured_media":37230,"comment_status":"open","ping_status":"closed","sticky":false,"template":"","format":"standard","meta":{"footnotes":""},"categories":[1],"tags":[220],"class_list":["post-37234","post","type-post","status-publish","format-standard","has-post-thumbnail","hentry","category-news","tag-rower"],"_links":{"self":[{"href":"https:\/\/ostrowskatv.pl\/index.php?rest_route=\/wp\/v2\/posts\/37234","targetHints":{"allow":["GET"]}}],"collection":[{"href":"https:\/\/ostrowskatv.pl\/index.php?rest_route=\/wp\/v2\/posts"}],"about":[{"href":"https:\/\/ostrowskatv.pl\/index.php?rest_route=\/wp\/v2\/types\/post"}],"author":[{"embeddable":true,"href":"https:\/\/ostrowskatv.pl\/index.php?rest_route=\/wp\/v2\/users\/1"}],"replies":[{"embeddable":true,"href":"https:\/\/ostrowskatv.pl\/index.php?rest_route=%2Fwp%2Fv2%2Fcomments&post=37234"}],"version-history":[{"count":1,"href":"https:\/\/ostrowskatv.pl\/index.php?rest_route=\/wp\/v2\/posts\/37234\/revisions"}],"predecessor-version":[{"id":37235,"href":"https:\/\/ostrowskatv.pl\/index.php?rest_route=\/wp\/v2\/posts\/37234\/revisions\/37235"}],"wp:featuredmedia":[{"embeddable":true,"href":"https:\/\/ostrowskatv.pl\/index.php?rest_route=\/wp\/v2\/media\/37230"}],"wp:attachment":[{"href":"https:\/\/ostrowskatv.pl\/index.php?rest_route=%2Fwp%2Fv2%2Fmedia&parent=37234"}],"wp:term":[{"taxonomy":"category","embeddable":true,"href":"https:\/\/ostrowskatv.pl\/index.php?rest_route=%2Fwp%2Fv2%2Fcategories&post=37234"},{"taxonomy":"post_tag","embeddable":true,"href":"https:\/\/ostrowskatv.pl\/index.php?rest_route=%2Fwp%2Fv2%2Ftags&post=37234"}],"curies":[{"name":"wp","href":"https:\/\/api.w.org\/{rel}","templated":true}]}}