{"id":37220,"date":"2026-03-05T19:51:02","date_gmt":"2026-03-05T18:51:02","guid":{"rendered":"https:\/\/ostrowskatv.pl\/?p=37220"},"modified":"2026-03-05T19:51:02","modified_gmt":"2026-03-05T18:51:02","slug":"koniec-procesu-neonazisty-adriana-p","status":"publish","type":"post","link":"https:\/\/ostrowskatv.pl\/?p=37220","title":{"rendered":"Koniec procesu neonazisty Adriana P."},"content":{"rendered":"<p><strong>W S\u0105dzie Rejonowym w Ostrowie Wielkopolskim zako\u0144czy\u0142 si\u0119 proces przeciwko Adrianowi P., mieszka\u0144cowi Ostrowa Wielkopolskiego, okre\u015blanemu przez cz\u0119\u015b\u0107 \u015brodowisk jako neonazista. Podczas ostatniej rozprawy s\u0105d odtworzy\u0142 nagrania z kamer nasobnych policjant\u00f3w, a p\u00f3\u017aniej strony wyg\u0142osi\u0142y mowy ko\u0144cowe.<\/strong><\/p>\n<h3>O jakie czyny oskar\u017cono Adriana P.?<\/h3>\n<p>Akt oskar\u017cenia obejmuje kilka przest\u0119pstw z Kodeksu karnego:<\/p>\n<ul>\n<li><strong>Art. 190 kk<\/strong> \u2013 dotyczy <strong>kierowania gr\u00f3\u017ab karalnych<\/strong>, czyli gro\u017cenia innej osobie pope\u0142nieniem przest\u0119pstwa, co wzbudza u niej uzasadnion\u0105 obaw\u0119.<\/li>\n<li><strong>Art. 275 \u00a71 kk<\/strong> \u2013 m\u00f3wi o <strong>pos\u0142ugiwaniu si\u0119 cudzym dokumentem to\u017csamo\u015bci<\/strong> lub jego przyw\u0142aszczeniu.<\/li>\n<li><strong>Art. 278 \u00a72 kk<\/strong> \u2013 dotyczy <strong>kradzie\u017cy<\/strong>, w tym tak\u017ce przyw\u0142aszczenia cudzej rzeczy ruchomej.<\/li>\n<li><strong>Art. 241 \u00a71 kk<\/strong> \u2013 odnosi si\u0119 do <strong>ujawnienia bez zezwolenia informacji z post\u0119powania przygotowawczego<\/strong> zanim zostan\u0105 one przedstawione w s\u0105dzie.<\/li>\n<\/ul>\n<h3>Pe\u0142nomocnik oskar\u017cyciela: \u201eDowody jednoznacznie wskazuj\u0105 win\u0119\u201d<\/h3>\n<p>Prokurator przekonywa\u0142, \u017ce zgromadzony materia\u0142 dowodowy nie pozostawia w\u0105tpliwo\u015bci co do sprawstwa oskar\u017conego.<\/p>\n<blockquote><p>\u2013 Zgromadzony materia\u0142 dowodowy jednoznacznie wskazuje, \u017ce oskar\u017cony Adrian P. dopu\u015bci\u0142 si\u0119 zarzucanych mu w akcie oskar\u017cenia czyn\u00f3w \u2013 m\u00f3wi\u0142 w s\u0105dzie.<\/p><\/blockquote>\n<p>Podkre\u015bla\u0142 r\u00f3wnie\u017c, \u017ce w sprawie <strong>nie ma okoliczno\u015bci wy\u0142\u0105czaj\u0105cych bezprawno\u015b\u0107 ani karalno\u015b\u0107 czyn\u00f3w<\/strong>, a stopie\u0144 spo\u0142ecznej szkodliwo\u015bci nale\u017cy uzna\u0107 za wysoki. Jako okoliczno\u015b\u0107 obci\u0105\u017caj\u0105c\u0105 wskaza\u0142 <strong>uprzedni\u0105 karalno\u015b\u0107 oskar\u017conego za podobne przest\u0119pstwa<\/strong>.<\/p>\n<p>Pe\u0142nomocnik wni\u00f3s\u0142 o uznanie Adriana P. za winnego i wymierzenie nast\u0119puj\u0105cych kar:<\/p>\n<ul>\n<li>za gro\u017aby karalne \u2013 <strong>6 miesi\u0119cy pozbawienia wolno\u015bci<\/strong>,<\/li>\n<li>za przyw\u0142aszczenie dokumentu \u2013 <strong>1 rok pozbawienia wolno\u015bci<\/strong> oraz <strong>1000 z\u0142 nawi\u0105zki dla pokrzywdzonego<\/strong>,<\/li>\n<li>za kradzie\u017c \u2013 <strong>6 miesi\u0119cy pozbawienia wolno\u015bci<\/strong>,<\/li>\n<li>za ujawnienie informacji z post\u0119powania \u2013 <strong>6 miesi\u0119cy pozbawienia wolno\u015bci<\/strong>.<\/li>\n<\/ul>\n<p>\u0141\u0105cznie wni\u00f3s\u0142 o <strong>kar\u0119 1 roku i 6 miesi\u0119cy pozbawienia wolno\u015bci<\/strong>.<\/p>\n<p>Prokurator wskaza\u0142 r\u00f3wnie\u017c, \u017ce wyrok powinien pe\u0142ni\u0107 funkcj\u0119 wychowawcz\u0105 i <strong>kszta\u0142towa\u0107 \u015bwiadomo\u015b\u0107 spo\u0142eczn\u0105<\/strong>.<\/p>\n<p>Pe\u0142nomocnik pokrzywdzonego, adwokat Damian Grzeszczyk, wni\u00f3s\u0142 tak\u017ce o:<\/p>\n<ul>\n<li><strong>zakaz kontaktowania si\u0119 z pokrzywdzonym<\/strong>,<\/li>\n<li><strong>zakaz zbli\u017cania si\u0119 do niego na odleg\u0142o\u015b\u0107 mniejsz\u0105 ni\u017c 100 metr\u00f3w<\/strong>,<\/li>\n<li><strong>podanie wyroku do publicznej wiadomo\u015bci<\/strong>.<\/li>\n<\/ul>\n<h3>\u201eOskar\u017cony przyzna\u0142 si\u0119 wcze\u015bniej\u201d<\/h3>\n<p>Pe\u0142nomocnik pokrzywdzonego podkre\u015bla\u0142, \u017ce na wst\u0119pnym etapie post\u0119powania Adrian P. <strong>przyzna\u0142 si\u0119 do zarzucanych czyn\u00f3w<\/strong>, a p\u00f3\u017aniejsza linia obrony \u2013 jego zdaniem \u2013 zosta\u0142a przyj\u0119ta jedynie w celu z\u0142agodzenia ewentualnej kary.<\/p>\n<h3>Obro\u0144ca: \u201eMa\u0142o by\u0142o fakt\u00f3w\u201d<\/h3>\n<p>Zupe\u0142nie inaczej spraw\u0119 widzi obro\u0144ca oskar\u017conego. W swojej mowie ko\u0144cowej zarzuci\u0142 wcze\u015bniejszym wyst\u0105pieniom brak fakt\u00f3w.<\/p>\n<blockquote><p>\u2013 Ma\u0142o by\u0142o w poprzednich mowach ko\u0144cowych fakt\u00f3w \u2013 m\u00f3wi\u0142 adwokat.<\/p><\/blockquote>\n<p>Wed\u0142ug niego przyznanie si\u0119 Adriana P. do winy pad\u0142o w momencie, gdy powsta\u0142o porozumienie procesowe z prokuratorem, jednak p\u00f3\u017aniej pokrzywdzony mia\u0142 si\u0119 z tego uk\u0142adu wycofa\u0107.<\/p>\n<p>Obro\u0144ca podkre\u015bli\u0142, \u017ce jego klient <strong>cz\u0119\u015bciowo przyzna\u0142 si\u0119 jedynie do zabrania plecaka pokrzywdzonego<\/strong>, natomiast pozosta\u0142e zarzuty \u2013 w jego ocenie \u2013 nie zosta\u0142y udowodnione.<\/p>\n<h3>Sp\u00f3r o przebieg zdarzenia<\/h3>\n<p>Jednym z g\u0142\u00f3wnych punkt\u00f3w spornych jest zdarzenie z listopada 2023 roku. Wed\u0142ug pokrzywdzonego Adrian P. mia\u0142 mu grozi\u0107 i zachowywa\u0107 si\u0119 agresywnie. Oskar\u017cony twierdzi jednak, \u017ce to on zosta\u0142 sprowokowany i opluty.<\/p>\n<p>Obro\u0144ca powo\u0142a\u0142 si\u0119 na relacj\u0119 \u015bwiadka \u2013 pracownika obcego pochodzenia \u2013 kt\u00f3ry mia\u0142 widzie\u0107 zaj\u015bcie. Z jego relacji wynika\u0107 ma, \u017ce Adrian P. m\u00f3wi\u0142 pokrzywdzonemu, aby \u201eda\u0142 mu spok\u00f3j\u201d, a bardziej agresywn\u0105 postaw\u0119 mia\u0142 prezentowa\u0107 w\u0142a\u015bnie pokrzywdzony.<\/p>\n<blockquote><p>\u2013 Czy tak zachowuje si\u0119 osoba, kt\u00f3ra si\u0119 boi, czy raczej kto\u015b, kto d\u0105\u017cy do konfrontacji? \u2013 pyta\u0142 retorycznie obro\u0144ca.<\/p><\/blockquote>\n<h3>Nagrania z kamer policjant\u00f3w<\/h3>\n<p>Podczas rozprawy odtworzono nagrania z kamer nasobnych policjant\u00f3w, kt\u00f3rzy interweniowali na miejscu zdarzenia. Z nagra\u0144 \u2013 wed\u0142ug obrony \u2013 wynika, \u017ce funkcjonariusze <strong>uspokajali nie tylko oskar\u017conego, ale r\u00f3wnie\u017c pokrzywdzonego<\/strong>.<\/p>\n<p>Adwokat zwr\u00f3ci\u0142 te\u017c uwag\u0119, \u017ce dzie\u0144 wcze\u015bniej obaj m\u0119\u017cczy\u017ani spotkali si\u0119 podczas konfrontacji w innej sprawie, a pokrzywdzony mia\u0142 wiedzie\u0107, gdzie oskar\u017cony wykonuje zas\u0105dzone prace spo\u0142eczne.<\/p>\n<h3>Konflikt ideologiczny<\/h3>\n<p>Zdaniem obro\u0144cy mi\u0119dzy m\u0119\u017cczyznami istnieje <strong>d\u0142ugotrwa\u0142y konflikt o pod\u0142o\u017cu ideologicznym<\/strong>.<\/p>\n<blockquote><p>\u2013 Nie od tego jest s\u0105d, \u017ceby stwierdza\u0107, kt\u00f3ry z nich ideologicznie ma racj\u0119 \u2013 podkre\u015bli\u0142.<\/p><\/blockquote>\n<p>W jego ocenie zeznania pokrzywdzonego powinny by\u0107 analizowane bardzo ostro\u017cnie, poniewa\u017c pochodz\u0105 od osoby pozostaj\u0105cej w silnym konflikcie z oskar\u017conym.<\/p>\n<h3>Sp\u00f3r o ujawnienie informacji<\/h3>\n<p>Ostatni zarzut dotyczy ujawnienia informacji z post\u0119powania przygotowawczego. Obrona argumentuje, \u017ce wiadomo\u015b\u0107 zosta\u0142a wys\u0142ana <strong>tylko do jednej osoby<\/strong>, dlatego \u2013 zdaniem adwokata \u2013 czyn ten powinien by\u0107 kwalifikowany co najwy\u017cej jako wykroczenie.<\/p>\n<h3>Wniosek o uniewinnienie<\/h3>\n<p>Obro\u0144ca wni\u00f3s\u0142 o:<\/p>\n<ul>\n<li><strong>uznanie czynu zwi\u0105zanego z ujawnieniem informacji za wykroczenie<\/strong>,<\/li>\n<li><strong>uniewinnienie Adriana P. od pozosta\u0142ych trzech zarzut\u00f3w<\/strong>.<\/li>\n<\/ul>\n<blockquote><p>\u2013 Wiem, wysoki s\u0105dzie, \u017ce Adrian P. \u015bwi\u0119ty nie jest. Absolutnie. Histori\u0119 jego znamy. To jednak nie oznacza, \u017ce je\u015bli kto\u015b powie, \u017ce co\u015b zrobi\u0142 Adrian P., to znaczy, \u017ce rzeczywi\u015bcie tak by\u0142o \u2013 m\u00f3wi\u0142.<\/p><\/blockquote>\n<p>Jak podkre\u015bli\u0142, w procesie karnym je\u015bli istniej\u0105 <strong>dwie prawdopodobne wersje zdarze\u0144<\/strong>, nie mo\u017cna przyjmowa\u0107 tej mniej korzystnej dla oskar\u017conego.<\/p>\n<p>Wyrok w tej sprawie ma zosta\u0107 og\u0142oszony w p\u00f3\u017aniejszym terminie.<\/p>\n","protected":false},"excerpt":{"rendered":"W S\u0105dzie Rejonowym w Ostrowie Wielkopolskim zako\u0144czy\u0142 si\u0119 proces przeciwko Adrianowi P., mieszka\u0144cowi Ostrowa Wielkopolskiego, okre\u015blanemu przez cz\u0119\u015b\u0107 \u015brodowisk jako neonazista. Podczas ostatniej \n<a class=\"moretag\" href=\"https:\/\/ostrowskatv.pl\/?p=37220\"> [...]<\/a>","protected":false},"author":1,"featured_media":35983,"comment_status":"open","ping_status":"closed","sticky":false,"template":"","format":"standard","meta":{"footnotes":""},"categories":[1],"tags":[],"class_list":["post-37220","post","type-post","status-publish","format-standard","has-post-thumbnail","hentry","category-news"],"_links":{"self":[{"href":"https:\/\/ostrowskatv.pl\/index.php?rest_route=\/wp\/v2\/posts\/37220","targetHints":{"allow":["GET"]}}],"collection":[{"href":"https:\/\/ostrowskatv.pl\/index.php?rest_route=\/wp\/v2\/posts"}],"about":[{"href":"https:\/\/ostrowskatv.pl\/index.php?rest_route=\/wp\/v2\/types\/post"}],"author":[{"embeddable":true,"href":"https:\/\/ostrowskatv.pl\/index.php?rest_route=\/wp\/v2\/users\/1"}],"replies":[{"embeddable":true,"href":"https:\/\/ostrowskatv.pl\/index.php?rest_route=%2Fwp%2Fv2%2Fcomments&post=37220"}],"version-history":[{"count":1,"href":"https:\/\/ostrowskatv.pl\/index.php?rest_route=\/wp\/v2\/posts\/37220\/revisions"}],"predecessor-version":[{"id":37221,"href":"https:\/\/ostrowskatv.pl\/index.php?rest_route=\/wp\/v2\/posts\/37220\/revisions\/37221"}],"wp:featuredmedia":[{"embeddable":true,"href":"https:\/\/ostrowskatv.pl\/index.php?rest_route=\/wp\/v2\/media\/35983"}],"wp:attachment":[{"href":"https:\/\/ostrowskatv.pl\/index.php?rest_route=%2Fwp%2Fv2%2Fmedia&parent=37220"}],"wp:term":[{"taxonomy":"category","embeddable":true,"href":"https:\/\/ostrowskatv.pl\/index.php?rest_route=%2Fwp%2Fv2%2Fcategories&post=37220"},{"taxonomy":"post_tag","embeddable":true,"href":"https:\/\/ostrowskatv.pl\/index.php?rest_route=%2Fwp%2Fv2%2Ftags&post=37220"}],"curies":[{"name":"wp","href":"https:\/\/api.w.org\/{rel}","templated":true}]}}