{"id":372,"date":"2016-02-16T21:51:36","date_gmt":"2016-02-16T20:51:36","guid":{"rendered":"http:\/\/ostrowska.tv\/?p=372"},"modified":"2016-02-16T21:51:36","modified_gmt":"2016-02-16T20:51:36","slug":"wraca-temat-cok-ow-miasto-namowi-radnych","status":"publish","type":"post","link":"https:\/\/ostrowskatv.pl\/?p=372","title":{"rendered":"Wraca temat COK-\u00f3w. Miasto nam\u00f3wi radnych?"},"content":{"rendered":"<p><strong>Pod koniec ubieg\u0142ego roku w\u0142adze miasta proponowa\u0142y przeniesienie COK-\u00f3w z Holdikomu do Wodkanu, ale sprzeciwili si\u0119 temu radni. Wiele wskazuje na to, \u017ce temat powr\u00f3ci w najbli\u017cszym czasie.<\/strong><\/p>\n<p>Sp\u00f3\u0142ki Holdikom teoretycznie ju\u017c nie ma. W jej miejsce zosta\u0142 powo\u0142any nowy tw\u00f3r \u2013 Centrum Rozwoju Komunalnego, kt\u00f3re ma ju\u017c swojego prezesa Marka Kolasi\u0144skiego. Sp\u00f3\u0142ka przedstawi\u0142a w poniedzia\u0142ek cele i plan dzia\u0142ania. Do rozwi\u0105zania b\u0119dzie mie\u0107 wkr\u00f3tce jeszcze jedn\u0105 kwesti\u0119.<\/p>\n<p>Chodzi o COK-i, czyli Centra Obs\u0142ugi Klienta. Podczas Sesji Rady Miejskiej w listopadzie ten temat wzbudzi\u0142 kontrowersje. Miasto chcia\u0142o przenie\u015b\u0107 te punkty z Holdikomu do Wodkanu, ale zgody nie wyrazili na to radni Platformy Obywatelskiej.<\/p>\n<p>Jak wtedy przekonywali, nie zosta\u0142y im przedstawione \u017cadne alternatywne propozycje wraz z ich kosztami. W ich ocenie nale\u017ca\u0142o si\u0119 zwr\u00f3ci\u0107 mi\u0119dzy innymi do bank\u00f3w, kt\u00f3re posiadaj\u0105 swoje oddzia\u0142y na terenie miasta. Zaproponowano jednak tylko Wodkan nie por\u00f3wnuj\u0105c jego oferty z innymi podmiotami.<\/p>\n<p>Holdikomu teoretycznie nie ma, wi\u0119c kwesti\u0119 COK-\u00f3w przejmuje jego nast\u0119pca, czyli CRK. W\u0142adzom miasta ta sytuacja si\u0119 nie podoba. &#8211;<em> Z ca\u0142\u0105 pewno\u015bci\u0105 b\u0119dziemy namawia\u0107 Rad\u0119 Miejsk\u0105 na wy\u0142\u0105cznie COK-\u00f3w z Centrum Rozwoju Komunalnego. Uwa\u017camy, \u017ce one powinny by\u0107 w strukturze organizacyjnej naszego Wodkanu, kt\u00f3ry jest do tego przygotowany pod wieloma wzgl\u0119dami. Ta decyzja wydaje si\u0119 nam logiczna. Postaramy si\u0119 ten temat jeszcze raz przedyskutowa\u0107, przemawiaj\u0105c odpowiednie argumenty. CRK ma postawione przed sob\u0105 zupe\u0142nie inne zadania i COK-i powinny znale\u017a\u0107 si\u0119 w zwi\u0105zku z tym w Wodkanie<\/em> \u2013 wyja\u015bnia prezydent Ostrowa Wielkopolskiego <strong>Beata Klimek<\/strong>.<\/p>\n<p>Czy w\u0142adze miasta maj\u0105 w tej sprawie racj\u0119? Czy radni powinni tym razem poprze\u0107 ich propozycj\u0119? Zach\u0119camy do dyskusji w komentarzach.<\/p>\n","protected":false},"excerpt":{"rendered":"Pod koniec ubieg\u0142ego roku w\u0142adze miasta proponowa\u0142y przeniesienie COK-\u00f3w z Holdikomu do Wodkanu, ale sprzeciwili si\u0119 temu radni. Wiele wskazuje na to, \u017ce \n<a class=\"moretag\" href=\"https:\/\/ostrowskatv.pl\/?p=372\"> [...]<\/a>","protected":false},"author":1,"featured_media":76,"comment_status":"open","ping_status":"open","sticky":false,"template":"","format":"standard","meta":{"footnotes":""},"categories":[1],"tags":[46],"class_list":["post-372","post","type-post","status-publish","format-standard","has-post-thumbnail","hentry","category-news","tag-crk"],"_links":{"self":[{"href":"https:\/\/ostrowskatv.pl\/index.php?rest_route=\/wp\/v2\/posts\/372","targetHints":{"allow":["GET"]}}],"collection":[{"href":"https:\/\/ostrowskatv.pl\/index.php?rest_route=\/wp\/v2\/posts"}],"about":[{"href":"https:\/\/ostrowskatv.pl\/index.php?rest_route=\/wp\/v2\/types\/post"}],"author":[{"embeddable":true,"href":"https:\/\/ostrowskatv.pl\/index.php?rest_route=\/wp\/v2\/users\/1"}],"replies":[{"embeddable":true,"href":"https:\/\/ostrowskatv.pl\/index.php?rest_route=%2Fwp%2Fv2%2Fcomments&post=372"}],"version-history":[{"count":0,"href":"https:\/\/ostrowskatv.pl\/index.php?rest_route=\/wp\/v2\/posts\/372\/revisions"}],"wp:featuredmedia":[{"embeddable":true,"href":"https:\/\/ostrowskatv.pl\/index.php?rest_route=\/wp\/v2\/media\/76"}],"wp:attachment":[{"href":"https:\/\/ostrowskatv.pl\/index.php?rest_route=%2Fwp%2Fv2%2Fmedia&parent=372"}],"wp:term":[{"taxonomy":"category","embeddable":true,"href":"https:\/\/ostrowskatv.pl\/index.php?rest_route=%2Fwp%2Fv2%2Fcategories&post=372"},{"taxonomy":"post_tag","embeddable":true,"href":"https:\/\/ostrowskatv.pl\/index.php?rest_route=%2Fwp%2Fv2%2Ftags&post=372"}],"curies":[{"name":"wp","href":"https:\/\/api.w.org\/{rel}","templated":true}]}}