{"id":37193,"date":"2026-03-02T14:18:16","date_gmt":"2026-03-02T13:18:16","guid":{"rendered":"https:\/\/ostrowskatv.pl\/?p=37193"},"modified":"2026-03-02T14:18:16","modified_gmt":"2026-03-02T13:18:16","slug":"pozar-w-mieszkaniu-przy-ul-szkolnej-zdjecia","status":"publish","type":"post","link":"https:\/\/ostrowskatv.pl\/?p=37193","title":{"rendered":"Po\u017car w mieszkaniu przy ul. Szkolnej (ZDJ\u0118CIA)"},"content":{"rendered":"<p><strong><span style=\"font-size: 1rem;\">Do gro\u017anie wygl\u0105daj\u0105cego po\u017caru dosz\u0142o przed godzin\u0105 13 w jednym z blok\u00f3w przy ulicy Szkolnej w Ostr\u00f3w Wielkopolski. Ogie\u0144 pojawi\u0142 si\u0119 w mieszkaniu na trzecim pi\u0119trze budynku wielorodzinnego.<\/span><\/strong><\/p>\n<p>Z ustale\u0144 wynika, \u017ce po\u017car by\u0142 zlokalizowany w kuchni. Na miejsce natychmiast skierowano s\u0142u\u017cby ratunkowe. Jeszcze przed przybyciem stra\u017cy po\u017carnej trzech lokator\u00f3w zosta\u0142o ewakuowanych przez policjant\u00f3w. Na szcz\u0119\u015bcie w zdarzeniu nikt nie ucierpia\u0142.<\/p>\n<p>Stra\u017cacy szybko opanowali sytuacj\u0119, gasz\u0105c ogie\u0144 oraz przewietrzaj\u0105c zadymione pomieszczenia. Dzi\u0119ki sprawnej akcji ratunkowej nie dosz\u0142o do rozprzestrzenienia si\u0119 po\u017caru na inne cz\u0119\u015bci budynku.<\/p>\n<p>Wst\u0119pne ustalenia wskazuj\u0105, \u017ce przyczyn\u0105 pojawienia si\u0119 ognia mog\u0142o by\u0107 wyposa\u017cenie kuchni. Dok\u0142adne okoliczno\u015bci zdarzenia b\u0119d\u0105 wyja\u015bniane.<\/p>\n<p><a href=\"https:\/\/ostrowskatv.pl\/?attachment_id=37194\" rel=\"attachment wp-att-37194\"><img loading=\"lazy\" decoding=\"async\" src=\"https:\/\/ostrowskatv.pl\/wp-content\/uploads\/2026\/03\/1000129659.jpg\" alt=\"\" width=\"1366\" height=\"769\" class=\"alignnone size-full wp-image-37194\" srcset=\"https:\/\/ostrowskatv.pl\/wp-content\/uploads\/2026\/03\/1000129659.jpg 1366w, https:\/\/ostrowskatv.pl\/wp-content\/uploads\/2026\/03\/1000129659-300x169.jpg 300w, https:\/\/ostrowskatv.pl\/wp-content\/uploads\/2026\/03\/1000129659-1333x750.jpg 1333w\" sizes=\"auto, (max-width: 1366px) 100vw, 1366px\" \/><\/a><\/p>\n<p><a href=\"https:\/\/ostrowskatv.pl\/?attachment_id=37195\" rel=\"attachment wp-att-37195\"><img loading=\"lazy\" decoding=\"async\" src=\"https:\/\/ostrowskatv.pl\/wp-content\/uploads\/2026\/03\/1000129658.jpg\" alt=\"\" width=\"1366\" height=\"647\" class=\"alignnone size-full wp-image-37195\" srcset=\"https:\/\/ostrowskatv.pl\/wp-content\/uploads\/2026\/03\/1000129658.jpg 1366w, https:\/\/ostrowskatv.pl\/wp-content\/uploads\/2026\/03\/1000129658-300x142.jpg 300w, https:\/\/ostrowskatv.pl\/wp-content\/uploads\/2026\/03\/1000129658-1333x631.jpg 1333w\" sizes=\"auto, (max-width: 1366px) 100vw, 1366px\" \/><\/a><\/p>\n<p><a href=\"https:\/\/ostrowskatv.pl\/?attachment_id=37196\" rel=\"attachment wp-att-37196\"><img loading=\"lazy\" decoding=\"async\" src=\"https:\/\/ostrowskatv.pl\/wp-content\/uploads\/2026\/03\/1000129657.jpg\" alt=\"\" width=\"1366\" height=\"769\" class=\"alignnone size-full wp-image-37196\" srcset=\"https:\/\/ostrowskatv.pl\/wp-content\/uploads\/2026\/03\/1000129657.jpg 1366w, https:\/\/ostrowskatv.pl\/wp-content\/uploads\/2026\/03\/1000129657-300x169.jpg 300w, https:\/\/ostrowskatv.pl\/wp-content\/uploads\/2026\/03\/1000129657-1333x750.jpg 1333w\" sizes=\"auto, (max-width: 1366px) 100vw, 1366px\" \/><\/a><\/p>\n<p><a href=\"https:\/\/ostrowskatv.pl\/?attachment_id=37197\" rel=\"attachment wp-att-37197\"><img loading=\"lazy\" decoding=\"async\" src=\"https:\/\/ostrowskatv.pl\/wp-content\/uploads\/2026\/03\/1000129656.jpg\" alt=\"\" width=\"1366\" height=\"738\" class=\"alignnone size-full wp-image-37197\" srcset=\"https:\/\/ostrowskatv.pl\/wp-content\/uploads\/2026\/03\/1000129656.jpg 1366w, https:\/\/ostrowskatv.pl\/wp-content\/uploads\/2026\/03\/1000129656-300x162.jpg 300w, https:\/\/ostrowskatv.pl\/wp-content\/uploads\/2026\/03\/1000129656-1333x720.jpg 1333w\" sizes=\"auto, (max-width: 1366px) 100vw, 1366px\" \/><\/a><\/p>\n","protected":false},"excerpt":{"rendered":"Do gro\u017anie wygl\u0105daj\u0105cego po\u017caru dosz\u0142o przed godzin\u0105 13 w jednym z blok\u00f3w przy ulicy Szkolnej w Ostr\u00f3w Wielkopolski. Ogie\u0144 pojawi\u0142 si\u0119 w mieszkaniu \n<a class=\"moretag\" href=\"https:\/\/ostrowskatv.pl\/?p=37193\"> [...]<\/a>","protected":false},"author":1,"featured_media":37196,"comment_status":"open","ping_status":"closed","sticky":false,"template":"","format":"standard","meta":{"footnotes":""},"categories":[1],"tags":[2],"class_list":["post-37193","post","type-post","status-publish","format-standard","has-post-thumbnail","hentry","category-news","tag-ostrow-wielkopolski"],"_links":{"self":[{"href":"https:\/\/ostrowskatv.pl\/index.php?rest_route=\/wp\/v2\/posts\/37193","targetHints":{"allow":["GET"]}}],"collection":[{"href":"https:\/\/ostrowskatv.pl\/index.php?rest_route=\/wp\/v2\/posts"}],"about":[{"href":"https:\/\/ostrowskatv.pl\/index.php?rest_route=\/wp\/v2\/types\/post"}],"author":[{"embeddable":true,"href":"https:\/\/ostrowskatv.pl\/index.php?rest_route=\/wp\/v2\/users\/1"}],"replies":[{"embeddable":true,"href":"https:\/\/ostrowskatv.pl\/index.php?rest_route=%2Fwp%2Fv2%2Fcomments&post=37193"}],"version-history":[{"count":1,"href":"https:\/\/ostrowskatv.pl\/index.php?rest_route=\/wp\/v2\/posts\/37193\/revisions"}],"predecessor-version":[{"id":37198,"href":"https:\/\/ostrowskatv.pl\/index.php?rest_route=\/wp\/v2\/posts\/37193\/revisions\/37198"}],"wp:featuredmedia":[{"embeddable":true,"href":"https:\/\/ostrowskatv.pl\/index.php?rest_route=\/wp\/v2\/media\/37196"}],"wp:attachment":[{"href":"https:\/\/ostrowskatv.pl\/index.php?rest_route=%2Fwp%2Fv2%2Fmedia&parent=37193"}],"wp:term":[{"taxonomy":"category","embeddable":true,"href":"https:\/\/ostrowskatv.pl\/index.php?rest_route=%2Fwp%2Fv2%2Fcategories&post=37193"},{"taxonomy":"post_tag","embeddable":true,"href":"https:\/\/ostrowskatv.pl\/index.php?rest_route=%2Fwp%2Fv2%2Ftags&post=37193"}],"curies":[{"name":"wp","href":"https:\/\/api.w.org\/{rel}","templated":true}]}}