{"id":37191,"date":"2026-03-02T11:02:20","date_gmt":"2026-03-02T10:02:20","guid":{"rendered":"https:\/\/ostrowskatv.pl\/?p=37191"},"modified":"2026-03-02T11:02:20","modified_gmt":"2026-03-02T10:02:20","slug":"mercedesem-roztrzaskal-tyl-busa-zdjecia","status":"publish","type":"post","link":"https:\/\/ostrowskatv.pl\/?p=37191","title":{"rendered":"Mercedesem roztrzaska\u0142 ty\u0142 busa (ZDJ\u0118CIA)"},"content":{"rendered":"<p><strong>Po d\u0142ugiej przerwie dosz\u0142o do kolejnego gro\u017anego zdarzenia na skrzy\u017cowaniu przy Galerii Ostrovia. Dojrza\u0142y wiekiem kierowca Mercedesa jecha\u0142 z pr\u0119dko\u015bci\u0105 oko\u0142o 80 km\/h i nie dostrzeg\u0142 hamowania jad\u0105cego przed nim busa. <\/strong><\/p>\n<p>W osob\u00f3wce roztrzaskany zosta\u0142 ca\u0142y prz\u00f3d, a bus mia\u0142 mocno uszkodzony ty\u0142. Obaj kierowcy pomimo pewnych dolegliwo\u015bci b\u00f3lowych zdecydowali si\u0119 nie wzywa\u0107 ani policji ani te\u017c karetki pogotowia ratunkowego.<\/p>\n<p><a href=\"https:\/\/ostrowskatv.pl\/?attachment_id=37190\" rel=\"attachment wp-att-37190\"><img loading=\"lazy\" decoding=\"async\" src=\"https:\/\/ostrowskatv.pl\/wp-content\/uploads\/2026\/03\/1000129579.jpg\" alt=\"\" width=\"1366\" height=\"994\" class=\"alignnone size-full wp-image-37190\" srcset=\"https:\/\/ostrowskatv.pl\/wp-content\/uploads\/2026\/03\/1000129579.jpg 1366w, https:\/\/ostrowskatv.pl\/wp-content\/uploads\/2026\/03\/1000129579-300x218.jpg 300w, https:\/\/ostrowskatv.pl\/wp-content\/uploads\/2026\/03\/1000129579-1333x970.jpg 1333w\" sizes=\"auto, (max-width: 1366px) 100vw, 1366px\" \/><\/a><\/p>\n<p><a href=\"https:\/\/ostrowskatv.pl\/?attachment_id=37189\" rel=\"attachment wp-att-37189\"><img loading=\"lazy\" decoding=\"async\" src=\"https:\/\/ostrowskatv.pl\/wp-content\/uploads\/2026\/03\/1000129580.jpg\" alt=\"\" width=\"1366\" height=\"905\" class=\"alignnone size-full wp-image-37189\" srcset=\"https:\/\/ostrowskatv.pl\/wp-content\/uploads\/2026\/03\/1000129580.jpg 1366w, https:\/\/ostrowskatv.pl\/wp-content\/uploads\/2026\/03\/1000129580-300x199.jpg 300w, https:\/\/ostrowskatv.pl\/wp-content\/uploads\/2026\/03\/1000129580-1333x883.jpg 1333w\" sizes=\"auto, (max-width: 1366px) 100vw, 1366px\" \/><\/a><\/p>\n<p><a href=\"https:\/\/ostrowskatv.pl\/?attachment_id=37188\" rel=\"attachment wp-att-37188\"><img loading=\"lazy\" decoding=\"async\" src=\"https:\/\/ostrowskatv.pl\/wp-content\/uploads\/2026\/03\/1000129581.jpg\" alt=\"\" width=\"1366\" height=\"772\" class=\"alignnone size-full wp-image-37188\" srcset=\"https:\/\/ostrowskatv.pl\/wp-content\/uploads\/2026\/03\/1000129581.jpg 1366w, https:\/\/ostrowskatv.pl\/wp-content\/uploads\/2026\/03\/1000129581-300x170.jpg 300w, https:\/\/ostrowskatv.pl\/wp-content\/uploads\/2026\/03\/1000129581-1333x753.jpg 1333w, https:\/\/ostrowskatv.pl\/wp-content\/uploads\/2026\/03\/1000129581-388x220.jpg 388w\" sizes=\"auto, (max-width: 1366px) 100vw, 1366px\" \/><\/a><\/p>\n<p><a href=\"https:\/\/ostrowskatv.pl\/?attachment_id=37187\" rel=\"attachment wp-att-37187\"><img loading=\"lazy\" decoding=\"async\" src=\"https:\/\/ostrowskatv.pl\/wp-content\/uploads\/2026\/03\/1000129588.jpg\" alt=\"\" width=\"1366\" height=\"769\" class=\"alignnone size-full wp-image-37187\" srcset=\"https:\/\/ostrowskatv.pl\/wp-content\/uploads\/2026\/03\/1000129588.jpg 1366w, https:\/\/ostrowskatv.pl\/wp-content\/uploads\/2026\/03\/1000129588-300x169.jpg 300w, https:\/\/ostrowskatv.pl\/wp-content\/uploads\/2026\/03\/1000129588-1333x750.jpg 1333w\" sizes=\"auto, (max-width: 1366px) 100vw, 1366px\" \/><\/a><\/p>\n<p><a href=\"https:\/\/ostrowskatv.pl\/?attachment_id=37186\" rel=\"attachment wp-att-37186\"><img loading=\"lazy\" decoding=\"async\" src=\"https:\/\/ostrowskatv.pl\/wp-content\/uploads\/2026\/03\/1000129589.jpg\" alt=\"\" width=\"1366\" height=\"823\" class=\"alignnone size-full wp-image-37186\" srcset=\"https:\/\/ostrowskatv.pl\/wp-content\/uploads\/2026\/03\/1000129589.jpg 1366w, https:\/\/ostrowskatv.pl\/wp-content\/uploads\/2026\/03\/1000129589-300x181.jpg 300w, https:\/\/ostrowskatv.pl\/wp-content\/uploads\/2026\/03\/1000129589-1333x803.jpg 1333w\" sizes=\"auto, (max-width: 1366px) 100vw, 1366px\" \/><\/a><\/p>\n<p><a href=\"https:\/\/ostrowskatv.pl\/?attachment_id=37185\" rel=\"attachment wp-att-37185\"><img loading=\"lazy\" decoding=\"async\" src=\"https:\/\/ostrowskatv.pl\/wp-content\/uploads\/2026\/03\/1000129594.jpg\" alt=\"\" width=\"1365\" height=\"828\" class=\"alignnone size-full wp-image-37185\" srcset=\"https:\/\/ostrowskatv.pl\/wp-content\/uploads\/2026\/03\/1000129594.jpg 1365w, https:\/\/ostrowskatv.pl\/wp-content\/uploads\/2026\/03\/1000129594-300x182.jpg 300w, https:\/\/ostrowskatv.pl\/wp-content\/uploads\/2026\/03\/1000129594-1333x809.jpg 1333w\" sizes=\"auto, (max-width: 1365px) 100vw, 1365px\" \/><\/a><\/p>\n<p><a href=\"https:\/\/ostrowskatv.pl\/?attachment_id=37184\" rel=\"attachment wp-att-37184\"><img loading=\"lazy\" decoding=\"async\" src=\"https:\/\/ostrowskatv.pl\/wp-content\/uploads\/2026\/03\/1000129595.jpg\" alt=\"\" width=\"768\" height=\"1365\" class=\"alignnone size-full wp-image-37184\" srcset=\"https:\/\/ostrowskatv.pl\/wp-content\/uploads\/2026\/03\/1000129595.jpg 768w, https:\/\/ostrowskatv.pl\/wp-content\/uploads\/2026\/03\/1000129595-169x300.jpg 169w, https:\/\/ostrowskatv.pl\/wp-content\/uploads\/2026\/03\/1000129595-750x1333.jpg 750w\" sizes=\"auto, (max-width: 768px) 100vw, 768px\" \/><\/a> <\/p>\n","protected":false},"excerpt":{"rendered":"Po d\u0142ugiej przerwie dosz\u0142o do kolejnego gro\u017anego zdarzenia na skrzy\u017cowaniu przy Galerii Ostrovia. Dojrza\u0142y wiekiem kierowca Mercedesa jecha\u0142 z pr\u0119dko\u015bci\u0105 oko\u0142o 80 km\/h \n<a class=\"moretag\" href=\"https:\/\/ostrowskatv.pl\/?p=37191\"> [...]<\/a>","protected":false},"author":1,"featured_media":37187,"comment_status":"open","ping_status":"closed","sticky":false,"template":"","format":"standard","meta":{"footnotes":""},"categories":[1],"tags":[2],"class_list":["post-37191","post","type-post","status-publish","format-standard","has-post-thumbnail","hentry","category-news","tag-ostrow-wielkopolski"],"_links":{"self":[{"href":"https:\/\/ostrowskatv.pl\/index.php?rest_route=\/wp\/v2\/posts\/37191","targetHints":{"allow":["GET"]}}],"collection":[{"href":"https:\/\/ostrowskatv.pl\/index.php?rest_route=\/wp\/v2\/posts"}],"about":[{"href":"https:\/\/ostrowskatv.pl\/index.php?rest_route=\/wp\/v2\/types\/post"}],"author":[{"embeddable":true,"href":"https:\/\/ostrowskatv.pl\/index.php?rest_route=\/wp\/v2\/users\/1"}],"replies":[{"embeddable":true,"href":"https:\/\/ostrowskatv.pl\/index.php?rest_route=%2Fwp%2Fv2%2Fcomments&post=37191"}],"version-history":[{"count":1,"href":"https:\/\/ostrowskatv.pl\/index.php?rest_route=\/wp\/v2\/posts\/37191\/revisions"}],"predecessor-version":[{"id":37192,"href":"https:\/\/ostrowskatv.pl\/index.php?rest_route=\/wp\/v2\/posts\/37191\/revisions\/37192"}],"wp:featuredmedia":[{"embeddable":true,"href":"https:\/\/ostrowskatv.pl\/index.php?rest_route=\/wp\/v2\/media\/37187"}],"wp:attachment":[{"href":"https:\/\/ostrowskatv.pl\/index.php?rest_route=%2Fwp%2Fv2%2Fmedia&parent=37191"}],"wp:term":[{"taxonomy":"category","embeddable":true,"href":"https:\/\/ostrowskatv.pl\/index.php?rest_route=%2Fwp%2Fv2%2Fcategories&post=37191"},{"taxonomy":"post_tag","embeddable":true,"href":"https:\/\/ostrowskatv.pl\/index.php?rest_route=%2Fwp%2Fv2%2Ftags&post=37191"}],"curies":[{"name":"wp","href":"https:\/\/api.w.org\/{rel}","templated":true}]}}