{"id":37000,"date":"2026-01-29T13:32:36","date_gmt":"2026-01-29T12:32:36","guid":{"rendered":"https:\/\/ostrowskatv.pl\/?p=37000"},"modified":"2026-01-29T13:54:10","modified_gmt":"2026-01-29T12:54:10","slug":"dziewczynka-krecila-kotem-matka-nagrywala-wyrok-sadu","status":"publish","type":"post","link":"https:\/\/ostrowskatv.pl\/?p=37000","title":{"rendered":"Dziewczynka kr\u0119ci\u0142a kotem, matka nagrywa\u0142a. Wyrok s\u0105du"},"content":{"rendered":"<p><span style=\"font-size: 1rem;\">Dzi\u015b w S\u0105dzie Rejonowym w Ostrowie Wielkopolskim zapad\u0142 wyrok w g\u0142o\u015bnej sprawie dotycz\u0105cej zn\u0119cania si\u0119 nad zwierz\u0119ciem. Mieszkanka Ostrowa Wielkopolskiego zosta\u0142a uznana za winn\u0105 tego, \u017ce nie reagowa\u0142a na dr\u0119czenie kota przez w\u0142asne dziecko. S\u0105d wymierzy\u0142 jej kar\u0119 <\/span><strong style=\"font-size: 1rem;\">6 miesi\u0119cy pozbawienia wolno\u015bci z warunkowym zawieszeniem na 3 lata<\/strong><span style=\"font-size: 1rem;\">, obj\u0105\u0142 j\u0105 <\/span><strong style=\"font-size: 1rem;\">okresem pr\u00f3by pod dozorem kuratora<\/strong><span style=\"font-size: 1rem;\">, orzek\u0142 <\/span><strong style=\"font-size: 1rem;\">zakaz posiadania wszelkich zwierz\u0105t na 6 lat<\/strong><span style=\"font-size: 1rem;\"> oraz nakaza\u0142 zap\u0142at\u0119 <\/span><strong style=\"font-size: 1rem;\">nawi\u0105zki w wysoko\u015bci 4 tysi\u0119cy z\u0142otych na rzecz organizacji Help Animals z Kalisza<\/strong><span style=\"font-size: 1rem;\">.<\/span><\/p>\n<h3>Wstrz\u0105saj\u0105ce nagrania w mediach spo\u0142eczno\u015bciowych<\/h3>\n<p>Sprawa wysz\u0142a na jaw niemal rok temu, gdy <strong>27 marca<\/strong> w mediach spo\u0142eczno\u015bciowych pojawi\u0142y si\u0119 nagrania, kt\u00f3re wywo\u0142a\u0142y fal\u0119 oburzenia internaut\u00f3w. Na pierwszym filmie wida\u0107 ma\u0142\u0105 dziewczynk\u0119, kt\u00f3ra trzyma kota za tylne \u0142apki i obraca nim w powietrzu. Ca\u0142\u0105 sytuacj\u0119 nagrywa matka dziecka. Kobieta pocz\u0105tkowo \u015bmieje si\u0119, a nast\u0119pnie m\u00f3wi: <em>\u201ePu\u015b\u0107 go, dziecko kochane\u201d<\/em>, jednak nie podejmuje \u017cadnych dzia\u0142a\u0144, by przerwa\u0107 cierpienie zwierz\u0119cia.<\/p>\n<p>Na kolejnym nagraniu dziewczynka wrzuca kota do basenu z kulkami. Zwierz\u0119 ucieka, lecz po chwili ponownie zostaje z\u0142apane. Materia\u0142y bardzo szybko obieg\u0142y internet, a reakcja s\u0142u\u017cb by\u0142a natychmiastowa.<\/p>\n<h3>Interwencja s\u0142u\u017cb i dramatyczny stan zwierz\u0119cia<\/h3>\n<p>Jeszcze tego samego dnia na miejscu pojawi\u0142 si\u0119 <strong>Powiatowy Lekarz Weterynarii w asy\u015bcie policji<\/strong>. Kot zosta\u0142 odebrany rodzinie i przekazany pod opiek\u0119 schroniska w <strong>Wysocku Wielkim<\/strong>. Pracownicy plac\u00f3wki ujawnili wstrz\u0105saj\u0105ce szczeg\u00f3\u0142y dotycz\u0105ce stanu zwierz\u0119cia.<\/p>\n<p>\u2013 Na jego sier\u015bci znaleziono <strong>stary klej<\/strong>, a w <strong>dw\u00f3ch miejscach sier\u015b\u0107 by\u0142a wyci\u0119ta no\u017cyczkami<\/strong>. Mo\u017ce to \u015bwiadczy\u0107 o tym, \u017ce do zn\u0119cania si\u0119 nad kotem dochodzi\u0142o ju\u017c wcze\u015bniej \u2013 informowali pracownicy schroniska.<\/p>\n<p>Jak si\u0119 okaza\u0142o, by\u0142 to zaledwie <strong>pi\u0119ciomiesi\u0119czny kociak<\/strong>, obola\u0142y i skrajnie przestraszony. Wed\u0142ug informacji przekazanych w toku sprawy, zwierz\u0119 mia\u0142o r\u00f3wnie\u017c <strong>uszkodzony kr\u0119gos\u0142up<\/strong>.<\/p>\n<h3>Matka przeprasza, ale chcia\u0142a odzyska\u0107 kota<\/h3>\n<p>Matka dziewczynki nie chcia\u0142a wyst\u0119powa\u0107 przed kamer\u0105, jednak w rozmowie z dziennikark\u0105 telewizyjn\u0105 przyzna\u0142a, \u017ce przeprasza za zachowanie dziecka. \u2013 <em>To wysz\u0142o niechc\u0105cy. Naprawd\u0119 nie chcia\u0142am. Przepraszam za c\u00f3rk\u0119<\/em> \u2013 m\u00f3wi\u0142a. Zaznacza\u0142a r\u00f3wnie\u017c, \u017ce chcia\u0142aby, aby kot wr\u00f3ci\u0142 do jej domu.<\/p>\n<p>S\u0105d nie podzieli\u0142 jednak tego stanowiska. Zakaz posiadania zwierz\u0105t jasno pokazuje, \u017ce \u2013 zdaniem wymiaru sprawiedliwo\u015bci \u2013 dobro zwierz\u0119cia musi mie\u0107 w tej sprawie absolutny priorytet.<\/p>\n<h3>Kot bezpieczny, sprawa ma wymiar spo\u0142eczny<\/h3>\n<p>Obecnie kot przebywa u <strong>pa\u0144stwa Marzenny i W\u0142odzimierza Nowak<\/strong>, gdzie \u2013 jak wynika ze zdj\u0119\u0107 i relacji \u2013 odzyskuje spok\u00f3j i poczucie bezpiecze\u0144stwa.<\/p>\n<p><a href=\"https:\/\/ostrowskatv.pl\/?attachment_id=37001\" rel=\"attachment wp-att-37001\"><img loading=\"lazy\" decoding=\"async\" class=\"alignnone size-full wp-image-37001\" src=\"https:\/\/ostrowskatv.pl\/wp-content\/uploads\/2026\/01\/Messenger_creation_7C2132D8-EEA8-4FE9-A6D7-D0EF18AADAE9.jpeg\" alt=\"\" width=\"1704\" height=\"1234\" srcset=\"https:\/\/ostrowskatv.pl\/wp-content\/uploads\/2026\/01\/Messenger_creation_7C2132D8-EEA8-4FE9-A6D7-D0EF18AADAE9.jpeg 1704w, https:\/\/ostrowskatv.pl\/wp-content\/uploads\/2026\/01\/Messenger_creation_7C2132D8-EEA8-4FE9-A6D7-D0EF18AADAE9-300x217.jpeg 300w, https:\/\/ostrowskatv.pl\/wp-content\/uploads\/2026\/01\/Messenger_creation_7C2132D8-EEA8-4FE9-A6D7-D0EF18AADAE9-1333x965.jpeg 1333w, https:\/\/ostrowskatv.pl\/wp-content\/uploads\/2026\/01\/Messenger_creation_7C2132D8-EEA8-4FE9-A6D7-D0EF18AADAE9-1536x1112.jpeg 1536w\" sizes=\"auto, (max-width: 1704px) 100vw, 1704px\" \/><\/a> <a href=\"https:\/\/ostrowskatv.pl\/?attachment_id=37002\" rel=\"attachment wp-att-37002\"><img loading=\"lazy\" decoding=\"async\" class=\"alignnone size-full wp-image-37002\" src=\"https:\/\/ostrowskatv.pl\/wp-content\/uploads\/2026\/01\/Messenger_creation_FD8F89E7-2B7D-42A2-8A80-3C71C4099726.jpeg\" alt=\"\" width=\"1536\" height=\"2048\" srcset=\"https:\/\/ostrowskatv.pl\/wp-content\/uploads\/2026\/01\/Messenger_creation_FD8F89E7-2B7D-42A2-8A80-3C71C4099726.jpeg 1536w, https:\/\/ostrowskatv.pl\/wp-content\/uploads\/2026\/01\/Messenger_creation_FD8F89E7-2B7D-42A2-8A80-3C71C4099726-225x300.jpeg 225w, https:\/\/ostrowskatv.pl\/wp-content\/uploads\/2026\/01\/Messenger_creation_FD8F89E7-2B7D-42A2-8A80-3C71C4099726-1000x1333.jpeg 1000w, https:\/\/ostrowskatv.pl\/wp-content\/uploads\/2026\/01\/Messenger_creation_FD8F89E7-2B7D-42A2-8A80-3C71C4099726-1152x1536.jpeg 1152w\" sizes=\"auto, (max-width: 1536px) 100vw, 1536px\" \/><\/a> <a href=\"https:\/\/ostrowskatv.pl\/?attachment_id=37003\" rel=\"attachment wp-att-37003\"><img loading=\"lazy\" decoding=\"async\" class=\"alignnone size-full wp-image-37003\" src=\"https:\/\/ostrowskatv.pl\/wp-content\/uploads\/2026\/01\/Messenger_creation_86A482EB-E70B-4D3D-9753-2A16CA93926F.jpeg\" alt=\"\" width=\"1536\" height=\"2047\" srcset=\"https:\/\/ostrowskatv.pl\/wp-content\/uploads\/2026\/01\/Messenger_creation_86A482EB-E70B-4D3D-9753-2A16CA93926F.jpeg 1536w, https:\/\/ostrowskatv.pl\/wp-content\/uploads\/2026\/01\/Messenger_creation_86A482EB-E70B-4D3D-9753-2A16CA93926F-225x300.jpeg 225w, https:\/\/ostrowskatv.pl\/wp-content\/uploads\/2026\/01\/Messenger_creation_86A482EB-E70B-4D3D-9753-2A16CA93926F-1000x1333.jpeg 1000w, https:\/\/ostrowskatv.pl\/wp-content\/uploads\/2026\/01\/Messenger_creation_86A482EB-E70B-4D3D-9753-2A16CA93926F-1153x1536.jpeg 1153w\" sizes=\"auto, (max-width: 1536px) 100vw, 1536px\" \/><\/a><\/p>\n<p>Sprawa ta sta\u0142a si\u0119 wa\u017cnym sygna\u0142em spo\u0142ecznym. S\u0105d jednoznacznie wskaza\u0142, \u017ce <strong>brak reakcji doros\u0142ego na cierpienie zwierz\u0119cia r\u00f3wnie\u017c jest form\u0105 zn\u0119cania si\u0119<\/strong>, a odpowiedzialno\u015b\u0107 karna w takich przypadkach jest nieunikniona. Wyrok ma charakter nie tylko represyjny, ale i wychowawczy \u2013 przypomina, \u017ce ochrona zwierz\u0105t jest obowi\u0105zkiem ka\u017cdego opiekuna.<\/p>\n<p><a href=\"https:\/\/ostrowskatv.pl\/?attachment_id=37004\" rel=\"attachment wp-att-37004\"><img loading=\"lazy\" decoding=\"async\" class=\"alignnone size-full wp-image-37004\" src=\"https:\/\/ostrowskatv.pl\/wp-content\/uploads\/2026\/01\/1000120331.jpg\" alt=\"\" width=\"769\" height=\"1366\" srcset=\"https:\/\/ostrowskatv.pl\/wp-content\/uploads\/2026\/01\/1000120331.jpg 769w, https:\/\/ostrowskatv.pl\/wp-content\/uploads\/2026\/01\/1000120331-169x300.jpg 169w, https:\/\/ostrowskatv.pl\/wp-content\/uploads\/2026\/01\/1000120331-750x1333.jpg 750w\" sizes=\"auto, (max-width: 769px) 100vw, 769px\" \/><\/a> <a href=\"https:\/\/ostrowskatv.pl\/?attachment_id=37005\" rel=\"attachment wp-att-37005\"><img loading=\"lazy\" decoding=\"async\" class=\"alignnone size-full wp-image-37005\" src=\"https:\/\/ostrowskatv.pl\/wp-content\/uploads\/2026\/01\/1000120323.jpg\" alt=\"\" width=\"1366\" height=\"769\" srcset=\"https:\/\/ostrowskatv.pl\/wp-content\/uploads\/2026\/01\/1000120323.jpg 1366w, https:\/\/ostrowskatv.pl\/wp-content\/uploads\/2026\/01\/1000120323-300x169.jpg 300w, https:\/\/ostrowskatv.pl\/wp-content\/uploads\/2026\/01\/1000120323-1333x750.jpg 1333w\" sizes=\"auto, (max-width: 1366px) 100vw, 1366px\" \/><\/a> <a href=\"https:\/\/ostrowskatv.pl\/?attachment_id=37006\" rel=\"attachment wp-att-37006\"><img loading=\"lazy\" decoding=\"async\" class=\"alignnone size-full wp-image-37006\" src=\"https:\/\/ostrowskatv.pl\/wp-content\/uploads\/2026\/01\/1000120315.jpg\" alt=\"\" width=\"1365\" height=\"768\" srcset=\"https:\/\/ostrowskatv.pl\/wp-content\/uploads\/2026\/01\/1000120315.jpg 1365w, https:\/\/ostrowskatv.pl\/wp-content\/uploads\/2026\/01\/1000120315-300x169.jpg 300w, https:\/\/ostrowskatv.pl\/wp-content\/uploads\/2026\/01\/1000120315-1333x750.jpg 1333w\" sizes=\"auto, (max-width: 1365px) 100vw, 1365px\" \/><\/a><\/p>\n<p>S\u0119dzia wskaza\u0142a na pewne dysfunkcje intelektualne sprawczyni oraz wzi\u0119\u0142a pod uwag\u0119 to, \u017ce w przesz\u0142o\u015bci dokarmia\u0142a koty. Nie by\u0142o dowod\u00f3w, \u017ceby by\u0142a osob\u0105 zdemoralizowan\u0105.<\/p>\n","protected":false},"excerpt":{"rendered":"Dzi\u015b w S\u0105dzie Rejonowym w Ostrowie Wielkopolskim zapad\u0142 wyrok w g\u0142o\u015bnej sprawie dotycz\u0105cej zn\u0119cania si\u0119 nad zwierz\u0119ciem. Mieszkanka Ostrowa Wielkopolskiego zosta\u0142a uznana za \n<a class=\"moretag\" href=\"https:\/\/ostrowskatv.pl\/?p=37000\"> [...]<\/a>","protected":false},"author":1,"featured_media":37006,"comment_status":"open","ping_status":"closed","sticky":false,"template":"","format":"standard","meta":{"footnotes":""},"categories":[1],"tags":[],"class_list":["post-37000","post","type-post","status-publish","format-standard","has-post-thumbnail","hentry","category-news"],"_links":{"self":[{"href":"https:\/\/ostrowskatv.pl\/index.php?rest_route=\/wp\/v2\/posts\/37000","targetHints":{"allow":["GET"]}}],"collection":[{"href":"https:\/\/ostrowskatv.pl\/index.php?rest_route=\/wp\/v2\/posts"}],"about":[{"href":"https:\/\/ostrowskatv.pl\/index.php?rest_route=\/wp\/v2\/types\/post"}],"author":[{"embeddable":true,"href":"https:\/\/ostrowskatv.pl\/index.php?rest_route=\/wp\/v2\/users\/1"}],"replies":[{"embeddable":true,"href":"https:\/\/ostrowskatv.pl\/index.php?rest_route=%2Fwp%2Fv2%2Fcomments&post=37000"}],"version-history":[{"count":2,"href":"https:\/\/ostrowskatv.pl\/index.php?rest_route=\/wp\/v2\/posts\/37000\/revisions"}],"predecessor-version":[{"id":37008,"href":"https:\/\/ostrowskatv.pl\/index.php?rest_route=\/wp\/v2\/posts\/37000\/revisions\/37008"}],"wp:featuredmedia":[{"embeddable":true,"href":"https:\/\/ostrowskatv.pl\/index.php?rest_route=\/wp\/v2\/media\/37006"}],"wp:attachment":[{"href":"https:\/\/ostrowskatv.pl\/index.php?rest_route=%2Fwp%2Fv2%2Fmedia&parent=37000"}],"wp:term":[{"taxonomy":"category","embeddable":true,"href":"https:\/\/ostrowskatv.pl\/index.php?rest_route=%2Fwp%2Fv2%2Fcategories&post=37000"},{"taxonomy":"post_tag","embeddable":true,"href":"https:\/\/ostrowskatv.pl\/index.php?rest_route=%2Fwp%2Fv2%2Ftags&post=37000"}],"curies":[{"name":"wp","href":"https:\/\/api.w.org\/{rel}","templated":true}]}}