{"id":36989,"date":"2026-01-27T11:49:25","date_gmt":"2026-01-27T10:49:25","guid":{"rendered":"https:\/\/ostrowskatv.pl\/?p=36989"},"modified":"2026-01-27T11:49:25","modified_gmt":"2026-01-27T10:49:25","slug":"wyrok-dla-strazaka-ochotnika-podpalacza","status":"publish","type":"post","link":"https:\/\/ostrowskatv.pl\/?p=36989","title":{"rendered":"Wyrok dla stra\u017caka ochotnika\u2013podpalacza"},"content":{"rendered":"<p><strong>Zapad\u0142 nieprawomocny wyrok w g\u0142o\u015bnej sprawie stra\u017caka ochotnika z okolic Ostrowa Wlkp., oskar\u017conego o seri\u0119 podpale\u0144 na terenie powiatu ostrowskiego. S\u0105d uzna\u0142 oko\u0142o 34-letniego m\u0119\u017cczyzn\u0119 winnym zarzucanych mu czyn\u00f3w i wymierzy\u0142 mu kar\u0119 2 lat i 8 miesi\u0119cy pozbawienia wolno\u015bci. Dodatkowo przez najbli\u017csze 5 lat nie b\u0119dzie m\u00f3g\u0142 pe\u0142ni\u0107 s\u0142u\u017cby stra\u017cackiej. Zosta\u0142 tak\u017ce zobowi\u0105zany do zap\u0142aty niemal 100 tysi\u0119cy z\u0142otych nawi\u0105zki na rzecz poszkodowanych. Wyrok nie jest prawomocny.<\/strong><\/p>\n<p>Jak ustalono w toku post\u0119powania, w wyniku dzia\u0142a\u0144 oskar\u017conego sp\u0142on\u0119\u0142o \u0142\u0105cznie 2610 balot\u00f3w s\u0142omy oraz dwa budynki gospodarcze, w kt\u00f3rych by\u0142a ona sk\u0142adowana. Straty by\u0142y ogromne, a po\u017cary wywo\u0142ywa\u0142y du\u017ce zagro\u017cenie dla okolicznych zabudowa\u0144 i mieszka\u0144c\u00f3w.<\/p>\n<p>Do sprawy wracali\u015bmy ju\u017c w kwietniu 2021 roku. W\u00f3wczas informowali\u015bmy, \u017ce stra\u017cak ochotnik spod Ostrowa odpowiada przed s\u0105dem za seri\u0119 po\u017car\u00f3w, kt\u00f3re \u2013 wed\u0142ug \u015bledczych \u2013 mia\u0142 celowo wznieca\u0107. Pocz\u0105tkowo przyznawa\u0142 si\u0119 do winy, jednak gdy pozna\u0142 rozmiar oszacowanych szk\u00f3d, zmieni\u0142 lini\u0119 obrony i zacz\u0105\u0142 zaprzecza\u0107 zarzutom. Prokuratura zarzuca\u0142a mu spowodowanie pi\u0119ciu po\u017car\u00f3w, a straty oszacowano na ponad milion z\u0142otych. Za takie przest\u0119pstwa grozi\u0142o mu nawet do 10 lat wi\u0119zienia.<\/p>\n<p>W trakcie procesu istotnym w\u0105tkiem by\u0142y wyceny zniszczonych obiekt\u00f3w. S\u0105d zdecydowa\u0142 o powo\u0142aniu nowego bieg\u0142ego, kt\u00f3ry mia\u0142 uwzgl\u0119dni\u0107 fakt, \u017ce spalone budynki by\u0142y stare i w znacznym stopniu wyeksploatowane. Pierwotny bieg\u0142y wycenia\u0142 koszty prac potrzebnych do przywr\u00f3cenia obiekt\u00f3w do stanu pierwotnego, co \u2013 zdaniem obrony \u2013 zawy\u017ca\u0142o rzeczywist\u0105 warto\u015b\u0107 strat.<\/p>\n<p>Jednym ze spalonych obiekt\u00f3w by\u0142a dawna chlewnia w G\u00f3rznie. Cho\u0107 budynek by\u0142 stary i podniszczony, bieg\u0142y oszacowa\u0142 jego warto\u015b\u0107 na oko\u0142o 900 tysi\u0119cy z\u0142otych. T\u0119 wycen\u0119 konsekwentnie kwestionowa\u0142 obro\u0144ca oskar\u017conego.<\/p>\n<p>Do jednego z najwi\u0119kszych po\u017car\u00f3w dosz\u0142o w czerwcu 2020 roku. W\u00f3wczas ogie\u0144 pojawi\u0142 si\u0119 na terenie dawnego PGR w G\u00f3rznie. We wtorkowy wiecz\u00f3r p\u0142omienie obj\u0119\u0142y d\u0142ugi budynek, w kt\u00f3rym niegdy\u015b hodowano byd\u0142o, a kt\u00f3ry w ostatnich latach s\u0142u\u017cy\u0142 jako magazyn s\u0142omy. By\u0142 to kolejny powa\u017cny po\u017car po dw\u00f3ch podobnych zdarzeniach, do jakich wcze\u015bniej dosz\u0142o w Sob\u00f3tce.<\/p>\n<p>Wyrok ko\u0144czy kilkuletni\u0105, g\u0142o\u015bn\u0105 spraw\u0119, kt\u00f3ra wstrz\u0105sn\u0119\u0142a lokaln\u0105 spo\u0142eczno\u015bci\u0105 \u2013 zw\u0142aszcza ze wzgl\u0119du na fakt, \u017ce oskar\u017conym by\u0142 stra\u017cak ochotnik, osoba, od kt\u00f3rej oczekuje si\u0119 ratowania mienia i \u017cycia, a nie ich niszczenia.<\/p>\n","protected":false},"excerpt":{"rendered":"Zapad\u0142 nieprawomocny wyrok w g\u0142o\u015bnej sprawie stra\u017caka ochotnika z okolic Ostrowa Wlkp., oskar\u017conego o seri\u0119 podpale\u0144 na terenie powiatu ostrowskiego. S\u0105d uzna\u0142 oko\u0142o \n<a class=\"moretag\" href=\"https:\/\/ostrowskatv.pl\/?p=36989\"> [...]<\/a>","protected":false},"author":1,"featured_media":26335,"comment_status":"open","ping_status":"closed","sticky":false,"template":"","format":"standard","meta":{"footnotes":""},"categories":[1],"tags":[],"class_list":["post-36989","post","type-post","status-publish","format-standard","has-post-thumbnail","hentry","category-news"],"_links":{"self":[{"href":"https:\/\/ostrowskatv.pl\/index.php?rest_route=\/wp\/v2\/posts\/36989","targetHints":{"allow":["GET"]}}],"collection":[{"href":"https:\/\/ostrowskatv.pl\/index.php?rest_route=\/wp\/v2\/posts"}],"about":[{"href":"https:\/\/ostrowskatv.pl\/index.php?rest_route=\/wp\/v2\/types\/post"}],"author":[{"embeddable":true,"href":"https:\/\/ostrowskatv.pl\/index.php?rest_route=\/wp\/v2\/users\/1"}],"replies":[{"embeddable":true,"href":"https:\/\/ostrowskatv.pl\/index.php?rest_route=%2Fwp%2Fv2%2Fcomments&post=36989"}],"version-history":[{"count":1,"href":"https:\/\/ostrowskatv.pl\/index.php?rest_route=\/wp\/v2\/posts\/36989\/revisions"}],"predecessor-version":[{"id":36990,"href":"https:\/\/ostrowskatv.pl\/index.php?rest_route=\/wp\/v2\/posts\/36989\/revisions\/36990"}],"wp:featuredmedia":[{"embeddable":true,"href":"https:\/\/ostrowskatv.pl\/index.php?rest_route=\/wp\/v2\/media\/26335"}],"wp:attachment":[{"href":"https:\/\/ostrowskatv.pl\/index.php?rest_route=%2Fwp%2Fv2%2Fmedia&parent=36989"}],"wp:term":[{"taxonomy":"category","embeddable":true,"href":"https:\/\/ostrowskatv.pl\/index.php?rest_route=%2Fwp%2Fv2%2Fcategories&post=36989"},{"taxonomy":"post_tag","embeddable":true,"href":"https:\/\/ostrowskatv.pl\/index.php?rest_route=%2Fwp%2Fv2%2Ftags&post=36989"}],"curies":[{"name":"wp","href":"https:\/\/api.w.org\/{rel}","templated":true}]}}