{"id":369,"date":"2016-02-16T11:25:11","date_gmt":"2016-02-16T10:25:11","guid":{"rendered":"http:\/\/ostrowska.tv\/?p=369"},"modified":"2016-02-16T11:25:11","modified_gmt":"2016-02-16T10:25:11","slug":"kim-jest-prezes-crk","status":"publish","type":"post","link":"https:\/\/ostrowskatv.pl\/?p=369","title":{"rendered":"Kim jest prezes CRK?"},"content":{"rendered":"<p><strong>Centrum Rozwoju Komunalnego to nast\u0119pca Holdikomu. Nowa sp\u00f3\u0142ka ma ju\u017c swojego prezesa. Zosta\u0142 nim Marek Kolasi\u0144ski. Co o nim wiemy?<\/strong><\/p>\n<p>Nowy prezes CRK z wykszta\u0142cenia jest chemikiem. Studiowa\u0142 na Akademii Rolniczej w Poznaniu, a nast\u0119pnie uko\u0144czy\u0142 studia podyplomowe w zakresie marketingu i zarz\u0105dzania na Uniwersytecie im. Adama Mickiewicza. Wiedz\u0119 zdobywa\u0142 r\u00f3wnie\u017c na Politechnice Pozna\u0144skiej, gdzie w instytucie in\u017cynierii \u015brodowiska ma za sob\u0105 studia podyplomowe w zakresie uzdatniania wody i oczyszczania \u015bciek\u00f3w.<\/p>\n<p>&#8211; Pan <strong>Marek Kolasi\u0144ski<\/strong> opr\u00f3cz bardzo dobrego wykszta\u0142cenia ma ogromne do\u015bwiadczenie, je\u015bli chodzi o realn\u0105 i praktyczn\u0105 gospodark\u0119 komunaln\u0105. Realizowa\u0142 i koordynowa\u0142 projekty o \u0142\u0105cznej warto\u015bci 400 milion\u00f3w z\u0142otych. Dotycz\u0105 one mi\u0119dzy innymi zagospodarowania biogazu, termicznego suszenia osad\u00f3w, modernizacji oczyszczalni \u015bciek\u00f3w, zeroenergetycznej oczyszczalni \u015bciek\u00f3w, budowa biogazowani wraz z systemem kogeneracji czy pompy ciep\u0142a na oczyszczalni \u2013 wymienia zalety nowego prezesa CRK prezydent <strong>Beata Klimek<\/strong>. &#8211; To nie jest jednak tak, \u017ce sam zrealizowa\u0142em projekty na 400 milion\u00f3w z\u0142otych. Bra\u0142em jednak udzia\u0142 w ich przygotowywaniu na r\u00f3\u017cnych etapach \u2013 doprecyzowuje<strong> Kolasi\u0144ski.<\/strong><\/p>\n<p>Prezes CRK pracowa\u0142 ostatnio w pozna\u0144skiej sp\u00f3\u0142ce <strong>Aquanet<\/strong>. Przez ostatnie dwa i p\u00f3\u0142 roku by\u0142 tam g\u0142\u00f3wnym technologiem do spraw optymalizacji i wdro\u017ce\u0144. W jaki spos\u00f3b znalaz\u0142 si\u0119 w Ostrowie Wielkopolskim? <strong>Beata Klimek<\/strong> twierdzi, \u017ce nikt konkretny nie rekomendowa\u0142 jej kandydatury <strong>Marka Kolasi\u0144skiego<\/strong>. &#8211; O tym, \u017ce b\u0119dziemy powo\u0142ywa\u0107 sp\u00f3\u0142k\u0119, informowali\u015bmy ju\u017c od dawna. Mieli\u015bmy czas, \u017ceby rozejrze\u0107 si\u0119, kto w tej bran\u017cy ma do\u015bwiadczenie wynikaj\u0105ce z nadzorowania i koordynowania projekt\u00f3w zwi\u0105zanych z wdra\u017caniem nowych technologii \u2013 t\u0142umaczy prezydent Ostrowa Wielkopolskiego.<\/p>\n<p><strong>Beata Klimek<\/strong> zaprzecza r\u00f3wnie\u017c, \u017ce <strong>Kolasi\u0144ski<\/strong> trafi\u0142 do CRK z polecenia<strong> Tomasza Lewandowskiego<\/strong>, by\u0142ego przewodnicz\u0105cego Rady Nadzorczej Holdikomu a obecnie przewodnicz\u0105cego Rady Nadzorczej Wodkanu. Nowy prezes z kolei dodaje, \u017ce<strong> Lewandowskiego<\/strong> wcze\u015bniej nie zna\u0142. &#8211; Zdecydowanie zaprzeczam, \u017ce to pan<strong> Tomasz Lewandowski<\/strong> rekomendowa\u0142 nam pana<strong> Kolasi\u0144skiego<\/strong>. To nie ma \u017cadnego zwi\u0105zku \u2013 podkre\u015bla <strong>Beata Klimek<\/strong>.<\/p>\n","protected":false},"excerpt":{"rendered":"Centrum Rozwoju Komunalnego to nast\u0119pca Holdikomu. Nowa sp\u00f3\u0142ka ma ju\u017c swojego prezesa. Zosta\u0142 nim Marek Kolasi\u0144ski. Co o nim wiemy? Nowy prezes CRK \n<a class=\"moretag\" href=\"https:\/\/ostrowskatv.pl\/?p=369\"> [...]<\/a>","protected":false},"author":1,"featured_media":370,"comment_status":"open","ping_status":"open","sticky":false,"template":"","format":"standard","meta":{"footnotes":""},"categories":[1],"tags":[46],"class_list":["post-369","post","type-post","status-publish","format-standard","has-post-thumbnail","hentry","category-news","tag-crk"],"_links":{"self":[{"href":"https:\/\/ostrowskatv.pl\/index.php?rest_route=\/wp\/v2\/posts\/369","targetHints":{"allow":["GET"]}}],"collection":[{"href":"https:\/\/ostrowskatv.pl\/index.php?rest_route=\/wp\/v2\/posts"}],"about":[{"href":"https:\/\/ostrowskatv.pl\/index.php?rest_route=\/wp\/v2\/types\/post"}],"author":[{"embeddable":true,"href":"https:\/\/ostrowskatv.pl\/index.php?rest_route=\/wp\/v2\/users\/1"}],"replies":[{"embeddable":true,"href":"https:\/\/ostrowskatv.pl\/index.php?rest_route=%2Fwp%2Fv2%2Fcomments&post=369"}],"version-history":[{"count":0,"href":"https:\/\/ostrowskatv.pl\/index.php?rest_route=\/wp\/v2\/posts\/369\/revisions"}],"wp:featuredmedia":[{"embeddable":true,"href":"https:\/\/ostrowskatv.pl\/index.php?rest_route=\/wp\/v2\/media\/370"}],"wp:attachment":[{"href":"https:\/\/ostrowskatv.pl\/index.php?rest_route=%2Fwp%2Fv2%2Fmedia&parent=369"}],"wp:term":[{"taxonomy":"category","embeddable":true,"href":"https:\/\/ostrowskatv.pl\/index.php?rest_route=%2Fwp%2Fv2%2Fcategories&post=369"},{"taxonomy":"post_tag","embeddable":true,"href":"https:\/\/ostrowskatv.pl\/index.php?rest_route=%2Fwp%2Fv2%2Ftags&post=369"}],"curies":[{"name":"wp","href":"https:\/\/api.w.org\/{rel}","templated":true}]}}