{"id":36798,"date":"2026-01-15T07:07:26","date_gmt":"2026-01-15T06:07:26","guid":{"rendered":"https:\/\/ostrowskatv.pl\/?p=36798"},"modified":"2026-01-15T07:07:26","modified_gmt":"2026-01-15T06:07:26","slug":"wracala-z-kosciola-wjechala-w-nia-mloda-kierujaca-zdjecia","status":"publish","type":"post","link":"https:\/\/ostrowskatv.pl\/?p=36798","title":{"rendered":"Wraca\u0142a z ko\u015bcio\u0142a. Wjecha\u0142a w ni\u0105 m\u0142oda kieruj\u0105ca (ZDJ\u0118CIA)"},"content":{"rendered":"<p><strong>W \u015brod\u0119 wieczorem dosz\u0142o do wypadku na skrzy\u017cowaniu ulic Kr\u00f3lowej Jadwigi i Harcerskiej w Ostrowie Wielkopolskim. W zdarzeniu bra\u0142y udzia\u0142 dwa auta osobowe, jedna osoba trafi\u0142a do szpitala.<\/strong><\/p>\n<p>Kobieta jad\u0105ca ciemnym Peugeotem jecha\u0142a od strony ma\u0142ego ko\u015bci\u00f3\u0142ka z mszy \u015bwi\u0119tej. Z ulicy Harcerskiej nadje\u017cd\u017ca\u0142a m\u0142oda kieruj\u0105ca Citroenem. Si\u0142a uderzenia by\u0142a na tyle du\u017ca, \u017ce oba auta wpad\u0142y na chodnik.<\/p>\n<p>Poszkodowana zosta\u0142a przetransportowana do szpitala na sygna\u0142ach w pozycji le\u017c\u0105cej. Na miejscu interweniowali stra\u017cacy, a czynno\u015bci prowadzili funkcjonariusze z Wydzia\u0142u Ruchu Drogowego. w<\/p>\n<p><a href=\"https:\/\/ostrowskatv.pl\/?attachment_id=36799\" rel=\"attachment wp-att-36799\"><img loading=\"lazy\" decoding=\"async\" src=\"https:\/\/ostrowskatv.pl\/wp-content\/uploads\/2026\/01\/1000106476.jpg\" alt=\"\" width=\"1365\" height=\"863\" class=\"alignnone size-full wp-image-36799\" srcset=\"https:\/\/ostrowskatv.pl\/wp-content\/uploads\/2026\/01\/1000106476.jpg 1365w, https:\/\/ostrowskatv.pl\/wp-content\/uploads\/2026\/01\/1000106476-300x190.jpg 300w, https:\/\/ostrowskatv.pl\/wp-content\/uploads\/2026\/01\/1000106476-1333x843.jpg 1333w\" sizes=\"auto, (max-width: 1365px) 100vw, 1365px\" \/><\/a><\/p>\n<p><a href=\"https:\/\/ostrowskatv.pl\/?attachment_id=36800\" rel=\"attachment wp-att-36800\"><img loading=\"lazy\" decoding=\"async\" src=\"https:\/\/ostrowskatv.pl\/wp-content\/uploads\/2026\/01\/1000106480.jpg\" alt=\"\" width=\"1365\" height=\"768\" class=\"alignnone size-full wp-image-36800\" srcset=\"https:\/\/ostrowskatv.pl\/wp-content\/uploads\/2026\/01\/1000106480.jpg 1365w, https:\/\/ostrowskatv.pl\/wp-content\/uploads\/2026\/01\/1000106480-300x169.jpg 300w, https:\/\/ostrowskatv.pl\/wp-content\/uploads\/2026\/01\/1000106480-1333x750.jpg 1333w\" sizes=\"auto, (max-width: 1365px) 100vw, 1365px\" \/><\/a><\/p>\n<p><a href=\"https:\/\/ostrowskatv.pl\/?attachment_id=36801\" rel=\"attachment wp-att-36801\"><img loading=\"lazy\" decoding=\"async\" src=\"https:\/\/ostrowskatv.pl\/wp-content\/uploads\/2026\/01\/1000106482.jpg\" alt=\"\" width=\"1365\" height=\"768\" class=\"alignnone size-full wp-image-36801\" srcset=\"https:\/\/ostrowskatv.pl\/wp-content\/uploads\/2026\/01\/1000106482.jpg 1365w, https:\/\/ostrowskatv.pl\/wp-content\/uploads\/2026\/01\/1000106482-300x169.jpg 300w, https:\/\/ostrowskatv.pl\/wp-content\/uploads\/2026\/01\/1000106482-1333x750.jpg 1333w\" sizes=\"auto, (max-width: 1365px) 100vw, 1365px\" \/><\/a><\/p>\n<p><a href=\"https:\/\/ostrowskatv.pl\/?attachment_id=36802\" rel=\"attachment wp-att-36802\"><img loading=\"lazy\" decoding=\"async\" src=\"https:\/\/ostrowskatv.pl\/wp-content\/uploads\/2026\/01\/1000106483.jpg\" alt=\"\" width=\"1365\" height=\"768\" class=\"alignnone size-full wp-image-36802\" srcset=\"https:\/\/ostrowskatv.pl\/wp-content\/uploads\/2026\/01\/1000106483.jpg 1365w, https:\/\/ostrowskatv.pl\/wp-content\/uploads\/2026\/01\/1000106483-300x169.jpg 300w, https:\/\/ostrowskatv.pl\/wp-content\/uploads\/2026\/01\/1000106483-1333x750.jpg 1333w\" sizes=\"auto, (max-width: 1365px) 100vw, 1365px\" \/><\/a><\/p>\n<p><a href=\"https:\/\/ostrowskatv.pl\/?attachment_id=36803\" rel=\"attachment wp-att-36803\"><img loading=\"lazy\" decoding=\"async\" src=\"https:\/\/ostrowskatv.pl\/wp-content\/uploads\/2026\/01\/1000106484.jpg\" alt=\"\" width=\"1365\" height=\"768\" class=\"alignnone size-full wp-image-36803\" srcset=\"https:\/\/ostrowskatv.pl\/wp-content\/uploads\/2026\/01\/1000106484.jpg 1365w, https:\/\/ostrowskatv.pl\/wp-content\/uploads\/2026\/01\/1000106484-300x169.jpg 300w, https:\/\/ostrowskatv.pl\/wp-content\/uploads\/2026\/01\/1000106484-1333x750.jpg 1333w\" sizes=\"auto, (max-width: 1365px) 100vw, 1365px\" \/><\/a><\/p>\n<p><a href=\"https:\/\/ostrowskatv.pl\/?attachment_id=36804\" rel=\"attachment wp-att-36804\"><img loading=\"lazy\" decoding=\"async\" src=\"https:\/\/ostrowskatv.pl\/wp-content\/uploads\/2026\/01\/1000106487.jpg\" alt=\"\" width=\"1366\" height=\"769\" class=\"alignnone size-full wp-image-36804\" srcset=\"https:\/\/ostrowskatv.pl\/wp-content\/uploads\/2026\/01\/1000106487.jpg 1366w, https:\/\/ostrowskatv.pl\/wp-content\/uploads\/2026\/01\/1000106487-300x169.jpg 300w, https:\/\/ostrowskatv.pl\/wp-content\/uploads\/2026\/01\/1000106487-1333x750.jpg 1333w\" sizes=\"auto, (max-width: 1366px) 100vw, 1366px\" \/><\/a><\/p>\n<p><a href=\"https:\/\/ostrowskatv.pl\/?attachment_id=36805\" rel=\"attachment wp-att-36805\"><img loading=\"lazy\" decoding=\"async\" src=\"https:\/\/ostrowskatv.pl\/wp-content\/uploads\/2026\/01\/1000106488.jpg\" alt=\"\" width=\"1365\" height=\"768\" class=\"alignnone size-full wp-image-36805\" srcset=\"https:\/\/ostrowskatv.pl\/wp-content\/uploads\/2026\/01\/1000106488.jpg 1365w, https:\/\/ostrowskatv.pl\/wp-content\/uploads\/2026\/01\/1000106488-300x169.jpg 300w, https:\/\/ostrowskatv.pl\/wp-content\/uploads\/2026\/01\/1000106488-1333x750.jpg 1333w\" sizes=\"auto, (max-width: 1365px) 100vw, 1365px\" \/><\/a><\/p>\n","protected":false},"excerpt":{"rendered":"W \u015brod\u0119 wieczorem dosz\u0142o do wypadku na skrzy\u017cowaniu ulic Kr\u00f3lowej Jadwigi i Harcerskiej w Ostrowie Wielkopolskim. W zdarzeniu bra\u0142y udzia\u0142 dwa auta osobowe, \n<a class=\"moretag\" href=\"https:\/\/ostrowskatv.pl\/?p=36798\"> [...]<\/a>","protected":false},"author":1,"featured_media":36800,"comment_status":"open","ping_status":"closed","sticky":false,"template":"","format":"standard","meta":{"footnotes":""},"categories":[1],"tags":[11],"class_list":["post-36798","post","type-post","status-publish","format-standard","has-post-thumbnail","hentry","category-news","tag-wypadek"],"_links":{"self":[{"href":"https:\/\/ostrowskatv.pl\/index.php?rest_route=\/wp\/v2\/posts\/36798","targetHints":{"allow":["GET"]}}],"collection":[{"href":"https:\/\/ostrowskatv.pl\/index.php?rest_route=\/wp\/v2\/posts"}],"about":[{"href":"https:\/\/ostrowskatv.pl\/index.php?rest_route=\/wp\/v2\/types\/post"}],"author":[{"embeddable":true,"href":"https:\/\/ostrowskatv.pl\/index.php?rest_route=\/wp\/v2\/users\/1"}],"replies":[{"embeddable":true,"href":"https:\/\/ostrowskatv.pl\/index.php?rest_route=%2Fwp%2Fv2%2Fcomments&post=36798"}],"version-history":[{"count":3,"href":"https:\/\/ostrowskatv.pl\/index.php?rest_route=\/wp\/v2\/posts\/36798\/revisions"}],"predecessor-version":[{"id":36808,"href":"https:\/\/ostrowskatv.pl\/index.php?rest_route=\/wp\/v2\/posts\/36798\/revisions\/36808"}],"wp:featuredmedia":[{"embeddable":true,"href":"https:\/\/ostrowskatv.pl\/index.php?rest_route=\/wp\/v2\/media\/36800"}],"wp:attachment":[{"href":"https:\/\/ostrowskatv.pl\/index.php?rest_route=%2Fwp%2Fv2%2Fmedia&parent=36798"}],"wp:term":[{"taxonomy":"category","embeddable":true,"href":"https:\/\/ostrowskatv.pl\/index.php?rest_route=%2Fwp%2Fv2%2Fcategories&post=36798"},{"taxonomy":"post_tag","embeddable":true,"href":"https:\/\/ostrowskatv.pl\/index.php?rest_route=%2Fwp%2Fv2%2Ftags&post=36798"}],"curies":[{"name":"wp","href":"https:\/\/api.w.org\/{rel}","templated":true}]}}