{"id":36795,"date":"2026-01-12T21:18:05","date_gmt":"2026-01-12T20:18:05","guid":{"rendered":"https:\/\/ostrowskatv.pl\/?p=36795"},"modified":"2026-01-12T21:18:05","modified_gmt":"2026-01-12T20:18:05","slug":"zderzenie-toyoty-i-volkswagena-zdjecia","status":"publish","type":"post","link":"https:\/\/ostrowskatv.pl\/?p=36795","title":{"rendered":"Zderzenie Toyoty i Volkswagena (ZDJ\u0118CIA)"},"content":{"rendered":"<p><strong>Po godzinie 13.00 na skrzy\u017cowaniu ulic \u017b\u00f3\u0142kiewskiego i Pr\u0105dzy\u0144skiego w Ostrowie Wielkopolskim dosz\u0142o do zderzenia dw\u00f3ch aut osobowych. 67-letnia kieruj\u0105ca Volkswagenem wymusi\u0142a pierwsze\u0144stwo i uderzy\u0142a w Toyot\u0119 Rav 4 kierowan\u0105 przez 42-letniego m\u0119\u017cczyzn\u0119. <\/strong><\/p>\n<p>Volkswagen w wyniku otrzymania uderzenia w prawo bok obr\u00f3ci\u0142 si\u0119 i wpad\u0142 na chodnik. W zdarzeniu na szcz\u0119\u015bcie nikt nie ucierpia\u0142. Na miejscu by\u0142a za\u0142oga karetki pogotowia ratunkowego, stra\u017c po\u017carna oraz policja.<\/p>\n<p><a href=\"https:\/\/ostrowskatv.pl\/?attachment_id=36794\" rel=\"attachment wp-att-36794\"><img loading=\"lazy\" decoding=\"async\" src=\"https:\/\/ostrowskatv.pl\/wp-content\/uploads\/2026\/01\/1000106009.jpg\" alt=\"\" width=\"1365\" height=\"768\" class=\"alignnone size-full wp-image-36794\" srcset=\"https:\/\/ostrowskatv.pl\/wp-content\/uploads\/2026\/01\/1000106009.jpg 1365w, https:\/\/ostrowskatv.pl\/wp-content\/uploads\/2026\/01\/1000106009-300x169.jpg 300w, https:\/\/ostrowskatv.pl\/wp-content\/uploads\/2026\/01\/1000106009-1333x750.jpg 1333w\" sizes=\"auto, (max-width: 1365px) 100vw, 1365px\" \/><\/a><\/p>\n<p><a href=\"https:\/\/ostrowskatv.pl\/?attachment_id=36793\" rel=\"attachment wp-att-36793\"><img loading=\"lazy\" decoding=\"async\" src=\"https:\/\/ostrowskatv.pl\/wp-content\/uploads\/2026\/01\/1000106008.jpg\" alt=\"\" width=\"1366\" height=\"769\" class=\"alignnone size-full wp-image-36793\" srcset=\"https:\/\/ostrowskatv.pl\/wp-content\/uploads\/2026\/01\/1000106008.jpg 1366w, https:\/\/ostrowskatv.pl\/wp-content\/uploads\/2026\/01\/1000106008-300x169.jpg 300w, https:\/\/ostrowskatv.pl\/wp-content\/uploads\/2026\/01\/1000106008-1333x750.jpg 1333w\" sizes=\"auto, (max-width: 1366px) 100vw, 1366px\" \/><\/a><\/p>\n<p><a href=\"https:\/\/ostrowskatv.pl\/?attachment_id=36792\" rel=\"attachment wp-att-36792\"><img loading=\"lazy\" decoding=\"async\" src=\"https:\/\/ostrowskatv.pl\/wp-content\/uploads\/2026\/01\/1000106005.jpg\" alt=\"\" width=\"1366\" height=\"769\" class=\"alignnone size-full wp-image-36792\" srcset=\"https:\/\/ostrowskatv.pl\/wp-content\/uploads\/2026\/01\/1000106005.jpg 1366w, https:\/\/ostrowskatv.pl\/wp-content\/uploads\/2026\/01\/1000106005-300x169.jpg 300w, https:\/\/ostrowskatv.pl\/wp-content\/uploads\/2026\/01\/1000106005-1333x750.jpg 1333w\" sizes=\"auto, (max-width: 1366px) 100vw, 1366px\" \/><\/a><\/p>\n<p><a href=\"https:\/\/ostrowskatv.pl\/?attachment_id=36791\" rel=\"attachment wp-att-36791\"><img loading=\"lazy\" decoding=\"async\" src=\"https:\/\/ostrowskatv.pl\/wp-content\/uploads\/2026\/01\/1000106006.jpg\" alt=\"\" width=\"1366\" height=\"716\" class=\"alignnone size-full wp-image-36791\" srcset=\"https:\/\/ostrowskatv.pl\/wp-content\/uploads\/2026\/01\/1000106006.jpg 1366w, https:\/\/ostrowskatv.pl\/wp-content\/uploads\/2026\/01\/1000106006-300x157.jpg 300w, https:\/\/ostrowskatv.pl\/wp-content\/uploads\/2026\/01\/1000106006-1333x699.jpg 1333w\" sizes=\"auto, (max-width: 1366px) 100vw, 1366px\" \/><\/a><\/p>\n<p><a href=\"https:\/\/ostrowskatv.pl\/?attachment_id=36790\" rel=\"attachment wp-att-36790\"><img loading=\"lazy\" decoding=\"async\" src=\"https:\/\/ostrowskatv.pl\/wp-content\/uploads\/2026\/01\/1000106007.jpg\" alt=\"\" width=\"1366\" height=\"709\" class=\"alignnone size-full wp-image-36790\" srcset=\"https:\/\/ostrowskatv.pl\/wp-content\/uploads\/2026\/01\/1000106007.jpg 1366w, https:\/\/ostrowskatv.pl\/wp-content\/uploads\/2026\/01\/1000106007-300x156.jpg 300w, https:\/\/ostrowskatv.pl\/wp-content\/uploads\/2026\/01\/1000106007-1333x692.jpg 1333w\" sizes=\"auto, (max-width: 1366px) 100vw, 1366px\" \/><\/a><\/p>\n","protected":false},"excerpt":{"rendered":"Po godzinie 13.00 na skrzy\u017cowaniu ulic \u017b\u00f3\u0142kiewskiego i Pr\u0105dzy\u0144skiego w Ostrowie Wielkopolskim dosz\u0142o do zderzenia dw\u00f3ch aut osobowych. 67-letnia kieruj\u0105ca Volkswagenem wymusi\u0142a pierwsze\u0144stwo \n<a class=\"moretag\" href=\"https:\/\/ostrowskatv.pl\/?p=36795\"> [...]<\/a>","protected":false},"author":1,"featured_media":36792,"comment_status":"open","ping_status":"closed","sticky":false,"template":"","format":"standard","meta":{"footnotes":""},"categories":[1],"tags":[2],"class_list":["post-36795","post","type-post","status-publish","format-standard","has-post-thumbnail","hentry","category-news","tag-ostrow-wielkopolski"],"_links":{"self":[{"href":"https:\/\/ostrowskatv.pl\/index.php?rest_route=\/wp\/v2\/posts\/36795","targetHints":{"allow":["GET"]}}],"collection":[{"href":"https:\/\/ostrowskatv.pl\/index.php?rest_route=\/wp\/v2\/posts"}],"about":[{"href":"https:\/\/ostrowskatv.pl\/index.php?rest_route=\/wp\/v2\/types\/post"}],"author":[{"embeddable":true,"href":"https:\/\/ostrowskatv.pl\/index.php?rest_route=\/wp\/v2\/users\/1"}],"replies":[{"embeddable":true,"href":"https:\/\/ostrowskatv.pl\/index.php?rest_route=%2Fwp%2Fv2%2Fcomments&post=36795"}],"version-history":[{"count":1,"href":"https:\/\/ostrowskatv.pl\/index.php?rest_route=\/wp\/v2\/posts\/36795\/revisions"}],"predecessor-version":[{"id":36796,"href":"https:\/\/ostrowskatv.pl\/index.php?rest_route=\/wp\/v2\/posts\/36795\/revisions\/36796"}],"wp:featuredmedia":[{"embeddable":true,"href":"https:\/\/ostrowskatv.pl\/index.php?rest_route=\/wp\/v2\/media\/36792"}],"wp:attachment":[{"href":"https:\/\/ostrowskatv.pl\/index.php?rest_route=%2Fwp%2Fv2%2Fmedia&parent=36795"}],"wp:term":[{"taxonomy":"category","embeddable":true,"href":"https:\/\/ostrowskatv.pl\/index.php?rest_route=%2Fwp%2Fv2%2Fcategories&post=36795"},{"taxonomy":"post_tag","embeddable":true,"href":"https:\/\/ostrowskatv.pl\/index.php?rest_route=%2Fwp%2Fv2%2Ftags&post=36795"}],"curies":[{"name":"wp","href":"https:\/\/api.w.org\/{rel}","templated":true}]}}