{"id":36733,"date":"2026-01-06T10:53:46","date_gmt":"2026-01-06T09:53:46","guid":{"rendered":"https:\/\/ostrowskatv.pl\/?p=36733"},"modified":"2026-01-06T10:53:46","modified_gmt":"2026-01-06T09:53:46","slug":"czy-podpalil-kamienice-na-zlecenie-bylego-partnera","status":"publish","type":"post","link":"https:\/\/ostrowskatv.pl\/?p=36733","title":{"rendered":"Czy podpali\u0142 kamienic\u0119 na zlecenie by\u0142ego partnera?"},"content":{"rendered":"<p><strong>Powracamy do pi\u0105tkowego po\u017caru kamienicy przy ulicy Ko\u015bcielnej w Ostrowie Wielkopolskim. Bezpo\u015brednio po zdarzeniu zatrzymano jednego z m\u0119\u017cczyzn, mieszkaj\u0105cych w ostrowskim \u015br\u00f3dmie\u015bciu. Zdaniem jednej z os\u00f3b to on mia\u0142 dokona\u0107 podpalenia kamienicy, a motywem by\u0142a zemstwa by\u0142ego partnera m\u0142odej mieszkanki spod tego adresu.<\/strong><\/p>\n<p>Policja stwierdzi\u0142a, \u017ce m\u0119\u017cczyzna jest nietrze\u017cwy. Przes\u0142ucha\u0142a go pod k\u0105tem wzniecenia po\u017caru, ale m\u0119\u017cczyzna nie przyzna\u0142 si\u0119. Trwa dochodzenie, kt\u00f3re ma spr\u00f3bowa\u0107 ustali\u0107 stan faktyczny.<\/p>\n<p>Do po\u017caru dosz\u0142o w pi\u0105tek wieczorem w cz\u0119\u015bci kamienicy znajduj\u0105cej si\u0119 w podw\u00f3rzu. \u0179r\u00f3d\u0142o znajdowa\u0142o si\u0119 w piwnicy, a dym obj\u0105\u0142 ca\u0142\u0105 klatk\u0119 schodow\u0105.<\/p>\n<p><a href=\"https:\/\/ostrowskatv.pl\/?attachment_id=36732\" rel=\"attachment wp-att-36732\"><img loading=\"lazy\" decoding=\"async\" class=\"alignnone size-full wp-image-36732\" src=\"https:\/\/ostrowskatv.pl\/wp-content\/uploads\/2026\/01\/1000103593.jpg\" alt=\"\" width=\"938\" height=\"1366\" srcset=\"https:\/\/ostrowskatv.pl\/wp-content\/uploads\/2026\/01\/1000103593.jpg 938w, https:\/\/ostrowskatv.pl\/wp-content\/uploads\/2026\/01\/1000103593-206x300.jpg 206w, https:\/\/ostrowskatv.pl\/wp-content\/uploads\/2026\/01\/1000103593-915x1333.jpg 915w\" sizes=\"auto, (max-width: 938px) 100vw, 938px\" \/><\/a> <a href=\"https:\/\/ostrowskatv.pl\/?attachment_id=36731\" rel=\"attachment wp-att-36731\"><img loading=\"lazy\" decoding=\"async\" class=\"alignnone size-full wp-image-36731\" src=\"https:\/\/ostrowskatv.pl\/wp-content\/uploads\/2026\/01\/1000103592.jpg\" alt=\"\" width=\"806\" height=\"1366\" \/><\/a><\/p>\n","protected":false},"excerpt":{"rendered":"Powracamy do pi\u0105tkowego po\u017caru kamienicy przy ulicy Ko\u015bcielnej w Ostrowie Wielkopolskim. Bezpo\u015brednio po zdarzeniu zatrzymano jednego z m\u0119\u017cczyzn, mieszkaj\u0105cych w ostrowskim \u015br\u00f3dmie\u015bciu. Zdaniem \n<a class=\"moretag\" href=\"https:\/\/ostrowskatv.pl\/?p=36733\"> [...]<\/a>","protected":false},"author":1,"featured_media":36731,"comment_status":"open","ping_status":"closed","sticky":false,"template":"","format":"standard","meta":{"footnotes":""},"categories":[1],"tags":[7],"class_list":["post-36733","post","type-post","status-publish","format-standard","has-post-thumbnail","hentry","category-news","tag-pozar"],"_links":{"self":[{"href":"https:\/\/ostrowskatv.pl\/index.php?rest_route=\/wp\/v2\/posts\/36733","targetHints":{"allow":["GET"]}}],"collection":[{"href":"https:\/\/ostrowskatv.pl\/index.php?rest_route=\/wp\/v2\/posts"}],"about":[{"href":"https:\/\/ostrowskatv.pl\/index.php?rest_route=\/wp\/v2\/types\/post"}],"author":[{"embeddable":true,"href":"https:\/\/ostrowskatv.pl\/index.php?rest_route=\/wp\/v2\/users\/1"}],"replies":[{"embeddable":true,"href":"https:\/\/ostrowskatv.pl\/index.php?rest_route=%2Fwp%2Fv2%2Fcomments&post=36733"}],"version-history":[{"count":1,"href":"https:\/\/ostrowskatv.pl\/index.php?rest_route=\/wp\/v2\/posts\/36733\/revisions"}],"predecessor-version":[{"id":36734,"href":"https:\/\/ostrowskatv.pl\/index.php?rest_route=\/wp\/v2\/posts\/36733\/revisions\/36734"}],"wp:featuredmedia":[{"embeddable":true,"href":"https:\/\/ostrowskatv.pl\/index.php?rest_route=\/wp\/v2\/media\/36731"}],"wp:attachment":[{"href":"https:\/\/ostrowskatv.pl\/index.php?rest_route=%2Fwp%2Fv2%2Fmedia&parent=36733"}],"wp:term":[{"taxonomy":"category","embeddable":true,"href":"https:\/\/ostrowskatv.pl\/index.php?rest_route=%2Fwp%2Fv2%2Fcategories&post=36733"},{"taxonomy":"post_tag","embeddable":true,"href":"https:\/\/ostrowskatv.pl\/index.php?rest_route=%2Fwp%2Fv2%2Ftags&post=36733"}],"curies":[{"name":"wp","href":"https:\/\/api.w.org\/{rel}","templated":true}]}}