{"id":36680,"date":"2026-01-03T16:49:06","date_gmt":"2026-01-03T15:49:06","guid":{"rendered":"https:\/\/ostrowskatv.pl\/?p=36680"},"modified":"2026-01-03T16:49:06","modified_gmt":"2026-01-03T15:49:06","slug":"wiemy-z-jaka-predkoscia-pedzilo-bmw-w-sylwestra","status":"publish","type":"post","link":"https:\/\/ostrowskatv.pl\/?p=36680","title":{"rendered":"Wiemy z jak\u0105 pr\u0119dko\u015bci\u0105 p\u0119dzi\u0142o BMW w Sylwestra"},"content":{"rendered":"<p><strong>Tragiczne potr\u0105cenie Anity Idziorek w sylwestrow\u0105 noc wstrz\u0105sn\u0119\u0142o mieszka\u0144cami Ostrowa Wielkopolskiego i ca\u0142ego regionu. Wiele os\u00f3b zadaje sobie pytania: jak mog\u0142o doj\u015b\u0107 do tej tragedii i dlaczego zgin\u0119\u0142a tak pozytywna, lubiana kobieta. Z naszych ustale\u0144 wynika, \u017ce ca\u0142e zdarzenie zosta\u0142o zarejestrowane przez kamery monitoringu. Nagrania pokazuj\u0105 dok\u0142adny przebieg wypadku \u2013 od nadje\u017cd\u017caj\u0105cego pojazdu, przez moment utraty panowania nad samochodem, a\u017c po potr\u0105cenie i ucieczk\u0119 sprawcy.<\/strong><\/p>\n<p>Ci\u0105g dalszy artyku\u0142u pod zdj\u0119ciami:<\/p>\n<p><a href=\"https:\/\/ostrowskatv.pl\/?attachment_id=36654\" rel=\"attachment wp-att-36654\"><img loading=\"lazy\" decoding=\"async\" src=\"https:\/\/ostrowskatv.pl\/wp-content\/uploads\/2026\/01\/1000103114.jpg\" alt=\"\" width=\"1366\" height=\"934\" class=\"alignnone size-full wp-image-36654\" srcset=\"https:\/\/ostrowskatv.pl\/wp-content\/uploads\/2026\/01\/1000103114.jpg 1366w, https:\/\/ostrowskatv.pl\/wp-content\/uploads\/2026\/01\/1000103114-300x205.jpg 300w, https:\/\/ostrowskatv.pl\/wp-content\/uploads\/2026\/01\/1000103114-1333x911.jpg 1333w\" sizes=\"auto, (max-width: 1366px) 100vw, 1366px\" \/><\/a><\/p>\n<p><a href=\"https:\/\/ostrowskatv.pl\/?attachment_id=36658\" rel=\"attachment wp-att-36658\"><img loading=\"lazy\" decoding=\"async\" src=\"https:\/\/ostrowskatv.pl\/wp-content\/uploads\/2026\/01\/1000103124.jpg\" alt=\"\" width=\"1366\" height=\"769\" class=\"alignnone size-full wp-image-36658\" srcset=\"https:\/\/ostrowskatv.pl\/wp-content\/uploads\/2026\/01\/1000103124.jpg 1366w, https:\/\/ostrowskatv.pl\/wp-content\/uploads\/2026\/01\/1000103124-300x169.jpg 300w, https:\/\/ostrowskatv.pl\/wp-content\/uploads\/2026\/01\/1000103124-1333x750.jpg 1333w\" sizes=\"auto, (max-width: 1366px) 100vw, 1366px\" \/><\/a><\/p>\n<p><a href=\"https:\/\/ostrowskatv.pl\/?attachment_id=36657\" rel=\"attachment wp-att-36657\"><img loading=\"lazy\" decoding=\"async\" src=\"https:\/\/ostrowskatv.pl\/wp-content\/uploads\/2026\/01\/1000103123.jpg\" alt=\"\" width=\"1365\" height=\"768\" class=\"alignnone size-full wp-image-36657\" srcset=\"https:\/\/ostrowskatv.pl\/wp-content\/uploads\/2026\/01\/1000103123.jpg 1365w, https:\/\/ostrowskatv.pl\/wp-content\/uploads\/2026\/01\/1000103123-300x169.jpg 300w, https:\/\/ostrowskatv.pl\/wp-content\/uploads\/2026\/01\/1000103123-1333x750.jpg 1333w\" sizes=\"auto, (max-width: 1365px) 100vw, 1365px\" \/><\/a><\/p>\n<p><a href=\"https:\/\/ostrowskatv.pl\/?attachment_id=36655\" rel=\"attachment wp-att-36655\"><img loading=\"lazy\" decoding=\"async\" src=\"https:\/\/ostrowskatv.pl\/wp-content\/uploads\/2026\/01\/1000103115.jpg\" alt=\"\" width=\"1366\" height=\"769\" class=\"alignnone size-full wp-image-36655\" srcset=\"https:\/\/ostrowskatv.pl\/wp-content\/uploads\/2026\/01\/1000103115.jpg 1366w, https:\/\/ostrowskatv.pl\/wp-content\/uploads\/2026\/01\/1000103115-300x169.jpg 300w, https:\/\/ostrowskatv.pl\/wp-content\/uploads\/2026\/01\/1000103115-1333x750.jpg 1333w\" sizes=\"auto, (max-width: 1366px) 100vw, 1366px\" \/><\/a><\/p>\n<p>Na nagraniu wida\u0107 srebrne BMW jad\u0105ce ulic\u0105 Pi\u0142sudskiego w kierunku \u0142uku drogi. Wed\u0142ug wst\u0119pnych ustale\u0144 pr\u0119dko\u015b\u0107 pojazdu wynosi\u0142a oko\u0142o 85\u201390 km\/h (szacunki te zostan\u0105 jeszcze zweryfikowane przez bieg\u0142ego s\u0105dowego). W tym miejscu obowi\u0105zuje ograniczenie pr\u0119dko\u015bci do 50 km\/h. Warunki drogowe by\u0142y trudne \u2013 noc, temperatura bliska zeru stopni Celsjusza i wilgotna nawierzchnia.<\/p>\n<p>W momencie wjazdu w \u0142uk drogi ty\u0142 pojazdu traci przyczepno\u015b\u0107. Samoch\u00f3d wpada w po\u015blizg i zje\u017cd\u017ca z jezdni na \u015bcie\u017ck\u0119 pieszo-rowerow\u0105. Poniewa\u017c przednie ko\u0142a zachowa\u0142y przyczepno\u015b\u0107, BMW nie uderzy\u0142o w pobliski blok, lecz kontynuowa\u0142o jazd\u0119 poza jezdni\u0105.<\/p>\n<p>Na \u015bcie\u017cce znajdowa\u0142a si\u0119 Anita Idziorek wraz z towarzysz\u0105cym jej m\u0119\u017cczyzn\u0105. Kobieta zosta\u0142a uderzona z ogromn\u0105 si\u0142\u0105 i odrzucona na odleg\u0142o\u015b\u0107 oko\u0142o 15\u201320 metr\u00f3w, zatrzymuj\u0105c si\u0119 na \u015brodku wjazdu do podziemnego gara\u017cu. M\u0119\u017cczyzna, kt\u00f3ry jej towarzyszy\u0142, cudem unikn\u0105\u0142 bezpo\u015bredniego kontaktu z rozp\u0119dzonym pojazdem.<\/p>\n<p>Kierowca BMW, 26-letni mieszkaniec gminy Przygodzice, nie zwolni\u0142 nawet na moment. Odjecha\u0142 z miejsca zdarzenia, po drodze uderzaj\u0105c jeszcze w pionowy znak drogowy oraz bia\u0142o-czerwony s\u0142upek.<\/p>\n<p><strong>Czy Anita mia\u0142a jakiekolwiek szanse prze\u017cy\u0107 takie uderzenie?<\/strong><\/p>\n<p>Analiza techniczna nagra\u0144 i zdj\u0119\u0107 uszkodzonego pojazdu prowadzi do dramatycznych wniosk\u00f3w. Uszkodzenia przodu BMW obejmuj\u0105 centraln\u0105 i praw\u0105 cz\u0119\u015b\u0107 maski, jednak nie dosz\u0142o do istotnej deformacji stref zgniotu. Zderzak zosta\u0142 wcze\u015bniej naruszony przez uderzenie w znak drogowy i s\u0142upek, kt\u00f3re \u2013 ze wzgl\u0119du na swoj\u0105 konstrukcj\u0119 \u2013 nie poch\u0142aniaj\u0105 energii w spos\u00f3b znacz\u0105cy. S\u0105 to elementy cienko\u015bcienne i sztywne, kt\u00f3re \u0142ami\u0105 si\u0119 niemal natychmiast, nie powoduj\u0105c realnego wytracenia pr\u0119dko\u015bci pojazdu.<\/p>\n<p>Kluczowe znaczenie ma r\u00f3wnie\u017c uszkodzenie szyby czo\u0142owej. Widoczne jest typowe paj\u0119czynowe p\u0119kni\u0119cie powsta\u0142e w wyniku uderzenia g\u0142ow\u0105, w dolnej, bardzo sztywnej strefie szyby, blisko podszybia. Brak \u201emi\u0119kkiej\u201d deformacji maski wskazuje na wyj\u0105tkowo wysok\u0105 pr\u0119dko\u015b\u0107 wzgl\u0119dn\u0105 uderzenia oraz ekstremalne warto\u015bci wska\u017anika urazu g\u0142owy (HIC).<\/p>\n<p>Z nagra\u0144 wynika tak\u017ce, \u017ce piesza sz\u0142a ty\u0142em i by\u0142a ca\u0142kowicie zaskoczona. Nie mia\u0142a szans na reakcj\u0119 obronn\u0105 \u2013 nie dosz\u0142o do obrotu tu\u0142owia, amortyzacji r\u0119kami ani obni\u017cenia \u015brodka ci\u0119\u017cko\u015bci. W takiej sytuacji ca\u0142e przyspieszenie i energia uderzenia przenosz\u0105 si\u0119 bezpo\u015brednio na g\u0142ow\u0119 i szyj\u0119, bez jakiegokolwiek \u201ewyd\u0142u\u017cenia\u201d czasu kontaktu, kt\u00f3re mog\u0142oby zmniejszy\u0107 skutki obra\u017ce\u0144.<\/p>\n<p>Nie by\u0142o to typowe potr\u0105cenie z cz\u0119\u015bciowym wytraceniem pr\u0119dko\u015bci. Anita Idziorek zosta\u0142a uderzona bez ostrze\u017cenia, przy sporej pr\u0119dko\u015bci pojazdu, a jej g\u0142owa uderzy\u0142a w jedn\u0105 z najsztywniejszych stref przodu samochodu.<\/p>\n<p>Eksperci wskazuj\u0105, \u017ce przy pr\u0119dko\u015bci 50 km\/h ryzyko \u015bmiertelnych obra\u017ce\u0144 u pieszego wynosi statystycznie 20\u201325 proc. Jednak w tym przypadku \u2013 ze wzgl\u0119du na brak reakcji pieszej, brak wytracenia pr\u0119dko\u015bci i uderzenie g\u0142ow\u0105 w podszybie \u2013 ryzyko to znacz\u0105co ro\u015bnie. Przy 60 km\/h osi\u0105ga poziom 40\u201350 proc., co jest progiem uraz\u00f3w krytycznych m\u00f3zgu. Przy pr\u0119dko\u015bci oko\u0142o 90 km\/h, jak\u0105 mog\u0142o mie\u0107 BMW, ryzyko \u015bmierci przekracza 90 proc., a obra\u017cenia s\u0105 w praktyce nieprze\u017cywalne.<\/p>\n<p>Najbardziej wstrz\u0105saj\u0105cy wniosek p\u0142yn\u0105cy z tej analizy jest jednoznaczny. Przy pr\u0119dko\u015bci oko\u0142o 50 km\/h \u2013 nawet przy niesprzyjaj\u0105cych okoliczno\u015bciach \u2013 statystycznie istnieje jeszcze realna szansa prze\u017cycia potr\u0105cenia, cho\u0107 ryzyko ci\u0119\u017ckich obra\u017ce\u0144 pozostaje bardzo wysokie. W momencie, gdy pr\u0119dko\u015b\u0107 pojazdu zbli\u017ca si\u0119 do 90 km\/h, sytuacja zmienia si\u0119 diametralnie. Energia uderzenia ro\u015bnie wielokrotnie, a cia\u0142o pieszego przestaje by\u0107 w stanie j\u0105 w jakikolwiek spos\u00f3b zaabsorbowa\u0107. W takich warunkach dochodzi do uraz\u00f3w uznawanych przez medycyn\u0119 urazow\u0105 za praktycznie nieprze\u017cywalne \u2013 zw\u0142aszcza gdy uderzenie nast\u0119puje bez ostrze\u017cenia i dotyczy g\u0142owy oraz szyi. To ju\u017c nie jest kwestia \u201ewi\u0119kszego ryzyka\u201d, lecz granicy, po kt\u00f3rej przekroczeniu szanse na prze\u017cycie staj\u0105 si\u0119 znikome.<\/p>\n<p>Ostatnie po\u017cegnanie Anity Idziorek w poniedzia\u0142ek o godzinie 11.00 w ko\u015bciele w Wysocku Wielkim.<\/p>\n","protected":false},"excerpt":{"rendered":"Tragiczne potr\u0105cenie Anity Idziorek w sylwestrow\u0105 noc wstrz\u0105sn\u0119\u0142o mieszka\u0144cami Ostrowa Wielkopolskiego i ca\u0142ego regionu. Wiele os\u00f3b zadaje sobie pytania: jak mog\u0142o doj\u015b\u0107 do \n<a class=\"moretag\" href=\"https:\/\/ostrowskatv.pl\/?p=36680\"> [...]<\/a>","protected":false},"author":1,"featured_media":36681,"comment_status":"open","ping_status":"closed","sticky":false,"template":"","format":"standard","meta":{"footnotes":""},"categories":[1],"tags":[11],"class_list":["post-36680","post","type-post","status-publish","format-standard","has-post-thumbnail","hentry","category-news","tag-wypadek"],"_links":{"self":[{"href":"https:\/\/ostrowskatv.pl\/index.php?rest_route=\/wp\/v2\/posts\/36680","targetHints":{"allow":["GET"]}}],"collection":[{"href":"https:\/\/ostrowskatv.pl\/index.php?rest_route=\/wp\/v2\/posts"}],"about":[{"href":"https:\/\/ostrowskatv.pl\/index.php?rest_route=\/wp\/v2\/types\/post"}],"author":[{"embeddable":true,"href":"https:\/\/ostrowskatv.pl\/index.php?rest_route=\/wp\/v2\/users\/1"}],"replies":[{"embeddable":true,"href":"https:\/\/ostrowskatv.pl\/index.php?rest_route=%2Fwp%2Fv2%2Fcomments&post=36680"}],"version-history":[{"count":1,"href":"https:\/\/ostrowskatv.pl\/index.php?rest_route=\/wp\/v2\/posts\/36680\/revisions"}],"predecessor-version":[{"id":36682,"href":"https:\/\/ostrowskatv.pl\/index.php?rest_route=\/wp\/v2\/posts\/36680\/revisions\/36682"}],"wp:featuredmedia":[{"embeddable":true,"href":"https:\/\/ostrowskatv.pl\/index.php?rest_route=\/wp\/v2\/media\/36681"}],"wp:attachment":[{"href":"https:\/\/ostrowskatv.pl\/index.php?rest_route=%2Fwp%2Fv2%2Fmedia&parent=36680"}],"wp:term":[{"taxonomy":"category","embeddable":true,"href":"https:\/\/ostrowskatv.pl\/index.php?rest_route=%2Fwp%2Fv2%2Fcategories&post=36680"},{"taxonomy":"post_tag","embeddable":true,"href":"https:\/\/ostrowskatv.pl\/index.php?rest_route=%2Fwp%2Fv2%2Ftags&post=36680"}],"curies":[{"name":"wp","href":"https:\/\/api.w.org\/{rel}","templated":true}]}}