{"id":36641,"date":"2025-12-30T13:50:28","date_gmt":"2025-12-30T12:50:28","guid":{"rendered":"https:\/\/ostrowskatv.pl\/?p=36641"},"modified":"2025-12-30T13:51:09","modified_gmt":"2025-12-30T12:51:09","slug":"36641","status":"publish","type":"post","link":"https:\/\/ostrowskatv.pl\/?p=36641","title":{"rendered":"Zmar\u0142 nagle przy ko\u015bciele (ZDJ\u0118CIA)"},"content":{"rendered":"<p><strong>We wtorkowe przedpo\u0142udnie dosz\u0142o do smutnego zdarzenia. Na chodniku wzd\u0142u\u017c ulicy Wojska Polskiego w Ostrowie Wielkopolskim, tu\u017c obok ko\u015bcio\u0142a pw. \u015bw. Antoniego, zgas\u0142o ludzkie \u017cycie. Starszy m\u0119\u017cczyzna, id\u0105c zwyczajnie przed siebie, nagle osun\u0105\u0142 si\u0119 na ziemi\u0119. Jego serce przesta\u0142o bi\u0107 \u2014 bez zapowiedzi, bez po\u017cegnania, w miejscu, gdzie jeszcze chwil\u0119 wcze\u015bniej toczy\u0142o si\u0119 zwyk\u0142e \u017cycie.<\/strong><\/p>\n<p>Na miejsce natychmiast wezwano s\u0142u\u017cby. Zgodnie z procedurami, poniewa\u017c do \u015bmierci dosz\u0142o w przestrzeni publicznej, pojawi\u0142a si\u0119 policja, kt\u00f3ra parawanem os\u0142oni\u0142a cia\u0142o 78-letniego m\u0119\u017cczyzny. Ten symboliczny gest ciszy i zas\u0142oni\u0119cia podkre\u015bla\u0142 powag\u0119 chwili \u2014 moment, w kt\u00f3rym codzienno\u015b\u0107 spotyka si\u0119 z ostateczno\u015bci\u0105. Wszystko wskazuje na to, \u017ce m\u0119\u017cczyzna zmar\u0142 nagle, lecz z przyczyn naturalnych. Bez udzia\u0142u os\u00f3b trzecich, bez dramatu widocznego na pierwszy rzut oka \u2014 a jednak z dramatem najwi\u0119kszym, bo nieodwracalnym.<\/p>\n<p>Ta sytuacja sk\u0142ania do refleksji nad krucho\u015bci\u0105 ludzkiego \u017cycia. W Polsce \u015brednia d\u0142ugo\u015b\u0107 \u017cycia m\u0119\u017cczyzn wynosi dzi\u015b oko\u0142o 74\u201375 lat, natomiast kobiet oko\u0142o 82 lat. Cho\u0107 statystyki pokazuj\u0105 stopniowe wyd\u0142u\u017canie si\u0119 \u017cycia, wci\u0105\u017c najcz\u0119stszymi przyczynami zgon\u00f3w pozostaj\u0105 choroby uk\u0142adu kr\u0105\u017cenia \u2014 w tym zawa\u0142y serca i udary \u2014 a tak\u017ce nowotwory. Wysoko na li\u015bcie znajduj\u0105 si\u0119 r\u00f3wnie\u017c choroby uk\u0142adu oddechowego oraz nag\u0142e zdarzenia zdrowotne, kt\u00f3re potrafi\u0105 odebra\u0107 \u017cycie w jednej chwili, bez wcze\u015bniejszych sygna\u0142\u00f3w ostrzegawczych.<\/p>\n<p>Wtorkowe wydarzenie przypomina, jak cienka jest granica mi\u0119dzy \u201ejeszcze chwil\u0105\u201d a \u201eju\u017c nigdy\u201d. \u017be ka\u017cdy krok, ka\u017cdy spacer, ka\u017cda zwyk\u0142a droga chodnikiem mo\u017ce by\u0107 czyim\u015b ostatnim. I \u017ce za policyjnym parawanem, statystyk\u0105 wieku czy such\u0105 informacj\u0105 o przyczynach \u015bmierci zawsze kryje si\u0119 cz\u0142owiek \u2014 z histori\u0105, wspomnieniami i bliskimi, kt\u00f3rzy tego dnia stracili kogo\u015b wa\u017cnego.<\/p>\n<p><a href=\"https:\/\/ostrowskatv.pl\/?attachment_id=36642\" rel=\"attachment wp-att-36642\"><img loading=\"lazy\" decoding=\"async\" class=\"alignnone size-full wp-image-36642\" src=\"https:\/\/ostrowskatv.pl\/wp-content\/uploads\/2025\/12\/1000102634.jpg\" alt=\"\" width=\"1366\" height=\"730\" srcset=\"https:\/\/ostrowskatv.pl\/wp-content\/uploads\/2025\/12\/1000102634.jpg 1366w, https:\/\/ostrowskatv.pl\/wp-content\/uploads\/2025\/12\/1000102634-300x160.jpg 300w, https:\/\/ostrowskatv.pl\/wp-content\/uploads\/2025\/12\/1000102634-1333x712.jpg 1333w\" sizes=\"auto, (max-width: 1366px) 100vw, 1366px\" \/><\/a><\/p>\n<p><a href=\"https:\/\/ostrowskatv.pl\/?attachment_id=36643\" rel=\"attachment wp-att-36643\"><img loading=\"lazy\" decoding=\"async\" class=\"alignnone size-full wp-image-36643\" src=\"https:\/\/ostrowskatv.pl\/wp-content\/uploads\/2025\/12\/1000102627.jpg\" alt=\"\" width=\"1365\" height=\"813\" srcset=\"https:\/\/ostrowskatv.pl\/wp-content\/uploads\/2025\/12\/1000102627.jpg 1365w, https:\/\/ostrowskatv.pl\/wp-content\/uploads\/2025\/12\/1000102627-300x179.jpg 300w, https:\/\/ostrowskatv.pl\/wp-content\/uploads\/2025\/12\/1000102627-1333x794.jpg 1333w\" sizes=\"auto, (max-width: 1365px) 100vw, 1365px\" \/><\/a><\/p>\n<p><a href=\"https:\/\/ostrowskatv.pl\/?attachment_id=36644\" rel=\"attachment wp-att-36644\"><img loading=\"lazy\" decoding=\"async\" class=\"alignnone size-full wp-image-36644\" src=\"https:\/\/ostrowskatv.pl\/wp-content\/uploads\/2025\/12\/1000102626.jpg\" alt=\"\" width=\"1366\" height=\"781\" srcset=\"https:\/\/ostrowskatv.pl\/wp-content\/uploads\/2025\/12\/1000102626.jpg 1366w, https:\/\/ostrowskatv.pl\/wp-content\/uploads\/2025\/12\/1000102626-300x172.jpg 300w, https:\/\/ostrowskatv.pl\/wp-content\/uploads\/2025\/12\/1000102626-1333x762.jpg 1333w\" sizes=\"auto, (max-width: 1366px) 100vw, 1366px\" \/><\/a><\/p>\n<p><a href=\"https:\/\/ostrowskatv.pl\/?attachment_id=36645\" rel=\"attachment wp-att-36645\"><img loading=\"lazy\" decoding=\"async\" class=\"alignnone size-full wp-image-36645\" src=\"https:\/\/ostrowskatv.pl\/wp-content\/uploads\/2025\/12\/1000102625.jpg\" alt=\"\" width=\"1365\" height=\"768\" srcset=\"https:\/\/ostrowskatv.pl\/wp-content\/uploads\/2025\/12\/1000102625.jpg 1365w, https:\/\/ostrowskatv.pl\/wp-content\/uploads\/2025\/12\/1000102625-300x169.jpg 300w, https:\/\/ostrowskatv.pl\/wp-content\/uploads\/2025\/12\/1000102625-1333x750.jpg 1333w\" sizes=\"auto, (max-width: 1365px) 100vw, 1365px\" \/><\/a><\/p>\n","protected":false},"excerpt":{"rendered":"We wtorkowe przedpo\u0142udnie dosz\u0142o do smutnego zdarzenia. Na chodniku wzd\u0142u\u017c ulicy Wojska Polskiego w Ostrowie Wielkopolskim, tu\u017c obok ko\u015bcio\u0142a pw. \u015bw. Antoniego, zgas\u0142o \n<a class=\"moretag\" href=\"https:\/\/ostrowskatv.pl\/?p=36641\"> [...]<\/a>","protected":false},"author":1,"featured_media":36644,"comment_status":"open","ping_status":"closed","sticky":false,"template":"","format":"standard","meta":{"footnotes":""},"categories":[1],"tags":[2],"class_list":["post-36641","post","type-post","status-publish","format-standard","has-post-thumbnail","hentry","category-news","tag-ostrow-wielkopolski"],"_links":{"self":[{"href":"https:\/\/ostrowskatv.pl\/index.php?rest_route=\/wp\/v2\/posts\/36641","targetHints":{"allow":["GET"]}}],"collection":[{"href":"https:\/\/ostrowskatv.pl\/index.php?rest_route=\/wp\/v2\/posts"}],"about":[{"href":"https:\/\/ostrowskatv.pl\/index.php?rest_route=\/wp\/v2\/types\/post"}],"author":[{"embeddable":true,"href":"https:\/\/ostrowskatv.pl\/index.php?rest_route=\/wp\/v2\/users\/1"}],"replies":[{"embeddable":true,"href":"https:\/\/ostrowskatv.pl\/index.php?rest_route=%2Fwp%2Fv2%2Fcomments&post=36641"}],"version-history":[{"count":3,"href":"https:\/\/ostrowskatv.pl\/index.php?rest_route=\/wp\/v2\/posts\/36641\/revisions"}],"predecessor-version":[{"id":36648,"href":"https:\/\/ostrowskatv.pl\/index.php?rest_route=\/wp\/v2\/posts\/36641\/revisions\/36648"}],"wp:featuredmedia":[{"embeddable":true,"href":"https:\/\/ostrowskatv.pl\/index.php?rest_route=\/wp\/v2\/media\/36644"}],"wp:attachment":[{"href":"https:\/\/ostrowskatv.pl\/index.php?rest_route=%2Fwp%2Fv2%2Fmedia&parent=36641"}],"wp:term":[{"taxonomy":"category","embeddable":true,"href":"https:\/\/ostrowskatv.pl\/index.php?rest_route=%2Fwp%2Fv2%2Fcategories&post=36641"},{"taxonomy":"post_tag","embeddable":true,"href":"https:\/\/ostrowskatv.pl\/index.php?rest_route=%2Fwp%2Fv2%2Ftags&post=36641"}],"curies":[{"name":"wp","href":"https:\/\/api.w.org\/{rel}","templated":true}]}}