{"id":366,"date":"2016-02-15T19:55:58","date_gmt":"2016-02-15T18:55:58","guid":{"rendered":"http:\/\/ostrowska.tv\/?p=366"},"modified":"2016-02-15T19:55:58","modified_gmt":"2016-02-15T18:55:58","slug":"ostrow-ma-byc-smart-city","status":"publish","type":"post","link":"https:\/\/ostrowskatv.pl\/?p=366","title":{"rendered":"Ostr\u00f3w ma by\u0107 Smart City"},"content":{"rendered":"<p><strong>W\u0142adze miasta przedstawi\u0142y cele dzia\u0142alno\u015bci Centrum Rozwoju Komunalnego, czyli sp\u00f3\u0142ki, kt\u00f3ra powsta\u0142a w miejsce Holdikomu. Na czym dok\u0142adnie b\u0119dzie polega\u0107 jej rola?<\/strong><\/p>\n<p>Jak ju\u017c wcze\u015bniej informowali\u015bmy, <strong>Centrum Rozwoju Komunalnego<\/strong> ma ju\u017c oficjalnie prezesa. Zosta\u0142 nim <strong>Marek Kolasi\u0144ski.<\/strong> Nowa sp\u00f3\u0142ka nakre\u015bli\u0142a tak\u017ce plan dzia\u0142ania na najbli\u017csze lata. &#8211; Jest trzyletni plan, kt\u00f3ry zak\u0142ada inwestycje w gospodarce komunalnej na poziomie 100 milion\u00f3w z\u0142otych. Mamy tak\u017ce zamiar stworzy\u0107 projekt dziesi\u0119cioletni, \u017ceby nakre\u015bli\u0107 ramy rozwoju \u2013 t\u0142umaczy prezydent miasta <strong>Beata Klimek.<\/strong><\/p>\n<p>CRK ma sprawi\u0107, \u017ce Ostr\u00f3w stanie si\u0119 w najbli\u017cszym czasie inteligentnie zarz\u0105dzanym miastem. &#8211; Wa\u017cnym elementem naszej gospodarki komunalnej, do kt\u00f3rego przyk\u0142adamy du\u017c\u0105 wag\u0119, jest szereg element\u00f3w Smart City. To inteligentne zarz\u0105dzanie miastem, kt\u00f3re jest mo\u017cliwe dzi\u0119ki szczeg\u00f3\u0142owemu opomiarowaniu \u2013 wyja\u015bnia <strong>Beata Klimek<\/strong>. &#8211; Smart City jest bardzo szerokim i no\u015bnym tematem. W ramach tego projektu chcemy mi\u0119dzy innymi w inteligentny spos\u00f3b zarz\u0105dza\u0107 sieci\u0105 komunikacji miejskiej. Zale\u017cy nam na tym, \u017ceby informacje, kt\u00f3re pojawiaj\u0105 si\u0119 w tej chwili na przystankach, by\u0142y tak\u017ce dost\u0119pne w aplikacjach telefonicznych. Ka\u017cdy wychodz\u0105c z domu ma wiedzie\u0107, za ile minut na konkretny przystanek podjedzie konkretny autobus \u2013 dodaje prezes sp\u00f3\u0142ki <strong>Marek Kolasi\u0144ski.<\/strong><\/p>\n<p>Dzia\u0142a\u0144 w ramach<strong> Smart City<\/strong> ma by\u0107 bardzo wiele. W\u0142adze miasta planuj\u0105 nawet zorganizowa\u0107 niebawem w tej sprawie specjalne spotkanie, na kt\u00f3rym przedstawi\u0105 szczeg\u00f3\u0142owe za\u0142o\u017cenia. Cz\u0119\u015b\u0107 z nich znamy jednak ju\u017c teraz. Mieszka\u0144cy maj\u0105 otrzyma\u0107 wiele udogodnie\u0144. Jedno z nich dotyczy parkowania w centrum. Mo\u017cliwe jest stworzenie aplikacji, kt\u00f3ra b\u0119dzie informowa\u0107 kierowc\u00f3w o tym, gdzie w danej chwili znajduje si\u0119 wolne miejsce parkingowe. &#8211; Je\u015bli uda nam si\u0119 zmonitorowa\u0107 wszystkie miejsce parkingowe, to stworzenie takiej aplikacji jest mo\u017cliwe \u2013 przekonuje wiceprezydent<strong> Ziemowit Borowczak.<\/strong><\/p>\n<p>CRK chce si\u0119 tak\u017ce zaj\u0105\u0107 tematem transportu w mie\u015bcie, kt\u00f3ry jest \u015bci\u015ble powi\u0105zany z kwestiami \u015brodowiskowymi. &#8211; Powietrze w Ostrowie nie jest najczystsze i dlatego chcemy postawi\u0107 mi\u0119dzy innymi na komunikacj\u0119 elektryczn\u0105. Mamy w planach zakup kilku autobus\u00f3w wraz ze stacjami \u0142adowania, kt\u00f3re by\u0142yby zasilane tani\u0105 energi\u0105 z OZC-u \u2013 przekonuje <strong>prezes CRK.<\/strong><\/p>\n<p>Nowa sp\u00f3\u0142ka zamierza r\u00f3wnie\u017c w okresie letnim zamieni\u0107 ciep\u0142o w&#8230; ch\u0142\u00f3d. Dzi\u0119ki temu miasto ma zaoszcz\u0119dzi\u0107 sporo pieni\u0119dzy. &#8211; Latem z ciep\u0142owniami jest problem i dlatego chcemy wtedy zamieni\u0107 ciep\u0142o w ch\u0142\u00f3d. S\u0105 technologie, kt\u00f3re na to pozwalaj\u0105. Dzi\u0119ki temu mogliby\u015bmy zasila\u0107 r\u00f3\u017cnego rodzaju budynki. Mo\u017cna powiedzie\u0107, \u017ce uzyskamy taki sam efekt jak w przypadku klimatyzacji \u2013 wyja\u015bnia <strong>Kolasi\u0144ski.<\/strong> &#8211; To produkcja ch\u0142odu z ciep\u0142a, a nie z bardzo drogiego pr\u0105du. Mo\u017cemy wykorzysta\u0107 alternatywne i znacznie ta\u0144sze \u017ar\u00f3d\u0142o \u2013 dodaje <strong>Beata Klimek<\/strong><\/p>\n<p>Wa\u017cnym elementem ma by\u0107 tak\u017ce kwestia zarz\u0105dzania sieci\u0105 wodoci\u0105gow\u0105. Nowy prezes CRK szacuje, \u017ce w Ostrowie straty wody si\u0119gaj\u0105 20 proc. &#8211; To mo\u017cna ograniczy\u0107. Dobry europejski poziom zak\u0142ada 5 proc. strat. Mamy du\u017cy obszar do dzia\u0142ania. Zamierzamy wprowadzi\u0107 szczeg\u00f3\u0142owy system monitoringu. Celem jest doj\u015bcie do poziomu 10 proc. &#8211; dodaje <strong>Kolasi\u0144ski.<\/strong><\/p>\n<p>Jak oceniaj\u0105 Pa\u0144stwo powy\u017csze za\u0142o\u017cenia? Czy Ostr\u00f3w powinien stawia\u0107 na rozwi\u0105zania Smart City? <strong>Zach\u0119camy do dyskusji w komentarzach.<\/strong><\/p>\n","protected":false},"excerpt":{"rendered":"W\u0142adze miasta przedstawi\u0142y cele dzia\u0142alno\u015bci Centrum Rozwoju Komunalnego, czyli sp\u00f3\u0142ki, kt\u00f3ra powsta\u0142a w miejsce Holdikomu. Na czym dok\u0142adnie b\u0119dzie polega\u0107 jej rola? Jak \n<a class=\"moretag\" href=\"https:\/\/ostrowskatv.pl\/?p=366\"> [...]<\/a>","protected":false},"author":1,"featured_media":367,"comment_status":"open","ping_status":"open","sticky":false,"template":"","format":"standard","meta":{"footnotes":""},"categories":[1],"tags":[46],"class_list":["post-366","post","type-post","status-publish","format-standard","has-post-thumbnail","hentry","category-news","tag-crk"],"_links":{"self":[{"href":"https:\/\/ostrowskatv.pl\/index.php?rest_route=\/wp\/v2\/posts\/366","targetHints":{"allow":["GET"]}}],"collection":[{"href":"https:\/\/ostrowskatv.pl\/index.php?rest_route=\/wp\/v2\/posts"}],"about":[{"href":"https:\/\/ostrowskatv.pl\/index.php?rest_route=\/wp\/v2\/types\/post"}],"author":[{"embeddable":true,"href":"https:\/\/ostrowskatv.pl\/index.php?rest_route=\/wp\/v2\/users\/1"}],"replies":[{"embeddable":true,"href":"https:\/\/ostrowskatv.pl\/index.php?rest_route=%2Fwp%2Fv2%2Fcomments&post=366"}],"version-history":[{"count":0,"href":"https:\/\/ostrowskatv.pl\/index.php?rest_route=\/wp\/v2\/posts\/366\/revisions"}],"wp:featuredmedia":[{"embeddable":true,"href":"https:\/\/ostrowskatv.pl\/index.php?rest_route=\/wp\/v2\/media\/367"}],"wp:attachment":[{"href":"https:\/\/ostrowskatv.pl\/index.php?rest_route=%2Fwp%2Fv2%2Fmedia&parent=366"}],"wp:term":[{"taxonomy":"category","embeddable":true,"href":"https:\/\/ostrowskatv.pl\/index.php?rest_route=%2Fwp%2Fv2%2Fcategories&post=366"},{"taxonomy":"post_tag","embeddable":true,"href":"https:\/\/ostrowskatv.pl\/index.php?rest_route=%2Fwp%2Fv2%2Ftags&post=366"}],"curies":[{"name":"wp","href":"https:\/\/api.w.org\/{rel}","templated":true}]}}