{"id":36569,"date":"2025-12-25T12:40:11","date_gmt":"2025-12-25T11:40:11","guid":{"rendered":"https:\/\/ostrowskatv.pl\/?p=36569"},"modified":"2025-12-25T12:46:20","modified_gmt":"2025-12-25T11:46:20","slug":"wigilijne-przestepstwa","status":"publish","type":"post","link":"https:\/\/ostrowskatv.pl\/?p=36569","title":{"rendered":"Wigilijne przest\u0119pstwa"},"content":{"rendered":"<div class=\"head\">\n<p class=\"intro\"><strong>Dla ostrowskich policjant\u00f3w nie by\u0142 wy\u0142\u0105cznie dniem wigilijnym, kojarzonym ze \u015bwi\u0105tecznym spokojem. By\u0142 to czas intensywnej pracy, bowiem funkcjonariusze zostali powiadomieni o serii przest\u0119pstw pope\u0142nionych na terenie Ostrowa Wielkopolskiego. Sprawa dotyczy\u0142a m.in. kradzie\u017cy z w\u0142amaniem do gara\u017cu, sk\u0105d zosta\u0142 zabrany samoch\u00f3d, kradzie\u017cy elektronarz\u0119dzi oraz zdemontowania tablic rejestracyjnych z innego pojazdu. Jak ustalili policjanci, za wszystkie te czyny prawdopodobnie odpowiadali ci sami sprawcy, kt\u00f3rzy tego samego dnia zostali zatrzymani, a skradziony samoch\u00f3d odzyskano.<\/strong><\/p>\n<p><a href=\"https:\/\/ostrowskatv.pl\/?attachment_id=36570\" rel=\"attachment wp-att-36570\"><img loading=\"lazy\" decoding=\"async\" class=\"alignnone size-full wp-image-36570\" src=\"https:\/\/ostrowskatv.pl\/wp-content\/uploads\/2025\/12\/1000100949.jpg\" alt=\"\" width=\"1366\" height=\"685\" srcset=\"https:\/\/ostrowskatv.pl\/wp-content\/uploads\/2025\/12\/1000100949.jpg 1366w, https:\/\/ostrowskatv.pl\/wp-content\/uploads\/2025\/12\/1000100949-300x150.jpg 300w, https:\/\/ostrowskatv.pl\/wp-content\/uploads\/2025\/12\/1000100949-1333x668.jpg 1333w\" sizes=\"auto, (max-width: 1366px) 100vw, 1366px\" \/><\/a><\/p>\n<p><a href=\"https:\/\/ostrowskatv.pl\/?attachment_id=36571\" rel=\"attachment wp-att-36571\"><img loading=\"lazy\" decoding=\"async\" class=\"alignnone size-full wp-image-36571\" src=\"https:\/\/ostrowskatv.pl\/wp-content\/uploads\/2025\/12\/1000100950.jpg\" alt=\"\" width=\"1365\" height=\"716\" srcset=\"https:\/\/ostrowskatv.pl\/wp-content\/uploads\/2025\/12\/1000100950.jpg 1365w, https:\/\/ostrowskatv.pl\/wp-content\/uploads\/2025\/12\/1000100950-300x157.jpg 300w, https:\/\/ostrowskatv.pl\/wp-content\/uploads\/2025\/12\/1000100950-1333x699.jpg 1333w\" sizes=\"auto, (max-width: 1365px) 100vw, 1365px\" \/><\/a><\/p>\n<p><a href=\"https:\/\/ostrowskatv.pl\/?attachment_id=36572\" rel=\"attachment wp-att-36572\"><img loading=\"lazy\" decoding=\"async\" class=\"alignnone size-full wp-image-36572\" src=\"https:\/\/ostrowskatv.pl\/wp-content\/uploads\/2025\/12\/1000100951-1.jpg\" alt=\"\" width=\"1365\" height=\"768\" srcset=\"https:\/\/ostrowskatv.pl\/wp-content\/uploads\/2025\/12\/1000100951-1.jpg 1365w, https:\/\/ostrowskatv.pl\/wp-content\/uploads\/2025\/12\/1000100951-1-300x169.jpg 300w, https:\/\/ostrowskatv.pl\/wp-content\/uploads\/2025\/12\/1000100951-1-1333x750.jpg 1333w\" sizes=\"auto, (max-width: 1365px) 100vw, 1365px\" \/><\/a><\/p>\n<p><a href=\"https:\/\/ostrowskatv.pl\/?attachment_id=36573\" rel=\"attachment wp-att-36573\"><img loading=\"lazy\" decoding=\"async\" class=\"alignnone size-full wp-image-36573\" src=\"https:\/\/ostrowskatv.pl\/wp-content\/uploads\/2025\/12\/1000100952.jpg\" alt=\"\" width=\"1365\" height=\"768\" srcset=\"https:\/\/ostrowskatv.pl\/wp-content\/uploads\/2025\/12\/1000100952.jpg 1365w, https:\/\/ostrowskatv.pl\/wp-content\/uploads\/2025\/12\/1000100952-300x169.jpg 300w, https:\/\/ostrowskatv.pl\/wp-content\/uploads\/2025\/12\/1000100952-1333x750.jpg 1333w\" sizes=\"auto, (max-width: 1365px) 100vw, 1365px\" \/><\/a><\/p>\n<p><a href=\"https:\/\/ostrowskatv.pl\/?attachment_id=36574\" rel=\"attachment wp-att-36574\"><img loading=\"lazy\" decoding=\"async\" class=\"alignnone size-full wp-image-36574\" src=\"https:\/\/ostrowskatv.pl\/wp-content\/uploads\/2025\/12\/1000100953.jpg\" alt=\"\" width=\"1365\" height=\"768\" srcset=\"https:\/\/ostrowskatv.pl\/wp-content\/uploads\/2025\/12\/1000100953.jpg 1365w, https:\/\/ostrowskatv.pl\/wp-content\/uploads\/2025\/12\/1000100953-300x169.jpg 300w, https:\/\/ostrowskatv.pl\/wp-content\/uploads\/2025\/12\/1000100953-1333x750.jpg 1333w\" sizes=\"auto, (max-width: 1365px) 100vw, 1365px\" \/><\/a><\/p>\n<p><a href=\"https:\/\/ostrowskatv.pl\/?attachment_id=36575\" rel=\"attachment wp-att-36575\"><img loading=\"lazy\" decoding=\"async\" class=\"alignnone size-full wp-image-36575\" src=\"https:\/\/ostrowskatv.pl\/wp-content\/uploads\/2025\/12\/1000100954.jpg\" alt=\"\" width=\"1366\" height=\"769\" srcset=\"https:\/\/ostrowskatv.pl\/wp-content\/uploads\/2025\/12\/1000100954.jpg 1366w, https:\/\/ostrowskatv.pl\/wp-content\/uploads\/2025\/12\/1000100954-300x169.jpg 300w, https:\/\/ostrowskatv.pl\/wp-content\/uploads\/2025\/12\/1000100954-1333x750.jpg 1333w\" sizes=\"auto, (max-width: 1366px) 100vw, 1366px\" \/><\/a><\/p>\n<p><a href=\"https:\/\/ostrowskatv.pl\/?attachment_id=36576\" rel=\"attachment wp-att-36576\"><img loading=\"lazy\" decoding=\"async\" class=\"alignnone size-full wp-image-36576\" src=\"https:\/\/ostrowskatv.pl\/wp-content\/uploads\/2025\/12\/1000100955.jpg\" alt=\"\" width=\"1365\" height=\"768\" srcset=\"https:\/\/ostrowskatv.pl\/wp-content\/uploads\/2025\/12\/1000100955.jpg 1365w, https:\/\/ostrowskatv.pl\/wp-content\/uploads\/2025\/12\/1000100955-300x169.jpg 300w, https:\/\/ostrowskatv.pl\/wp-content\/uploads\/2025\/12\/1000100955-1333x750.jpg 1333w\" sizes=\"auto, (max-width: 1365px) 100vw, 1365px\" \/><\/a><\/p>\n<\/div>\n<p>W wigilijny dzie\u0144, 24 grudnia br., Komenda Powiatowa Policji w Ostrowie Wielkopolskim zosta\u0142a powiadomiona o kradzie\u017cy z w\u0142amaniem do gara\u017cu na terenie miasta. Jak ustalili policjanci, nieznani w\u00f3wczas sprawcy w\u0142amali si\u0119 do jednego z gara\u017cy w rejonie ulicy Komuny Paryskiej, sk\u0105d dokonali kradzie\u017cy samochodu osobowego marki Peugeot o warto\u015bci oko\u0142o 25 tysi\u0119cy z\u0142otych.<\/p>\n<p>Na tym jednak nie zako\u0144czy\u0142a si\u0119 ich przest\u0119pcza dzia\u0142alno\u015b\u0107. Z wn\u0119trza gara\u017cu skradzione zosta\u0142y r\u00f3wnie\u017c elektronarz\u0119dzia. \u0141\u0105czna warto\u015b\u0107 skradzionego mienia przekroczy\u0142a 1500 z\u0142otych.<\/p>\n<p>Jak wynika\u0142o z dalszych ustale\u0144 policjant\u00f3w, prawdopodobnie ci sami sprawcy dopu\u015bcili si\u0119 kolejnego przest\u0119pstwa. Tego samego dnia, oko\u0142o godziny 13:00 w rejonie Piask\u00f3w\u2013Szczygliczka, w Ostrowie Wielkopolskim, zdemontowali tablice rejestracyjne z zaparkowanego pojazdu marki Citroen. W\u0142a\u015bciciel samochodu przyjecha\u0142 tam na spacer, a po powrocie zauwa\u017cy\u0142 brak tablic.<\/p>\n<p>W toku prowadzonych czynno\u015bci funkcjonariusze ustalili, \u017ce za przest\u0119pstwa mog\u0105 by\u0107 odpowiedzialni trzej m\u0119\u017cczy\u017ani. Ponadto mundurowi uzyskali informacj\u0119, \u017ce skradziony Peugeot porusza si\u0119 tras\u0105 Kalisz &#8211; Ostr\u00f3w Wielkopolski, gdzie niezw\u0142ocznie si\u0119 udali, zauwa\u017cyli poszukiwany pojazd i zatrzymali go do kontroli. W akcji wzi\u0119\u0142y udzia\u0142 4 radiowozy. Do zatrzymania dosz\u0142o przy skr\u0119cie na Ko\u015bciuszk\u00f3w.<\/p>\n<p>W samochodzie znajdowa\u0142o si\u0119 trzech m\u0119\u017cczyzn. Byli to: 34-letni mieszkaniec Ostrowa Wielkopolskiego, 34-letni mieszkaniec gminy So\u015bnie oraz 32-letni mieszkaniec Ostrowa Wielkopolskiego. Podczas czynno\u015bci przy jednym z m\u0119\u017cczyzn ujawniono woreczek strunowy z zawarto\u015bci\u0105 substancji zabronionej &#8211; marihuany.<\/p>\n<p>Wszyscy m\u0119\u017cczy\u017ani zostali zatrzymani. Skradziony pojazd zosta\u0142 odzyskany. Zatrzymani trafili do policyjnego aresztu, gdzie wykonane zostan\u0105 z nimi dalsze czynno\u015bci. Sprawa ma charakter rozwojowy.<\/p>\n","protected":false},"excerpt":{"rendered":"Dla ostrowskich policjant\u00f3w nie by\u0142 wy\u0142\u0105cznie dniem wigilijnym, kojarzonym ze \u015bwi\u0105tecznym spokojem. By\u0142 to czas intensywnej pracy, bowiem funkcjonariusze zostali powiadomieni o serii \n<a class=\"moretag\" href=\"https:\/\/ostrowskatv.pl\/?p=36569\"> [...]<\/a>","protected":false},"author":1,"featured_media":36576,"comment_status":"open","ping_status":"closed","sticky":false,"template":"","format":"standard","meta":{"footnotes":""},"categories":[1],"tags":[],"class_list":["post-36569","post","type-post","status-publish","format-standard","has-post-thumbnail","hentry","category-news"],"_links":{"self":[{"href":"https:\/\/ostrowskatv.pl\/index.php?rest_route=\/wp\/v2\/posts\/36569","targetHints":{"allow":["GET"]}}],"collection":[{"href":"https:\/\/ostrowskatv.pl\/index.php?rest_route=\/wp\/v2\/posts"}],"about":[{"href":"https:\/\/ostrowskatv.pl\/index.php?rest_route=\/wp\/v2\/types\/post"}],"author":[{"embeddable":true,"href":"https:\/\/ostrowskatv.pl\/index.php?rest_route=\/wp\/v2\/users\/1"}],"replies":[{"embeddable":true,"href":"https:\/\/ostrowskatv.pl\/index.php?rest_route=%2Fwp%2Fv2%2Fcomments&post=36569"}],"version-history":[{"count":5,"href":"https:\/\/ostrowskatv.pl\/index.php?rest_route=\/wp\/v2\/posts\/36569\/revisions"}],"predecessor-version":[{"id":36581,"href":"https:\/\/ostrowskatv.pl\/index.php?rest_route=\/wp\/v2\/posts\/36569\/revisions\/36581"}],"wp:featuredmedia":[{"embeddable":true,"href":"https:\/\/ostrowskatv.pl\/index.php?rest_route=\/wp\/v2\/media\/36576"}],"wp:attachment":[{"href":"https:\/\/ostrowskatv.pl\/index.php?rest_route=%2Fwp%2Fv2%2Fmedia&parent=36569"}],"wp:term":[{"taxonomy":"category","embeddable":true,"href":"https:\/\/ostrowskatv.pl\/index.php?rest_route=%2Fwp%2Fv2%2Fcategories&post=36569"},{"taxonomy":"post_tag","embeddable":true,"href":"https:\/\/ostrowskatv.pl\/index.php?rest_route=%2Fwp%2Fv2%2Ftags&post=36569"}],"curies":[{"name":"wp","href":"https:\/\/api.w.org\/{rel}","templated":true}]}}