{"id":36384,"date":"2025-11-20T14:59:33","date_gmt":"2025-11-20T13:59:33","guid":{"rendered":"https:\/\/ostrowskatv.pl\/?p=36384"},"modified":"2025-11-20T14:59:33","modified_gmt":"2025-11-20T13:59:33","slug":"citroenem-storpedowal-plot-i-mercedesa-zdjecia","status":"publish","type":"post","link":"https:\/\/ostrowskatv.pl\/?p=36384","title":{"rendered":"Citroenem storpedowa\u0142 p\u0142ot i Mercedesa (ZDJ\u0118CIA)"},"content":{"rendered":"<p><strong>Po godzinie 14.00 dosz\u0142o do zderzenia dw\u00f3ch aut osobowych na skrzy\u017cowaniu ulic Limanowskiego, Szczeci\u0144sk\u0105 oraz \u017beromskiego w Ostrowie Wielkopolskim. Jedno z aut staranowa\u0142o betonowe ogrodzenie pobliskiej posesji. <\/strong><\/p>\n<p>Kierowca Citroena Berlingo jecha\u0142 ulic\u0105 Szczeci\u0144sk\u0105 i nie ust\u0105pi\u0142 pierwsze\u0144stwa kobiecie jad\u0105cej Mercedesem od strony Piask\u00f3w. <\/p>\n<p>W efekcie Mercedes uderzy\u0142 w tylny, prawy naro\u017cnik Citroena, a ten zacz\u0105\u0142 si\u0119 obraca\u0107. W zdarzeniu nikt nie ucierpia\u0142. <\/p>\n<p><a href=\"https:\/\/ostrowskatv.pl\/?attachment_id=36385\" rel=\"attachment wp-att-36385\"><img loading=\"lazy\" decoding=\"async\" src=\"https:\/\/ostrowskatv.pl\/wp-content\/uploads\/2025\/11\/1000092563.jpg\" alt=\"\" width=\"1366\" height=\"770\" class=\"alignnone size-full wp-image-36385\" srcset=\"https:\/\/ostrowskatv.pl\/wp-content\/uploads\/2025\/11\/1000092563.jpg 1366w, https:\/\/ostrowskatv.pl\/wp-content\/uploads\/2025\/11\/1000092563-300x169.jpg 300w, https:\/\/ostrowskatv.pl\/wp-content\/uploads\/2025\/11\/1000092563-1333x751.jpg 1333w, https:\/\/ostrowskatv.pl\/wp-content\/uploads\/2025\/11\/1000092563-388x220.jpg 388w\" sizes=\"auto, (max-width: 1366px) 100vw, 1366px\" \/><\/a><\/p>\n<p><a href=\"https:\/\/ostrowskatv.pl\/?attachment_id=36386\" rel=\"attachment wp-att-36386\"><img loading=\"lazy\" decoding=\"async\" src=\"https:\/\/ostrowskatv.pl\/wp-content\/uploads\/2025\/11\/1000092562.jpg\" alt=\"\" width=\"1365\" height=\"768\" class=\"alignnone size-full wp-image-36386\" srcset=\"https:\/\/ostrowskatv.pl\/wp-content\/uploads\/2025\/11\/1000092562.jpg 1365w, https:\/\/ostrowskatv.pl\/wp-content\/uploads\/2025\/11\/1000092562-300x169.jpg 300w, https:\/\/ostrowskatv.pl\/wp-content\/uploads\/2025\/11\/1000092562-1333x750.jpg 1333w\" sizes=\"auto, (max-width: 1365px) 100vw, 1365px\" \/><\/a><\/p>\n<p><a href=\"https:\/\/ostrowskatv.pl\/?attachment_id=36387\" rel=\"attachment wp-att-36387\"><img loading=\"lazy\" decoding=\"async\" src=\"https:\/\/ostrowskatv.pl\/wp-content\/uploads\/2025\/11\/1000092554.jpg\" alt=\"\" width=\"1366\" height=\"825\" class=\"alignnone size-full wp-image-36387\" srcset=\"https:\/\/ostrowskatv.pl\/wp-content\/uploads\/2025\/11\/1000092554.jpg 1366w, https:\/\/ostrowskatv.pl\/wp-content\/uploads\/2025\/11\/1000092554-300x181.jpg 300w, https:\/\/ostrowskatv.pl\/wp-content\/uploads\/2025\/11\/1000092554-1333x805.jpg 1333w\" sizes=\"auto, (max-width: 1366px) 100vw, 1366px\" \/><\/a><\/p>\n<p><a href=\"https:\/\/ostrowskatv.pl\/?attachment_id=36388\" rel=\"attachment wp-att-36388\"><img loading=\"lazy\" decoding=\"async\" src=\"https:\/\/ostrowskatv.pl\/wp-content\/uploads\/2025\/11\/1000092553.jpg\" alt=\"\" width=\"1365\" height=\"768\" class=\"alignnone size-full wp-image-36388\" srcset=\"https:\/\/ostrowskatv.pl\/wp-content\/uploads\/2025\/11\/1000092553.jpg 1365w, https:\/\/ostrowskatv.pl\/wp-content\/uploads\/2025\/11\/1000092553-300x169.jpg 300w, https:\/\/ostrowskatv.pl\/wp-content\/uploads\/2025\/11\/1000092553-1333x750.jpg 1333w\" sizes=\"auto, (max-width: 1365px) 100vw, 1365px\" \/><\/a><\/p>\n<p><a href=\"https:\/\/ostrowskatv.pl\/?attachment_id=36389\" rel=\"attachment wp-att-36389\"><img loading=\"lazy\" decoding=\"async\" src=\"https:\/\/ostrowskatv.pl\/wp-content\/uploads\/2025\/11\/1000092552.jpg\" alt=\"\" width=\"1365\" height=\"768\" class=\"alignnone size-full wp-image-36389\" srcset=\"https:\/\/ostrowskatv.pl\/wp-content\/uploads\/2025\/11\/1000092552.jpg 1365w, https:\/\/ostrowskatv.pl\/wp-content\/uploads\/2025\/11\/1000092552-300x169.jpg 300w, https:\/\/ostrowskatv.pl\/wp-content\/uploads\/2025\/11\/1000092552-1333x750.jpg 1333w\" sizes=\"auto, (max-width: 1365px) 100vw, 1365px\" \/><\/a><\/p>\n<p><a href=\"https:\/\/ostrowskatv.pl\/?attachment_id=36390\" rel=\"attachment wp-att-36390\"><img loading=\"lazy\" decoding=\"async\" src=\"https:\/\/ostrowskatv.pl\/wp-content\/uploads\/2025\/11\/1000092551.jpg\" alt=\"\" width=\"1365\" height=\"768\" class=\"alignnone size-full wp-image-36390\" srcset=\"https:\/\/ostrowskatv.pl\/wp-content\/uploads\/2025\/11\/1000092551.jpg 1365w, https:\/\/ostrowskatv.pl\/wp-content\/uploads\/2025\/11\/1000092551-300x169.jpg 300w, https:\/\/ostrowskatv.pl\/wp-content\/uploads\/2025\/11\/1000092551-1333x750.jpg 1333w\" sizes=\"auto, (max-width: 1365px) 100vw, 1365px\" \/><\/a><\/p>\n<p><a href=\"https:\/\/ostrowskatv.pl\/?attachment_id=36391\" rel=\"attachment wp-att-36391\"><img loading=\"lazy\" decoding=\"async\" src=\"https:\/\/ostrowskatv.pl\/wp-content\/uploads\/2025\/11\/1000092550.jpg\" alt=\"\" width=\"1365\" height=\"768\" class=\"alignnone size-full wp-image-36391\" srcset=\"https:\/\/ostrowskatv.pl\/wp-content\/uploads\/2025\/11\/1000092550.jpg 1365w, https:\/\/ostrowskatv.pl\/wp-content\/uploads\/2025\/11\/1000092550-300x169.jpg 300w, https:\/\/ostrowskatv.pl\/wp-content\/uploads\/2025\/11\/1000092550-1333x750.jpg 1333w\" sizes=\"auto, (max-width: 1365px) 100vw, 1365px\" \/><\/a><\/p>\n","protected":false},"excerpt":{"rendered":"Po godzinie 14.00 dosz\u0142o do zderzenia dw\u00f3ch aut osobowych na skrzy\u017cowaniu ulic Limanowskiego, Szczeci\u0144sk\u0105 oraz \u017beromskiego w Ostrowie Wielkopolskim. Jedno z aut staranowa\u0142o \n<a class=\"moretag\" href=\"https:\/\/ostrowskatv.pl\/?p=36384\"> [...]<\/a>","protected":false},"author":1,"featured_media":36386,"comment_status":"open","ping_status":"closed","sticky":false,"template":"","format":"standard","meta":{"footnotes":""},"categories":[1],"tags":[48],"class_list":["post-36384","post","type-post","status-publish","format-standard","has-post-thumbnail","hentry","category-news","tag-kolizja"],"_links":{"self":[{"href":"https:\/\/ostrowskatv.pl\/index.php?rest_route=\/wp\/v2\/posts\/36384","targetHints":{"allow":["GET"]}}],"collection":[{"href":"https:\/\/ostrowskatv.pl\/index.php?rest_route=\/wp\/v2\/posts"}],"about":[{"href":"https:\/\/ostrowskatv.pl\/index.php?rest_route=\/wp\/v2\/types\/post"}],"author":[{"embeddable":true,"href":"https:\/\/ostrowskatv.pl\/index.php?rest_route=\/wp\/v2\/users\/1"}],"replies":[{"embeddable":true,"href":"https:\/\/ostrowskatv.pl\/index.php?rest_route=%2Fwp%2Fv2%2Fcomments&post=36384"}],"version-history":[{"count":1,"href":"https:\/\/ostrowskatv.pl\/index.php?rest_route=\/wp\/v2\/posts\/36384\/revisions"}],"predecessor-version":[{"id":36392,"href":"https:\/\/ostrowskatv.pl\/index.php?rest_route=\/wp\/v2\/posts\/36384\/revisions\/36392"}],"wp:featuredmedia":[{"embeddable":true,"href":"https:\/\/ostrowskatv.pl\/index.php?rest_route=\/wp\/v2\/media\/36386"}],"wp:attachment":[{"href":"https:\/\/ostrowskatv.pl\/index.php?rest_route=%2Fwp%2Fv2%2Fmedia&parent=36384"}],"wp:term":[{"taxonomy":"category","embeddable":true,"href":"https:\/\/ostrowskatv.pl\/index.php?rest_route=%2Fwp%2Fv2%2Fcategories&post=36384"},{"taxonomy":"post_tag","embeddable":true,"href":"https:\/\/ostrowskatv.pl\/index.php?rest_route=%2Fwp%2Fv2%2Ftags&post=36384"}],"curies":[{"name":"wp","href":"https:\/\/api.w.org\/{rel}","templated":true}]}}