{"id":36382,"date":"2025-11-20T08:45:07","date_gmt":"2025-11-20T07:45:07","guid":{"rendered":"https:\/\/ostrowskatv.pl\/?p=36382"},"modified":"2025-11-20T08:45:07","modified_gmt":"2025-11-20T07:45:07","slug":"zderzenie-na-trasie-ostrow-kalisz","status":"publish","type":"post","link":"https:\/\/ostrowskatv.pl\/?p=36382","title":{"rendered":"Zderzenie na trasie Ostr\u00f3w &#8211; Kalisz"},"content":{"rendered":"<p>Kwadrans przed godzin\u0105 7 rano dosz\u0142o do zderzenia dw\u00f3ch pojazd\u00f3w na trasie Ostr\u00f3w Wielkopolski, skr\u0119t na Biskupice O\u0142oboczne.\u00a0<\/p>\n<p>Ze wst\u0119pnych ustale\u0144 wynika, \u017ce Alfa Romeo uderzy\u0142a w ty\u0142 busa. W obu pojazdach znajdowali si\u0119 tylko kierowcy. Jeden z nich uskar\u017ca\u0142 si\u0119 na b\u00f3l kr\u0119gos\u0142upa w odcinku szyjnym.\u00a0<\/p>\n<p>Na pocz\u0105tku by\u0142y utrudnienia w ruchu, ale po uzyskaniu informacji, \u017ce nikt nie b\u0119dzie przewieziony do szpitala, pojazdy zosta\u0142y usuni\u0119te z drogi.\u00a0<\/p>\n","protected":false},"excerpt":{"rendered":"Kwadrans przed godzin\u0105 7 rano dosz\u0142o do zderzenia dw\u00f3ch pojazd\u00f3w na trasie Ostr\u00f3w Wielkopolski, skr\u0119t na Biskupice O\u0142oboczne.\u00a0 Ze wst\u0119pnych ustale\u0144 wynika, \u017ce \n<a class=\"moretag\" href=\"https:\/\/ostrowskatv.pl\/?p=36382\"> [...]<\/a>","protected":false},"author":1,"featured_media":30516,"comment_status":"open","ping_status":"closed","sticky":false,"template":"","format":"standard","meta":{"footnotes":""},"categories":[1],"tags":[48],"class_list":["post-36382","post","type-post","status-publish","format-standard","has-post-thumbnail","hentry","category-news","tag-kolizja"],"_links":{"self":[{"href":"https:\/\/ostrowskatv.pl\/index.php?rest_route=\/wp\/v2\/posts\/36382","targetHints":{"allow":["GET"]}}],"collection":[{"href":"https:\/\/ostrowskatv.pl\/index.php?rest_route=\/wp\/v2\/posts"}],"about":[{"href":"https:\/\/ostrowskatv.pl\/index.php?rest_route=\/wp\/v2\/types\/post"}],"author":[{"embeddable":true,"href":"https:\/\/ostrowskatv.pl\/index.php?rest_route=\/wp\/v2\/users\/1"}],"replies":[{"embeddable":true,"href":"https:\/\/ostrowskatv.pl\/index.php?rest_route=%2Fwp%2Fv2%2Fcomments&post=36382"}],"version-history":[{"count":1,"href":"https:\/\/ostrowskatv.pl\/index.php?rest_route=\/wp\/v2\/posts\/36382\/revisions"}],"predecessor-version":[{"id":36383,"href":"https:\/\/ostrowskatv.pl\/index.php?rest_route=\/wp\/v2\/posts\/36382\/revisions\/36383"}],"wp:featuredmedia":[{"embeddable":true,"href":"https:\/\/ostrowskatv.pl\/index.php?rest_route=\/wp\/v2\/media\/30516"}],"wp:attachment":[{"href":"https:\/\/ostrowskatv.pl\/index.php?rest_route=%2Fwp%2Fv2%2Fmedia&parent=36382"}],"wp:term":[{"taxonomy":"category","embeddable":true,"href":"https:\/\/ostrowskatv.pl\/index.php?rest_route=%2Fwp%2Fv2%2Fcategories&post=36382"},{"taxonomy":"post_tag","embeddable":true,"href":"https:\/\/ostrowskatv.pl\/index.php?rest_route=%2Fwp%2Fv2%2Ftags&post=36382"}],"curies":[{"name":"wp","href":"https:\/\/api.w.org\/{rel}","templated":true}]}}