{"id":36343,"date":"2025-11-15T15:33:14","date_gmt":"2025-11-15T14:33:14","guid":{"rendered":"https:\/\/ostrowskatv.pl\/?p=36343"},"modified":"2025-11-15T15:33:14","modified_gmt":"2025-11-15T14:33:14","slug":"po-pijaku-wjechal-w-dwa-auta-na-smigielskiego-zdjecia","status":"publish","type":"post","link":"https:\/\/ostrowskatv.pl\/?p=36343","title":{"rendered":"Po pijaku wjecha\u0142 w dwa auta na \u015amigielskiego (ZDJ\u0118CIA)"},"content":{"rendered":"<p>W sobot\u0119 w godzinach przedpo\u0142udniowych dosz\u0142o do zdarzenia drogowego z udzia\u0142em pijanego ostrowianina. M\u0119\u017cczyzna kieruj\u0105c Audi w rejonie ulicy \u015amigielskiego doprowadzi\u0142 do uszkodzenia dw\u00f3ch innych aut <\/p>\n<p>Nie dostosowa\u0142 pr\u0119dko\u015bci do warunk\u00f3w panuj\u0105cych na drodze. Uderzy\u0142 w dwa pojazdy marki Kia i Peugeot. Wydmucha\u0142 ponad 2 promile. M\u0119\u017cczyzna to 30-letni ostrowianin.<\/p>\n<p><a href=\"https:\/\/ostrowskatv.pl\/?attachment_id=36344\" rel=\"attachment wp-att-36344\"><img loading=\"lazy\" decoding=\"async\" src=\"https:\/\/ostrowskatv.pl\/wp-content\/uploads\/2025\/11\/1000091741.jpg\" alt=\"\" width=\"1366\" height=\"921\" class=\"alignnone size-full wp-image-36344\" srcset=\"https:\/\/ostrowskatv.pl\/wp-content\/uploads\/2025\/11\/1000091741.jpg 1366w, https:\/\/ostrowskatv.pl\/wp-content\/uploads\/2025\/11\/1000091741-300x202.jpg 300w, https:\/\/ostrowskatv.pl\/wp-content\/uploads\/2025\/11\/1000091741-1333x899.jpg 1333w\" sizes=\"auto, (max-width: 1366px) 100vw, 1366px\" \/><\/a><\/p>\n<p><a href=\"https:\/\/ostrowskatv.pl\/?attachment_id=36345\" rel=\"attachment wp-att-36345\"><img loading=\"lazy\" decoding=\"async\" src=\"https:\/\/ostrowskatv.pl\/wp-content\/uploads\/2025\/11\/1000091740.jpg\" alt=\"\" width=\"1366\" height=\"769\" class=\"alignnone size-full wp-image-36345\" srcset=\"https:\/\/ostrowskatv.pl\/wp-content\/uploads\/2025\/11\/1000091740.jpg 1366w, https:\/\/ostrowskatv.pl\/wp-content\/uploads\/2025\/11\/1000091740-300x169.jpg 300w, https:\/\/ostrowskatv.pl\/wp-content\/uploads\/2025\/11\/1000091740-1333x750.jpg 1333w\" sizes=\"auto, (max-width: 1366px) 100vw, 1366px\" \/><\/a><\/p>\n","protected":false},"excerpt":{"rendered":"W sobot\u0119 w godzinach przedpo\u0142udniowych dosz\u0142o do zdarzenia drogowego z udzia\u0142em pijanego ostrowianina. M\u0119\u017cczyzna kieruj\u0105c Audi w rejonie ulicy \u015amigielskiego doprowadzi\u0142 do uszkodzenia \n<a class=\"moretag\" href=\"https:\/\/ostrowskatv.pl\/?p=36343\"> [...]<\/a>","protected":false},"author":1,"featured_media":36345,"comment_status":"open","ping_status":"closed","sticky":false,"template":"","format":"standard","meta":{"footnotes":""},"categories":[1],"tags":[2],"class_list":["post-36343","post","type-post","status-publish","format-standard","has-post-thumbnail","hentry","category-news","tag-ostrow-wielkopolski"],"_links":{"self":[{"href":"https:\/\/ostrowskatv.pl\/index.php?rest_route=\/wp\/v2\/posts\/36343","targetHints":{"allow":["GET"]}}],"collection":[{"href":"https:\/\/ostrowskatv.pl\/index.php?rest_route=\/wp\/v2\/posts"}],"about":[{"href":"https:\/\/ostrowskatv.pl\/index.php?rest_route=\/wp\/v2\/types\/post"}],"author":[{"embeddable":true,"href":"https:\/\/ostrowskatv.pl\/index.php?rest_route=\/wp\/v2\/users\/1"}],"replies":[{"embeddable":true,"href":"https:\/\/ostrowskatv.pl\/index.php?rest_route=%2Fwp%2Fv2%2Fcomments&post=36343"}],"version-history":[{"count":2,"href":"https:\/\/ostrowskatv.pl\/index.php?rest_route=\/wp\/v2\/posts\/36343\/revisions"}],"predecessor-version":[{"id":36347,"href":"https:\/\/ostrowskatv.pl\/index.php?rest_route=\/wp\/v2\/posts\/36343\/revisions\/36347"}],"wp:featuredmedia":[{"embeddable":true,"href":"https:\/\/ostrowskatv.pl\/index.php?rest_route=\/wp\/v2\/media\/36345"}],"wp:attachment":[{"href":"https:\/\/ostrowskatv.pl\/index.php?rest_route=%2Fwp%2Fv2%2Fmedia&parent=36343"}],"wp:term":[{"taxonomy":"category","embeddable":true,"href":"https:\/\/ostrowskatv.pl\/index.php?rest_route=%2Fwp%2Fv2%2Fcategories&post=36343"},{"taxonomy":"post_tag","embeddable":true,"href":"https:\/\/ostrowskatv.pl\/index.php?rest_route=%2Fwp%2Fv2%2Ftags&post=36343"}],"curies":[{"name":"wp","href":"https:\/\/api.w.org\/{rel}","templated":true}]}}