{"id":36338,"date":"2025-11-15T15:15:47","date_gmt":"2025-11-15T14:15:47","guid":{"rendered":"https:\/\/ostrowskatv.pl\/?p=36338"},"modified":"2025-11-15T15:15:47","modified_gmt":"2025-11-15T14:15:47","slug":"w-mercedesie-odpadlo-kolo-kierowca-nie-ogarnal-zdjecia","status":"publish","type":"post","link":"https:\/\/ostrowskatv.pl\/?p=36338","title":{"rendered":"W Mercedesie odpad\u0142o ko\u0142o. Kierowca nie ogarn\u0105\u0142? (ZDJ\u0118CIA)"},"content":{"rendered":"<p><strong>Oko\u0142o godziny 11.30 dosz\u0142o do zdarzenia drogowego na wiadukcie odolanowskim. Kierowca czerwonego Mercedesa uderzy\u0142 w kraw\u0119\u017cnik, w wyniku czego ko\u0142o zosta\u0142o uszkodzone i dalsza jazda by\u0142a niemo\u017cliwa. Policja zabezpieczy\u0142a miejsce zdarzenia i wprowadzi\u0142a ruch wahad\u0142owy do czasu usuni\u0119cia unieruchomionego samochodu przez pomoc drogow\u0105. Kierowca by\u0142 trze\u017awy.<\/strong><\/p>\n<p><a href=\"https:\/\/ostrowskatv.pl\/?attachment_id=36339\" rel=\"attachment wp-att-36339\"><img loading=\"lazy\" decoding=\"async\" src=\"https:\/\/ostrowskatv.pl\/wp-content\/uploads\/2025\/11\/1000091736.jpg\" alt=\"\" width=\"1366\" height=\"769\" class=\"alignnone size-full wp-image-36339\" srcset=\"https:\/\/ostrowskatv.pl\/wp-content\/uploads\/2025\/11\/1000091736.jpg 1366w, https:\/\/ostrowskatv.pl\/wp-content\/uploads\/2025\/11\/1000091736-300x169.jpg 300w, https:\/\/ostrowskatv.pl\/wp-content\/uploads\/2025\/11\/1000091736-1333x750.jpg 1333w\" sizes=\"auto, (max-width: 1366px) 100vw, 1366px\" \/><\/a><\/p>\n<p><a href=\"https:\/\/ostrowskatv.pl\/?attachment_id=36340\" rel=\"attachment wp-att-36340\"><img loading=\"lazy\" decoding=\"async\" src=\"https:\/\/ostrowskatv.pl\/wp-content\/uploads\/2025\/11\/1000091735.jpg\" alt=\"\" width=\"1366\" height=\"659\" class=\"alignnone size-full wp-image-36340\" srcset=\"https:\/\/ostrowskatv.pl\/wp-content\/uploads\/2025\/11\/1000091735.jpg 1366w, https:\/\/ostrowskatv.pl\/wp-content\/uploads\/2025\/11\/1000091735-300x145.jpg 300w, https:\/\/ostrowskatv.pl\/wp-content\/uploads\/2025\/11\/1000091735-1333x643.jpg 1333w\" sizes=\"auto, (max-width: 1366px) 100vw, 1366px\" \/><\/a><\/p>\n","protected":false},"excerpt":{"rendered":"Oko\u0142o godziny 11.30 dosz\u0142o do zdarzenia drogowego na wiadukcie odolanowskim. Kierowca czerwonego Mercedesa uderzy\u0142 w kraw\u0119\u017cnik, w wyniku czego ko\u0142o zosta\u0142o uszkodzone i \n<a class=\"moretag\" href=\"https:\/\/ostrowskatv.pl\/?p=36338\"> [...]<\/a>","protected":false},"author":1,"featured_media":36340,"comment_status":"open","ping_status":"closed","sticky":false,"template":"","format":"standard","meta":{"footnotes":""},"categories":[1],"tags":[],"class_list":["post-36338","post","type-post","status-publish","format-standard","has-post-thumbnail","hentry","category-news"],"_links":{"self":[{"href":"https:\/\/ostrowskatv.pl\/index.php?rest_route=\/wp\/v2\/posts\/36338","targetHints":{"allow":["GET"]}}],"collection":[{"href":"https:\/\/ostrowskatv.pl\/index.php?rest_route=\/wp\/v2\/posts"}],"about":[{"href":"https:\/\/ostrowskatv.pl\/index.php?rest_route=\/wp\/v2\/types\/post"}],"author":[{"embeddable":true,"href":"https:\/\/ostrowskatv.pl\/index.php?rest_route=\/wp\/v2\/users\/1"}],"replies":[{"embeddable":true,"href":"https:\/\/ostrowskatv.pl\/index.php?rest_route=%2Fwp%2Fv2%2Fcomments&post=36338"}],"version-history":[{"count":2,"href":"https:\/\/ostrowskatv.pl\/index.php?rest_route=\/wp\/v2\/posts\/36338\/revisions"}],"predecessor-version":[{"id":36342,"href":"https:\/\/ostrowskatv.pl\/index.php?rest_route=\/wp\/v2\/posts\/36338\/revisions\/36342"}],"wp:featuredmedia":[{"embeddable":true,"href":"https:\/\/ostrowskatv.pl\/index.php?rest_route=\/wp\/v2\/media\/36340"}],"wp:attachment":[{"href":"https:\/\/ostrowskatv.pl\/index.php?rest_route=%2Fwp%2Fv2%2Fmedia&parent=36338"}],"wp:term":[{"taxonomy":"category","embeddable":true,"href":"https:\/\/ostrowskatv.pl\/index.php?rest_route=%2Fwp%2Fv2%2Fcategories&post=36338"},{"taxonomy":"post_tag","embeddable":true,"href":"https:\/\/ostrowskatv.pl\/index.php?rest_route=%2Fwp%2Fv2%2Ftags&post=36338"}],"curies":[{"name":"wp","href":"https:\/\/api.w.org\/{rel}","templated":true}]}}