{"id":36323,"date":"2025-11-14T17:00:38","date_gmt":"2025-11-14T16:00:38","guid":{"rendered":"https:\/\/ostrowskatv.pl\/?p=36323"},"modified":"2025-11-14T17:00:38","modified_gmt":"2025-11-14T16:00:38","slug":"potracenie-rowerzysty-przed-switem","status":"publish","type":"post","link":"https:\/\/ostrowskatv.pl\/?p=36323","title":{"rendered":"Potr\u0105cenie rowerzysty przed \u015bwitem"},"content":{"rendered":"<p><strong>W pi\u0105tek po godzinie 5 rano dosz\u0142o do potr\u0105cenia rowerzysty na terenie gminy Odolan\u00f3w. W Granowcu samoch\u00f3d Dacia prowadzony przez 48-letniego mieszka\u0144ca gm. Odolan\u00f3w z nieznanych przyczyn zjecha\u0142 na lewy pas, gdzie zderzy\u0142 si\u0119 prawid\u0142owo jad\u0105cym 30-letnim rowerzyst\u0105. <\/strong><\/p>\n<p>Poszkodowany rowerzysta zosta\u0142 przetransportowany do szpitala. Kierowca Dacii by\u0142 trze\u017awy. Policjanci ustalaj\u0105 okoliczno\u015bci zdarzenia.<\/p>\n","protected":false},"excerpt":{"rendered":"W pi\u0105tek po godzinie 5 rano dosz\u0142o do potr\u0105cenia rowerzysty na terenie gminy Odolan\u00f3w. W Granowcu samoch\u00f3d Dacia prowadzony przez 48-letniego mieszka\u0144ca gm. \n<a class=\"moretag\" href=\"https:\/\/ostrowskatv.pl\/?p=36323\"> [...]<\/a>","protected":false},"author":1,"featured_media":24374,"comment_status":"open","ping_status":"closed","sticky":false,"template":"","format":"standard","meta":{"footnotes":""},"categories":[1],"tags":[11],"class_list":["post-36323","post","type-post","status-publish","format-standard","has-post-thumbnail","hentry","category-news","tag-wypadek"],"_links":{"self":[{"href":"https:\/\/ostrowskatv.pl\/index.php?rest_route=\/wp\/v2\/posts\/36323","targetHints":{"allow":["GET"]}}],"collection":[{"href":"https:\/\/ostrowskatv.pl\/index.php?rest_route=\/wp\/v2\/posts"}],"about":[{"href":"https:\/\/ostrowskatv.pl\/index.php?rest_route=\/wp\/v2\/types\/post"}],"author":[{"embeddable":true,"href":"https:\/\/ostrowskatv.pl\/index.php?rest_route=\/wp\/v2\/users\/1"}],"replies":[{"embeddable":true,"href":"https:\/\/ostrowskatv.pl\/index.php?rest_route=%2Fwp%2Fv2%2Fcomments&post=36323"}],"version-history":[{"count":1,"href":"https:\/\/ostrowskatv.pl\/index.php?rest_route=\/wp\/v2\/posts\/36323\/revisions"}],"predecessor-version":[{"id":36324,"href":"https:\/\/ostrowskatv.pl\/index.php?rest_route=\/wp\/v2\/posts\/36323\/revisions\/36324"}],"wp:featuredmedia":[{"embeddable":true,"href":"https:\/\/ostrowskatv.pl\/index.php?rest_route=\/wp\/v2\/media\/24374"}],"wp:attachment":[{"href":"https:\/\/ostrowskatv.pl\/index.php?rest_route=%2Fwp%2Fv2%2Fmedia&parent=36323"}],"wp:term":[{"taxonomy":"category","embeddable":true,"href":"https:\/\/ostrowskatv.pl\/index.php?rest_route=%2Fwp%2Fv2%2Fcategories&post=36323"},{"taxonomy":"post_tag","embeddable":true,"href":"https:\/\/ostrowskatv.pl\/index.php?rest_route=%2Fwp%2Fv2%2Ftags&post=36323"}],"curies":[{"name":"wp","href":"https:\/\/api.w.org\/{rel}","templated":true}]}}