{"id":36315,"date":"2025-11-13T15:16:26","date_gmt":"2025-11-13T14:16:26","guid":{"rendered":"https:\/\/ostrowskatv.pl\/?p=36315"},"modified":"2025-11-13T15:16:26","modified_gmt":"2025-11-13T14:16:26","slug":"zderzyli-sie-przy-galerii-ostrovia-to-charakterystyczny-blad","status":"publish","type":"post","link":"https:\/\/ostrowskatv.pl\/?p=36315","title":{"rendered":"Zderzyli si\u0119 przy galerii Ostrovia. To charakterystyczny b\u0142\u0105d"},"content":{"rendered":"<p>Dzisiaj, przed godzin\u0105 13:00, policjanci z Ostrowa Wielkopolskiego zostali powiadomieni o kolizji drogowej, do kt\u00f3rej dosz\u0142o na terenie parkingu galerii handlowej Ostrovia. W zdarzeniu uczestniczy\u0142y dwa samochody osobowe \u2013 <strong style=\"font-size: 1rem;\">Renault<\/strong><span style=\"font-size: 1rem;\"> oraz <\/span><strong style=\"font-size: 1rem;\">Skoda<\/strong><span style=\"font-size: 1rem;\">.<\/span><\/p>\n<p><a href=\"https:\/\/ostrowskatv.pl\/?attachment_id=36316\" rel=\"attachment wp-att-36316\"><img loading=\"lazy\" decoding=\"async\" src=\"https:\/\/ostrowskatv.pl\/wp-content\/uploads\/2025\/11\/1000091128.jpg\" alt=\"\" width=\"1366\" height=\"759\" class=\"alignnone size-full wp-image-36316\" srcset=\"https:\/\/ostrowskatv.pl\/wp-content\/uploads\/2025\/11\/1000091128.jpg 1366w, https:\/\/ostrowskatv.pl\/wp-content\/uploads\/2025\/11\/1000091128-300x167.jpg 300w, https:\/\/ostrowskatv.pl\/wp-content\/uploads\/2025\/11\/1000091128-1333x741.jpg 1333w\" sizes=\"auto, (max-width: 1366px) 100vw, 1366px\" \/><\/a><\/p>\n<p><a href=\"https:\/\/ostrowskatv.pl\/?attachment_id=36317\" rel=\"attachment wp-att-36317\"><img loading=\"lazy\" decoding=\"async\" src=\"https:\/\/ostrowskatv.pl\/wp-content\/uploads\/2025\/11\/1000091127.jpg\" alt=\"\" width=\"1366\" height=\"803\" class=\"alignnone size-full wp-image-36317\" srcset=\"https:\/\/ostrowskatv.pl\/wp-content\/uploads\/2025\/11\/1000091127.jpg 1366w, https:\/\/ostrowskatv.pl\/wp-content\/uploads\/2025\/11\/1000091127-300x176.jpg 300w, https:\/\/ostrowskatv.pl\/wp-content\/uploads\/2025\/11\/1000091127-1333x784.jpg 1333w\" sizes=\"auto, (max-width: 1366px) 100vw, 1366px\" \/><\/a><\/p>\n<p><a href=\"https:\/\/ostrowskatv.pl\/?attachment_id=36318\" rel=\"attachment wp-att-36318\"><img loading=\"lazy\" decoding=\"async\" src=\"https:\/\/ostrowskatv.pl\/wp-content\/uploads\/2025\/11\/1000091125.jpg\" alt=\"\" width=\"1080\" height=\"817\" class=\"alignnone size-full wp-image-36318\" srcset=\"https:\/\/ostrowskatv.pl\/wp-content\/uploads\/2025\/11\/1000091125.jpg 1080w, https:\/\/ostrowskatv.pl\/wp-content\/uploads\/2025\/11\/1000091125-300x227.jpg 300w\" sizes=\"auto, (max-width: 1080px) 100vw, 1080px\" \/><\/a><\/p>\n<p><a href=\"https:\/\/ostrowskatv.pl\/?attachment_id=36319\" rel=\"attachment wp-att-36319\"><img loading=\"lazy\" decoding=\"async\" src=\"https:\/\/ostrowskatv.pl\/wp-content\/uploads\/2025\/11\/1000091123.jpg\" alt=\"\" width=\"737\" height=\"625\" class=\"alignnone size-full wp-image-36319\" srcset=\"https:\/\/ostrowskatv.pl\/wp-content\/uploads\/2025\/11\/1000091123.jpg 737w, https:\/\/ostrowskatv.pl\/wp-content\/uploads\/2025\/11\/1000091123-300x254.jpg 300w\" sizes=\"auto, (max-width: 737px) 100vw, 737px\" \/><\/a><\/p>\n<p>Z ustale\u0144 funkcjonariuszy wynika, \u017ce kieruj\u0105cy pojazdem marki Renault <strong>nie ust\u0105pi\u0142 pierwsze\u0144stwa przejazdu<\/strong>, w wyniku czego dosz\u0142o do zderzenia z nadje\u017cd\u017caj\u0105c\u0105 Skod\u0105. Na szcz\u0119\u015bcie nikt nie odni\u00f3s\u0142 obra\u017ce\u0144, a obaj kierowcy byli <strong>trze\u017awi<\/strong>. Sprawc\u0119 kolizji ukarano <strong>mandatem karnym<\/strong>.<\/p>\n<p>Policjanci przypominaj\u0105, \u017ce na terenie parkingu galerii obowi\u0105zuj\u0105 zasady ruchu drogowego takie same, jak na drogach publicznych. W tym miejscu stosuje si\u0119 regu\u0142y dotycz\u0105ce <strong>skrzy\u017cowa\u0144 dr\u00f3g r\u00f3wnorz\u0119dnych<\/strong>. Cho\u0107 niekt\u00f3re z alejek parkingowych s\u0105 szersze i mog\u0105 sprawia\u0107 wra\u017cenie dr\u00f3g g\u0142\u00f3wnych, kierowcy powinni pami\u0119ta\u0107 o <strong>zasadzie prawej r\u0119ki<\/strong>.<\/p>\n<p>To ju\u017c kolejny przyk\u0142ad sytuacji, w kt\u00f3rej nieuwaga i b\u0142\u0119dna ocena pierwsze\u0144stwa doprowadzi\u0142y do niepotrzebnej kolizji. Policja apeluje do kierowc\u00f3w o ostro\u017cno\u015b\u0107 i przestrzeganie przepis\u00f3w \u2013 tak\u017ce na parkingach i terenach prywatnych, gdzie obowi\u0105zuj\u0105 te same zasady bezpiecze\u0144stwa ruchu drogowego.<\/p>\n","protected":false},"excerpt":{"rendered":"Dzisiaj, przed godzin\u0105 13:00, policjanci z Ostrowa Wielkopolskiego zostali powiadomieni o kolizji drogowej, do kt\u00f3rej dosz\u0142o na terenie parkingu galerii handlowej Ostrovia. W \n<a class=\"moretag\" href=\"https:\/\/ostrowskatv.pl\/?p=36315\"> [...]<\/a>","protected":false},"author":1,"featured_media":36317,"comment_status":"open","ping_status":"closed","sticky":false,"template":"","format":"standard","meta":{"footnotes":""},"categories":[1],"tags":[2],"class_list":["post-36315","post","type-post","status-publish","format-standard","has-post-thumbnail","hentry","category-news","tag-ostrow-wielkopolski"],"_links":{"self":[{"href":"https:\/\/ostrowskatv.pl\/index.php?rest_route=\/wp\/v2\/posts\/36315","targetHints":{"allow":["GET"]}}],"collection":[{"href":"https:\/\/ostrowskatv.pl\/index.php?rest_route=\/wp\/v2\/posts"}],"about":[{"href":"https:\/\/ostrowskatv.pl\/index.php?rest_route=\/wp\/v2\/types\/post"}],"author":[{"embeddable":true,"href":"https:\/\/ostrowskatv.pl\/index.php?rest_route=\/wp\/v2\/users\/1"}],"replies":[{"embeddable":true,"href":"https:\/\/ostrowskatv.pl\/index.php?rest_route=%2Fwp%2Fv2%2Fcomments&post=36315"}],"version-history":[{"count":2,"href":"https:\/\/ostrowskatv.pl\/index.php?rest_route=\/wp\/v2\/posts\/36315\/revisions"}],"predecessor-version":[{"id":36321,"href":"https:\/\/ostrowskatv.pl\/index.php?rest_route=\/wp\/v2\/posts\/36315\/revisions\/36321"}],"wp:featuredmedia":[{"embeddable":true,"href":"https:\/\/ostrowskatv.pl\/index.php?rest_route=\/wp\/v2\/media\/36317"}],"wp:attachment":[{"href":"https:\/\/ostrowskatv.pl\/index.php?rest_route=%2Fwp%2Fv2%2Fmedia&parent=36315"}],"wp:term":[{"taxonomy":"category","embeddable":true,"href":"https:\/\/ostrowskatv.pl\/index.php?rest_route=%2Fwp%2Fv2%2Fcategories&post=36315"},{"taxonomy":"post_tag","embeddable":true,"href":"https:\/\/ostrowskatv.pl\/index.php?rest_route=%2Fwp%2Fv2%2Ftags&post=36315"}],"curies":[{"name":"wp","href":"https:\/\/api.w.org\/{rel}","templated":true}]}}