{"id":36305,"date":"2025-11-12T15:54:25","date_gmt":"2025-11-12T14:54:25","guid":{"rendered":"https:\/\/ostrowskatv.pl\/?p=36305"},"modified":"2025-11-12T16:40:32","modified_gmt":"2025-11-12T15:40:32","slug":"nie-zyje-druh-damian-pobity-przed-dyskoteka-we-wtorku-to-mowiono-na-koniec-procesu","status":"publish","type":"post","link":"https:\/\/ostrowskatv.pl\/?p=36305","title":{"rendered":"Nie \u017cyje druh Damian pobity przed dyskotek\u0105 we Wt\u00f3rku. To m\u00f3wiono na koniec procesu"},"content":{"rendered":"<p><strong>Przed S\u0105dem Okr\u0119gowym w Kaliszu zako\u0144czy\u0142 si\u0119 proces dotycz\u0105cy tragicznych wydarze\u0144 sprzed dyskoteki \u201eMagnes\u201d we Wt\u00f3rku, gdzie w sierpniu 2022 roku \u015bmiertelnie pobity zosta\u0142 24-letni druh stra\u017cy po\u017carnej, Damian Bogulski z Kalisza. Na \u0142awie oskar\u017conych zasiedli trzej m\u0142odzi m\u0119\u017cczy\u017ani z gminy Sieroszewice: Mateusz S., Kacper S.\u00a0i Adam B. Prokuratura zarzuca im pobicie ze skutkiem \u015bmiertelnym.<\/strong><\/p>\n<p>Wyrok w tej g\u0142o\u015bnej sprawie zostanie og\u0142oszony <strong>26 listopada<\/strong>.<\/p>\n<p><a href=\"https:\/\/ostrowskatv.pl\/?attachment_id=36311\" rel=\"attachment wp-att-36311\"><img loading=\"lazy\" decoding=\"async\" class=\"alignnone wp-image-36311 size-full\" src=\"https:\/\/ostrowskatv.pl\/wp-content\/uploads\/2025\/11\/1000091047-e1762962029110.jpg\" alt=\"\" width=\"1365\" height=\"670\" srcset=\"https:\/\/ostrowskatv.pl\/wp-content\/uploads\/2025\/11\/1000091047-e1762962029110.jpg 1365w, https:\/\/ostrowskatv.pl\/wp-content\/uploads\/2025\/11\/1000091047-e1762962029110-300x147.jpg 300w, https:\/\/ostrowskatv.pl\/wp-content\/uploads\/2025\/11\/1000091047-e1762962029110-1333x654.jpg 1333w\" sizes=\"auto, (max-width: 1365px) 100vw, 1365px\" \/><\/a><\/p>\n<p><a href=\"https:\/\/ostrowskatv.pl\/?attachment_id=36310\" rel=\"attachment wp-att-36310\"><img loading=\"lazy\" decoding=\"async\" class=\"alignnone size-full wp-image-36310\" src=\"https:\/\/ostrowskatv.pl\/wp-content\/uploads\/2025\/11\/1000091046.jpg\" alt=\"\" width=\"1366\" height=\"690\" srcset=\"https:\/\/ostrowskatv.pl\/wp-content\/uploads\/2025\/11\/1000091046.jpg 1366w, https:\/\/ostrowskatv.pl\/wp-content\/uploads\/2025\/11\/1000091046-300x152.jpg 300w, https:\/\/ostrowskatv.pl\/wp-content\/uploads\/2025\/11\/1000091046-1333x673.jpg 1333w\" sizes=\"auto, (max-width: 1366px) 100vw, 1366px\" \/><\/a><\/p>\n<p><a href=\"https:\/\/ostrowskatv.pl\/?attachment_id=36309\" rel=\"attachment wp-att-36309\"><img loading=\"lazy\" decoding=\"async\" class=\"alignnone size-full wp-image-36309\" src=\"https:\/\/ostrowskatv.pl\/wp-content\/uploads\/2025\/11\/1000091045.jpg\" alt=\"\" width=\"1366\" height=\"681\" srcset=\"https:\/\/ostrowskatv.pl\/wp-content\/uploads\/2025\/11\/1000091045.jpg 1366w, https:\/\/ostrowskatv.pl\/wp-content\/uploads\/2025\/11\/1000091045-300x150.jpg 300w, https:\/\/ostrowskatv.pl\/wp-content\/uploads\/2025\/11\/1000091045-1333x665.jpg 1333w\" sizes=\"auto, (max-width: 1366px) 100vw, 1366px\" \/><\/a><\/p>\n<p><a href=\"https:\/\/ostrowskatv.pl\/?attachment_id=36308\" rel=\"attachment wp-att-36308\"><img loading=\"lazy\" decoding=\"async\" class=\"alignnone size-full wp-image-36308\" src=\"https:\/\/ostrowskatv.pl\/wp-content\/uploads\/2025\/11\/1000091044.jpg\" alt=\"\" width=\"1074\" height=\"1366\" srcset=\"https:\/\/ostrowskatv.pl\/wp-content\/uploads\/2025\/11\/1000091044.jpg 1074w, https:\/\/ostrowskatv.pl\/wp-content\/uploads\/2025\/11\/1000091044-236x300.jpg 236w, https:\/\/ostrowskatv.pl\/wp-content\/uploads\/2025\/11\/1000091044-1048x1333.jpg 1048w\" sizes=\"auto, (max-width: 1074px) 100vw, 1074px\" \/><\/a><\/p>\n<p><a href=\"https:\/\/ostrowskatv.pl\/?attachment_id=36307\" rel=\"attachment wp-att-36307\"><img loading=\"lazy\" decoding=\"async\" class=\"alignnone size-full wp-image-36307\" src=\"https:\/\/ostrowskatv.pl\/wp-content\/uploads\/2025\/11\/1000091013.jpg\" alt=\"\" width=\"769\" height=\"1366\" srcset=\"https:\/\/ostrowskatv.pl\/wp-content\/uploads\/2025\/11\/1000091013.jpg 769w, https:\/\/ostrowskatv.pl\/wp-content\/uploads\/2025\/11\/1000091013-169x300.jpg 169w, https:\/\/ostrowskatv.pl\/wp-content\/uploads\/2025\/11\/1000091013-750x1333.jpg 750w\" sizes=\"auto, (max-width: 769px) 100vw, 769px\" \/><\/a><\/p>\n<p><a href=\"https:\/\/ostrowskatv.pl\/?attachment_id=36306\" rel=\"attachment wp-att-36306\"><img loading=\"lazy\" decoding=\"async\" class=\"alignnone size-full wp-image-36306\" src=\"https:\/\/ostrowskatv.pl\/wp-content\/uploads\/2025\/11\/1000091008.jpg\" alt=\"\" width=\"1365\" height=\"768\" srcset=\"https:\/\/ostrowskatv.pl\/wp-content\/uploads\/2025\/11\/1000091008.jpg 1365w, https:\/\/ostrowskatv.pl\/wp-content\/uploads\/2025\/11\/1000091008-300x169.jpg 300w, https:\/\/ostrowskatv.pl\/wp-content\/uploads\/2025\/11\/1000091008-1333x750.jpg 1333w\" sizes=\"auto, (max-width: 1365px) 100vw, 1365px\" \/><\/a><\/p>\n<h3><strong>Noc tragedii przed dyskotek\u0105 we Wt\u00f3rku<\/strong><\/h3>\n<p>Wed\u0142ug ustale\u0144 \u015bledczych, do b\u00f3jki dosz\u0142o w nocy po tym, jak wewn\u0105trz dyskoteki \u201eMagnes\u201d wywi\u0105za\u0142y si\u0119 przepychanki i utarczki s\u0142owne mi\u0119dzy dwoma grupami m\u0142odych m\u0119\u017cczyzn \u2014 przyjezdnymi z Kalisza i mieszka\u0144cami okolicznych miejscowo\u015bci. Gdy Damian Bogulski wraz z kolegami postanowi\u0142 opu\u015bci\u0107 lokal, zosta\u0142 zaatakowany przez grup\u0119 napastnik\u00f3w.<\/p>\n<p>\u2014 <em>Nie wystarczy\u0142o, \u017ce wystraszyli, tylko chcieli pobi\u0107<\/em> \u2014 m\u00f3wi\u0142 w mowie ko\u0144cowej pe\u0142nomocnik rodzic\u00f3w zmar\u0142ego Damiana Marian Wojnarowski.<\/p>\n<p>Z nagra\u0144 monitoringu wynika, \u017ce trzej oskar\u017ceni <strong>kopali i bili ofiar\u0119 oraz jego koleg\u00f3w<\/strong>. Prokurator \u0141akomy wskaza\u0142, \u017ce przy przest\u0119pstwie pobicia nie ma znaczenia, kt\u00f3ry ze sprawc\u00f3w zada\u0142 konkretny cios \u2013 wszyscy odpowiadaj\u0105 za skutek wsp\u00f3lnego dzia\u0142ania.<\/p>\n<p>Wed\u0142ug opinii bieg\u0142ego, \u015bmier\u0107 Damiana Bogulskiego nast\u0105pi\u0142a <strong>na skutek uderzenia w twarde pod\u0142o\u017ce<\/strong>, cho\u0107 nie mo\u017cna wykluczy\u0107, \u017ce zgon spowodowa\u0142o r\u00f3wnie\u017c <strong>uderzenie pi\u0119\u015bci\u0105 w g\u0142ow\u0119<\/strong>.<\/p>\n<p>Sekcja zw\u0142ok wykaza\u0142a <strong>sze\u015b\u0107 uderze\u0144<\/strong>, z czego <strong>pi\u0119\u0107 w g\u0142ow\u0119<\/strong>. Na nagraniu wida\u0107, \u017ce ofiara nie upad\u0142a gwa\u0142townie, lecz osun\u0119\u0142a si\u0119 w pionie \u2014 co, jak podkre\u015bli\u0142 bieg\u0142y, jest typowe dla osoby po silnym ciosie.<\/p>\n<h3><strong>\u201eNie by\u0142o to przypadkowe starcie\u201d<\/strong><\/h3>\n<p>Prokurator wnioskowa\u0142 o wymierzenie kar: <strong>7 lat wi\u0119zienia dla Mateusza S.<\/strong>, <strong>6 lat dla Kacpra S.<\/strong> i <strong>5 lat dla Adama B.<\/strong>, a tak\u017ce po <strong>15 tysi\u0119cy z\u0142otych nawi\u0105zki<\/strong> dla rodzic\u00f3w zmar\u0142ego.<\/p>\n<p>\u2014 <em>Oni chcieli ich pobi\u0107, bo byli z innego miasta, z Kalisza<\/em> \u2014 m\u00f3wi\u0142 mecenas Wojnarowski \u2014 <em>To by\u0142a przedwczesna, niezrozumia\u0142a \u015bmier\u0107 24-letniego ch\u0142opaka, stra\u017caka, kt\u00f3ry nie szuka\u0142 zwady z nikim.<\/em><\/p>\n<h3><strong>Pe\u0142ne emocji wyst\u0105pienia pe\u0142nomocnik\u00f3w rodziny i przyjaci\u00f3\u0142<\/strong><\/h3>\n<p>Pe\u0142nomocniczka koleg\u00f3w Damiana podkre\u015bla\u0142a dramat rodzinny, kt\u00f3ry trwa do dzi\u015b. \u2014 <em>Pa\u0144stwo Bogulscy nie usi\u0105d\u0105 z synem przy wigilijnym stole. Nie zobacz\u0105 go ju\u017c u\u015bmiechni\u0119tego, nie wyjad\u0105 razem na wakacje. Ten straszny dzie\u0144 sta\u0142 si\u0119 pocz\u0105tkiem nowego, du\u017co gorszego \u017cycia<\/em> \u2014 m\u00f3wi\u0142a.<\/p>\n<p>Adwokat rodzic\u00f3w zmar\u0142ego, <strong>mecenas Marian Wojnarowski<\/strong>, odni\u00f3s\u0142 si\u0119 do spo\u0142ecznego wymiaru sprawy:<br \/>\n\u2014 <em>W odczuciu spo\u0142ecznym to nie b\u00f3jka, to zab\u00f3jstwo syna pokrzywdzonych. Nie widz\u0119 g\u0142\u0119bszej refleksji ze strony oskar\u017conych. M\u00f3wi si\u0119, \u017ce m\u0142ody wiek to okoliczno\u015b\u0107 \u0142agodz\u0105ca \u2013 nie zgadzam si\u0119. To m\u0142odzi ludzie najcz\u0119\u015bciej dopuszczaj\u0105 si\u0119 takich czyn\u00f3w.<\/em><\/p>\n<h3><strong>Obrona: \u201eTo nie by\u0142o zab\u00f3jstwo\u201d<\/strong><\/h3>\n<p>Obro\u0144ca <strong>Mateusza S.<\/strong>, mecenas <strong>Mateusz Koralewski<\/strong>, wni\u00f3s\u0142 o zmian\u0119 kwalifikacji prawnej czynu na <strong>nieumy\u015blne spowodowanie \u015bmierci<\/strong>. Jak argumentowa\u0142, b\u00f3jka trwa\u0142a nieca\u0142e 30 sekund, a jego klient podj\u0105\u0142 pr\u00f3b\u0119 udzielenia pomocy i nie uciek\u0142 z miejsca zdarzenia.<\/p>\n<p>Z kolei obro\u0144ca <strong>Kacpra S.<\/strong>, mecenas <strong>Micha\u0142 Kr\u00f3likowski<\/strong>\u00a0\u2014 <em>Nie mo\u017cna stosowa\u0107 odpowiedzialno\u015bci zbiorowej. Ka\u017cdy oskar\u017cony powinien odpowiada\u0107 za swoje zachowanie indywidualnie<\/em> \u2014 podkre\u015bla\u0142.<\/p>\n<p><strong>Adam B.<\/strong>, jak m\u00f3wi\u0142 jego obro\u0144ca <strong>Micha\u0142 Gajda<\/strong>, zada\u0142 2\u20133 ciosy, kt\u00f3re nie dosz\u0142y do Damiana Bogulskiego. \u2014 <em>Ta b\u00f3jka nie odbiega\u0142a od innych, jakie cz\u0119sto zdarzaj\u0105 si\u0119 pod dyskotekami. M\u00f3j klient by\u0142 bardzo m\u0142ody, a kara ju\u017c go zresocjalizowa\u0142a<\/em> \u2014 doda\u0142, wnioskuj\u0105c o <strong>rok wi\u0119zienia w zawieszeniu na trzy lata<\/strong>.<\/p>\n<h3><strong>\u201eSpokojny druh, kt\u00f3ry nie szuka\u0142 zwady\u201d<\/strong><\/h3>\n<p>Zmar\u0142y <strong>Damian Bogulski<\/strong> by\u0142 znany w lokalnym \u015brodowisku jako spokojny, \u017cyczliwy i pomocny druh ochotniczej stra\u017cy po\u017carnej. \u2014 <em>By\u0142 opanowanym ch\u0142opakiem z nie\u015bmia\u0142ym u\u015bmiechem<\/em> \u2014 wspomina\u0142 jego wychowawca.<\/p>\n<p>Tragiczna \u015bmier\u0107 24-latka wstrz\u0105sn\u0119\u0142a mieszka\u0144cami regionu. Proces, kt\u00f3ry toczy si\u0119 od wielu miesi\u0119cy, sta\u0142 si\u0119 symbolem pyta\u0144 o bezpiecze\u0144stwo m\u0142odych ludzi bawi\u0105cych si\u0119 w lokalnych klubach i o granice przemocy w\u015br\u00f3d r\u00f3wie\u015bnik\u00f3w.<\/p>\n<h3><strong>Wyrok ju\u017c za dwa tygodnie<\/strong><\/h3>\n<p>Spraw\u0119 prowadzi s\u0119dzia <strong>Ma\u0142gorzata Zimorska<\/strong>, wcze\u015bniej orzekaj\u0105ca w S\u0105dzie Rejonowym w Ostrowie Wielkopolskim.<\/p>\n<p>Wyrok w sprawie \u015bmierci Damiana Bogulskiego zostanie og\u0142oszony <strong>26 listopada 2025 roku<\/strong> w S\u0105dzie Okr\u0119gowym w Kaliszu.<\/p>\n","protected":false},"excerpt":{"rendered":"Przed S\u0105dem Okr\u0119gowym w Kaliszu zako\u0144czy\u0142 si\u0119 proces dotycz\u0105cy tragicznych wydarze\u0144 sprzed dyskoteki \u201eMagnes\u201d we Wt\u00f3rku, gdzie w sierpniu 2022 roku \u015bmiertelnie pobity \n<a class=\"moretag\" href=\"https:\/\/ostrowskatv.pl\/?p=36305\"> [...]<\/a>","protected":false},"author":1,"featured_media":36311,"comment_status":"open","ping_status":"closed","sticky":false,"template":"","format":"standard","meta":{"footnotes":""},"categories":[1],"tags":[112],"class_list":["post-36305","post","type-post","status-publish","format-standard","has-post-thumbnail","hentry","category-news","tag-wtorek"],"_links":{"self":[{"href":"https:\/\/ostrowskatv.pl\/index.php?rest_route=\/wp\/v2\/posts\/36305","targetHints":{"allow":["GET"]}}],"collection":[{"href":"https:\/\/ostrowskatv.pl\/index.php?rest_route=\/wp\/v2\/posts"}],"about":[{"href":"https:\/\/ostrowskatv.pl\/index.php?rest_route=\/wp\/v2\/types\/post"}],"author":[{"embeddable":true,"href":"https:\/\/ostrowskatv.pl\/index.php?rest_route=\/wp\/v2\/users\/1"}],"replies":[{"embeddable":true,"href":"https:\/\/ostrowskatv.pl\/index.php?rest_route=%2Fwp%2Fv2%2Fcomments&post=36305"}],"version-history":[{"count":3,"href":"https:\/\/ostrowskatv.pl\/index.php?rest_route=\/wp\/v2\/posts\/36305\/revisions"}],"predecessor-version":[{"id":36314,"href":"https:\/\/ostrowskatv.pl\/index.php?rest_route=\/wp\/v2\/posts\/36305\/revisions\/36314"}],"wp:featuredmedia":[{"embeddable":true,"href":"https:\/\/ostrowskatv.pl\/index.php?rest_route=\/wp\/v2\/media\/36311"}],"wp:attachment":[{"href":"https:\/\/ostrowskatv.pl\/index.php?rest_route=%2Fwp%2Fv2%2Fmedia&parent=36305"}],"wp:term":[{"taxonomy":"category","embeddable":true,"href":"https:\/\/ostrowskatv.pl\/index.php?rest_route=%2Fwp%2Fv2%2Fcategories&post=36305"},{"taxonomy":"post_tag","embeddable":true,"href":"https:\/\/ostrowskatv.pl\/index.php?rest_route=%2Fwp%2Fv2%2Ftags&post=36305"}],"curies":[{"name":"wp","href":"https:\/\/api.w.org\/{rel}","templated":true}]}}