{"id":363,"date":"2016-02-15T13:52:47","date_gmt":"2016-02-15T12:52:47","guid":{"rendered":"http:\/\/ostrowska.tv\/?p=363"},"modified":"2016-02-15T14:14:51","modified_gmt":"2016-02-15T13:14:51","slug":"rzzo-moze-ruszyc-1-kwietnia-co-zyska-miasto","status":"publish","type":"post","link":"https:\/\/ostrowskatv.pl\/?p=363","title":{"rendered":"RZZO mo\u017ce ruszy\u0107 1 kwietnia. Co zyska miasto?"},"content":{"rendered":"<p><strong>1 kwietnia mo\u017ce doj\u015b\u0107 do oficjalnego otwarcia Regionalnego Zak\u0142adu Zagospodarowania Odpad\u00f3w (w skr\u00f3cie RZZO). Prezes MZO Andrzej Strykowski przekonuje, \u017ce inwestycja zapewni miastu liczne korzy\u015bci. <\/strong><\/p>\n<p>&#8211; Oczekujemy, \u017ce 15 lutego otrzymamy w ko\u0144cu zintegrowane pozwolenie z Urz\u0119du Marsza\u0142kowskiego. Ostatnie przesuni\u0119cie mia\u0142o miejsce dwa tygodnie temu. Nast\u0119pnym etapem jest kontrola Wojew\u00f3dzkiego Inspektoratu Ochrony \u015arodowiska. P\u00f3\u017aniej odb\u0119d\u0105 si\u0119 rozruchy i wpis do wojew\u00f3dzkiego planu. Pe\u0142ne uruchomienie zak\u0142adu nast\u0105pi najwcze\u015bniej 1 kwietnia \u2013 informuje prezes MZO <strong>Andrzej Strykowski.<\/strong><\/p>\n<p>Na otwarciu nowego zak\u0142adu maj\u0105 zyska\u0107 przede wszystkim mieszka\u0144cy Ostrowa Wielkopolskiego. Dzi\u0119ki temu w ich kieszeniach powinno zosta\u0107 wi\u0119cej pieni\u0119dzy. &#8211; Zyskujemy nowoczesny zak\u0142ad, dzi\u0119ki kt\u00f3remu zostanie zwi\u0119kszone zatrudnienie. By\u0107 mo\u017ce nie wydarzy si\u0119 to od razu, ale jednak do tego dojdzie. Poza tym, inwestycja powinna prze\u0142o\u017cy\u0107 si\u0119 na stabilno\u015b\u0107 cen, je\u015bli chodzi o odbi\u00f3r odpad\u00f3w zar\u00f3wno w ca\u0142ym Ostrowie jak i w s\u0105siednich gminach \u2013 wyja\u015bnia <strong>Strykowski.<\/strong><\/p>\n<p>Inwestycja jest powi\u0105zana ze sp\u00f3\u0142k\u0105 MZO, kt\u00f3ra b\u0119dzie dostarcza\u0107 do RZZO odpady. W ubieg\u0142ym roku uda\u0142o si\u0119 zebra\u0107 40 tysi\u0119cy ton odpad\u00f3w. &#8211; W por\u00f3wnaniu do innych zak\u0142ad\u00f3w nie powinno by\u0107 problem\u00f3w ze strumieniem odpad\u00f3w. A to najwa\u017cniejszy problem, z kt\u00f3rym boryka si\u0119 wiele plac\u00f3wek. W naszym przypadku wi\u0119kszego k\u0142opotu nie b\u0119dzie \u2013 dodaje na zako\u0144czenie <strong>Strykowski.<\/strong><\/p>\n<p>&nbsp;<\/p>\n","protected":false},"excerpt":{"rendered":"1 kwietnia mo\u017ce doj\u015b\u0107 do oficjalnego otwarcia Regionalnego Zak\u0142adu Zagospodarowania Odpad\u00f3w (w skr\u00f3cie RZZO). Prezes MZO Andrzej Strykowski przekonuje, \u017ce inwestycja zapewni miastu \n<a class=\"moretag\" href=\"https:\/\/ostrowskatv.pl\/?p=363\"> [...]<\/a>","protected":false},"author":1,"featured_media":27,"comment_status":"open","ping_status":"open","sticky":false,"template":"","format":"standard","meta":{"footnotes":""},"categories":[1],"tags":[5],"class_list":["post-363","post","type-post","status-publish","format-standard","has-post-thumbnail","hentry","category-news","tag-rzzo"],"_links":{"self":[{"href":"https:\/\/ostrowskatv.pl\/index.php?rest_route=\/wp\/v2\/posts\/363","targetHints":{"allow":["GET"]}}],"collection":[{"href":"https:\/\/ostrowskatv.pl\/index.php?rest_route=\/wp\/v2\/posts"}],"about":[{"href":"https:\/\/ostrowskatv.pl\/index.php?rest_route=\/wp\/v2\/types\/post"}],"author":[{"embeddable":true,"href":"https:\/\/ostrowskatv.pl\/index.php?rest_route=\/wp\/v2\/users\/1"}],"replies":[{"embeddable":true,"href":"https:\/\/ostrowskatv.pl\/index.php?rest_route=%2Fwp%2Fv2%2Fcomments&post=363"}],"version-history":[{"count":0,"href":"https:\/\/ostrowskatv.pl\/index.php?rest_route=\/wp\/v2\/posts\/363\/revisions"}],"wp:featuredmedia":[{"embeddable":true,"href":"https:\/\/ostrowskatv.pl\/index.php?rest_route=\/wp\/v2\/media\/27"}],"wp:attachment":[{"href":"https:\/\/ostrowskatv.pl\/index.php?rest_route=%2Fwp%2Fv2%2Fmedia&parent=363"}],"wp:term":[{"taxonomy":"category","embeddable":true,"href":"https:\/\/ostrowskatv.pl\/index.php?rest_route=%2Fwp%2Fv2%2Fcategories&post=363"},{"taxonomy":"post_tag","embeddable":true,"href":"https:\/\/ostrowskatv.pl\/index.php?rest_route=%2Fwp%2Fv2%2Ftags&post=363"}],"curies":[{"name":"wp","href":"https:\/\/api.w.org\/{rel}","templated":true}]}}