{"id":36294,"date":"2025-11-10T18:47:44","date_gmt":"2025-11-10T17:47:44","guid":{"rendered":"https:\/\/ostrowskatv.pl\/?p=36294"},"modified":"2025-11-10T18:55:59","modified_gmt":"2025-11-10T17:55:59","slug":"dwoch-pijanych-golfiarzy-zdjecia","status":"publish","type":"post","link":"https:\/\/ostrowskatv.pl\/?p=36294","title":{"rendered":"Wypadek dw\u00f3ch golf\u00f3w. Sprawca by\u0142 pijany (ZDJ\u0118CIA)"},"content":{"rendered":"<p><strong>W dniu 8 listopada 2025 roku oko\u0142o godziny 23:20 w Krotoszynie, na skrzy\u017cowaniu ulic Sienkiewicza i Piastowskiej, dosz\u0142o do zdarzenia drogowego z udzia\u0142em dw\u00f3ch samochod\u00f3w osobowych marki Volkswagen Golf.<\/strong><\/p>\n<p><a href=\"https:\/\/ostrowskatv.pl\/?attachment_id=36300\" rel=\"attachment wp-att-36300\"><img loading=\"lazy\" decoding=\"async\" src=\"https:\/\/ostrowskatv.pl\/wp-content\/uploads\/2025\/11\/1000089723.jpg\" alt=\"\" width=\"1366\" height=\"1025\" class=\"alignnone size-full wp-image-36300\" srcset=\"https:\/\/ostrowskatv.pl\/wp-content\/uploads\/2025\/11\/1000089723.jpg 1366w, https:\/\/ostrowskatv.pl\/wp-content\/uploads\/2025\/11\/1000089723-300x225.jpg 300w, https:\/\/ostrowskatv.pl\/wp-content\/uploads\/2025\/11\/1000089723-1333x1000.jpg 1333w\" sizes=\"auto, (max-width: 1366px) 100vw, 1366px\" \/><\/a><\/p>\n<p><a href=\"https:\/\/ostrowskatv.pl\/?attachment_id=36299\" rel=\"attachment wp-att-36299\"><img loading=\"lazy\" decoding=\"async\" src=\"https:\/\/ostrowskatv.pl\/wp-content\/uploads\/2025\/11\/1000089721.jpg\" alt=\"\" width=\"1366\" height=\"950\" class=\"alignnone size-full wp-image-36299\" srcset=\"https:\/\/ostrowskatv.pl\/wp-content\/uploads\/2025\/11\/1000089721.jpg 1366w, https:\/\/ostrowskatv.pl\/wp-content\/uploads\/2025\/11\/1000089721-300x209.jpg 300w, https:\/\/ostrowskatv.pl\/wp-content\/uploads\/2025\/11\/1000089721-1333x927.jpg 1333w\" sizes=\"auto, (max-width: 1366px) 100vw, 1366px\" \/><\/a><\/p>\n<p><a href=\"https:\/\/ostrowskatv.pl\/?attachment_id=36298\" rel=\"attachment wp-att-36298\"><img loading=\"lazy\" decoding=\"async\" src=\"https:\/\/ostrowskatv.pl\/wp-content\/uploads\/2025\/11\/1000089720.jpg\" alt=\"\" width=\"1345\" height=\"955\" class=\"alignnone size-full wp-image-36298\" srcset=\"https:\/\/ostrowskatv.pl\/wp-content\/uploads\/2025\/11\/1000089720.jpg 1345w, https:\/\/ostrowskatv.pl\/wp-content\/uploads\/2025\/11\/1000089720-300x213.jpg 300w, https:\/\/ostrowskatv.pl\/wp-content\/uploads\/2025\/11\/1000089720-1333x946.jpg 1333w, https:\/\/ostrowskatv.pl\/wp-content\/uploads\/2025\/11\/1000089720-120x85.jpg 120w\" sizes=\"auto, (max-width: 1345px) 100vw, 1345px\" \/><\/a><\/p>\n<p><a href=\"https:\/\/ostrowskatv.pl\/?attachment_id=36297\" rel=\"attachment wp-att-36297\"><img loading=\"lazy\" decoding=\"async\" src=\"https:\/\/ostrowskatv.pl\/wp-content\/uploads\/2025\/11\/1000089718.jpg\" alt=\"\" width=\"1366\" height=\"1025\" class=\"alignnone size-full wp-image-36297\" srcset=\"https:\/\/ostrowskatv.pl\/wp-content\/uploads\/2025\/11\/1000089718.jpg 1366w, https:\/\/ostrowskatv.pl\/wp-content\/uploads\/2025\/11\/1000089718-300x225.jpg 300w, https:\/\/ostrowskatv.pl\/wp-content\/uploads\/2025\/11\/1000089718-1333x1000.jpg 1333w\" sizes=\"auto, (max-width: 1366px) 100vw, 1366px\" \/><\/a><\/p>\n<p><a href=\"https:\/\/ostrowskatv.pl\/?attachment_id=36296\" rel=\"attachment wp-att-36296\"><img loading=\"lazy\" decoding=\"async\" src=\"https:\/\/ostrowskatv.pl\/wp-content\/uploads\/2025\/11\/1000089716.jpg\" alt=\"\" width=\"1366\" height=\"1025\" class=\"alignnone size-full wp-image-36296\" srcset=\"https:\/\/ostrowskatv.pl\/wp-content\/uploads\/2025\/11\/1000089716.jpg 1366w, https:\/\/ostrowskatv.pl\/wp-content\/uploads\/2025\/11\/1000089716-300x225.jpg 300w, https:\/\/ostrowskatv.pl\/wp-content\/uploads\/2025\/11\/1000089716-1333x1000.jpg 1333w\" sizes=\"auto, (max-width: 1366px) 100vw, 1366px\" \/><\/a><\/p>\n<p>Ze wst\u0119pnych ustale\u0144 funkcjonariuszy Wydzia\u0142u Ruchu Drogowego wynika, \u017ce 25-letni mieszkaniec gminy Krotoszyn, kieruj\u0105c pojazdem marki VW Golf, jad\u0105c ulic\u0105 Kobyli\u0144sk\u0105 w kierunku centrum miasta, nie zastosowa\u0142 si\u0119 do znaku \u201eSTOP\u201d (B-20) i nie ust\u0105pi\u0142 pierwsze\u0144stwa przejazdu pojazdowi poruszaj\u0105cemu si\u0119 ulic\u0105 Sienkiewicza w kierunku Zdun. W wyniku tego manewru dosz\u0142o do zderzenia obu pojazd\u00f3w.<\/p>\n<p>Drugim samochodem, r\u00f3wnie\u017c marki VW Golf, kierowa\u0142a 22-letnia mieszkanka powiatu milickiego, w poje\u017adzie kt\u00f3rej znajdowa\u0142y si\u0119 dodatkowo trzy osoby. Wskutek zderzenia jej samoch\u00f3d zosta\u0142 zepchni\u0119ty z jezdni i uderzy\u0142 w s\u0142up sygnalizacji \u015bwietlnej.<\/p>\n<p>Na miejsce natychmiast skierowano patrol Policji, kt\u00f3ry przeprowadzi\u0142 czynno\u015bci procesowe, zabezpieczy\u0142 teren zdarzenia oraz ustali\u0142 \u015bwiadk\u00f3w. Z relacji jednego ze \u015bwiadk\u00f3w wynika, \u017ce czarny pojazd wjecha\u0142 na skrzy\u017cowanie z du\u017c\u0105 pr\u0119dko\u015bci\u0105, po czym uderzy\u0142 w drugi samoch\u00f3d koloru srebrnego.<\/p>\n<p>Podczas kontroli stanu trze\u017awo\u015bci 25-letniego kieruj\u0105cego policjanci ujawnili, \u017ce znajdowa\u0142 si\u0119 on w stanie nietrze\u017awo\u015bci. Badanie urz\u0105dzeniem Promiler wykaza\u0142o wynik pozytywny, w zwi\u0105zku z czym m\u0119\u017cczyzn\u0119 przewieziono do Komendy Powiatowej Policji w Krotoszynie, gdzie przeprowadzono badanie stacjonarnym Alkometrem typu A.20, uzyskuj\u0105c nast\u0119puj\u0105ce wynik 2 promili alkoholu w wydychanym powietrzu.<\/p>\n<p>Kieruj\u0105cy zosta\u0142 zatrzymany i osadzony w Pomieszczeniu dla Os\u00f3b Zatrzymanych (PDOZ). Zgodnie z art. 135 ust. 1 pkt 1a ustawy Prawo o ruchu drogowym zatrzymano mu prawo jazdy.<br \/>\nKieruj\u0105ca drugim pojazdem zosta\u0142a przebadana na zawarto\u015b\u0107 alkoholu w wydychanym powietrzu urz\u0105dzeniem Alkosensor IV \u2013 wynik by\u0142 negatywny. Wszyscy uczestnicy zdarzenia, w tym pasa\u017cerowie, zostali przebadani w Szpitalu Powiatowym w Krotoszynie.<\/p>\n<p>Oba pojazdy zabezpieczono na parkingu strze\u017conym. Na miejscu wykonano szczeg\u00f3\u0142owe ogl\u0119dziny, dokumentacj\u0119 fotograficzn\u0105 oraz sporz\u0105dzono niezb\u0119dne protoko\u0142y.<\/p>\n<p>Post\u0119powanie w tej sprawie prowadz\u0105 policjanci Komendy Powiatowej Policji w Krotoszynie.<\/p>\n","protected":false},"excerpt":{"rendered":"W dniu 8 listopada 2025 roku oko\u0142o godziny 23:20 w Krotoszynie, na skrzy\u017cowaniu ulic Sienkiewicza i Piastowskiej, dosz\u0142o do zdarzenia drogowego z udzia\u0142em \n<a class=\"moretag\" href=\"https:\/\/ostrowskatv.pl\/?p=36294\"> [...]<\/a>","protected":false},"author":1,"featured_media":36296,"comment_status":"open","ping_status":"closed","sticky":false,"template":"","format":"standard","meta":{"footnotes":""},"categories":[1],"tags":[11],"class_list":["post-36294","post","type-post","status-publish","format-standard","has-post-thumbnail","hentry","category-news","tag-wypadek"],"_links":{"self":[{"href":"https:\/\/ostrowskatv.pl\/index.php?rest_route=\/wp\/v2\/posts\/36294","targetHints":{"allow":["GET"]}}],"collection":[{"href":"https:\/\/ostrowskatv.pl\/index.php?rest_route=\/wp\/v2\/posts"}],"about":[{"href":"https:\/\/ostrowskatv.pl\/index.php?rest_route=\/wp\/v2\/types\/post"}],"author":[{"embeddable":true,"href":"https:\/\/ostrowskatv.pl\/index.php?rest_route=\/wp\/v2\/users\/1"}],"replies":[{"embeddable":true,"href":"https:\/\/ostrowskatv.pl\/index.php?rest_route=%2Fwp%2Fv2%2Fcomments&post=36294"}],"version-history":[{"count":5,"href":"https:\/\/ostrowskatv.pl\/index.php?rest_route=\/wp\/v2\/posts\/36294\/revisions"}],"predecessor-version":[{"id":36304,"href":"https:\/\/ostrowskatv.pl\/index.php?rest_route=\/wp\/v2\/posts\/36294\/revisions\/36304"}],"wp:featuredmedia":[{"embeddable":true,"href":"https:\/\/ostrowskatv.pl\/index.php?rest_route=\/wp\/v2\/media\/36296"}],"wp:attachment":[{"href":"https:\/\/ostrowskatv.pl\/index.php?rest_route=%2Fwp%2Fv2%2Fmedia&parent=36294"}],"wp:term":[{"taxonomy":"category","embeddable":true,"href":"https:\/\/ostrowskatv.pl\/index.php?rest_route=%2Fwp%2Fv2%2Fcategories&post=36294"},{"taxonomy":"post_tag","embeddable":true,"href":"https:\/\/ostrowskatv.pl\/index.php?rest_route=%2Fwp%2Fv2%2Ftags&post=36294"}],"curies":[{"name":"wp","href":"https:\/\/api.w.org\/{rel}","templated":true}]}}