{"id":36292,"date":"2025-11-10T18:14:08","date_gmt":"2025-11-10T17:14:08","guid":{"rendered":"https:\/\/ostrowskatv.pl\/?p=36292"},"modified":"2025-11-10T18:14:08","modified_gmt":"2025-11-10T17:14:08","slug":"nastolatek-wjechal-rowerem-w-ciezarowke-zdjecia","status":"publish","type":"post","link":"https:\/\/ostrowskatv.pl\/?p=36292","title":{"rendered":"Nastolatek wjecha\u0142 rowerem w ci\u0119\u017car\u00f3wk\u0119 (ZDJ\u0118CIA)"},"content":{"rendered":"<p><strong>W poniedzia\u0142ek o godzinie 16:00 na skrzy\u017cowaniu przy dawnej przepompowni dosz\u0142o do gro\u017anie wygl\u0105daj\u0105cego zdarzenia drogowego z udzia\u0142em nastolatka oraz samochodu ci\u0119\u017carowego. Niewiele brakowa\u0142o od najczarniejszego scenariusza.<\/strong><\/p>\n<p><a href=\"https:\/\/ostrowskatv.pl\/?attachment_id=36291\" rel=\"attachment wp-att-36291\"><img loading=\"lazy\" decoding=\"async\" src=\"https:\/\/ostrowskatv.pl\/wp-content\/uploads\/2025\/11\/1000090279.jpg\" alt=\"\" width=\"1365\" height=\"768\" class=\"alignnone size-full wp-image-36291\" srcset=\"https:\/\/ostrowskatv.pl\/wp-content\/uploads\/2025\/11\/1000090279.jpg 1365w, https:\/\/ostrowskatv.pl\/wp-content\/uploads\/2025\/11\/1000090279-300x169.jpg 300w, https:\/\/ostrowskatv.pl\/wp-content\/uploads\/2025\/11\/1000090279-1333x750.jpg 1333w\" sizes=\"auto, (max-width: 1365px) 100vw, 1365px\" \/><\/a><\/p>\n<p><a href=\"https:\/\/ostrowskatv.pl\/?attachment_id=36290\" rel=\"attachment wp-att-36290\"><img loading=\"lazy\" decoding=\"async\" src=\"https:\/\/ostrowskatv.pl\/wp-content\/uploads\/2025\/11\/1000090278.jpg\" alt=\"\" width=\"1366\" height=\"740\" class=\"alignnone size-full wp-image-36290\" srcset=\"https:\/\/ostrowskatv.pl\/wp-content\/uploads\/2025\/11\/1000090278.jpg 1366w, https:\/\/ostrowskatv.pl\/wp-content\/uploads\/2025\/11\/1000090278-300x163.jpg 300w, https:\/\/ostrowskatv.pl\/wp-content\/uploads\/2025\/11\/1000090278-1333x722.jpg 1333w\" sizes=\"auto, (max-width: 1366px) 100vw, 1366px\" \/><\/a><\/p>\n<p><a href=\"https:\/\/ostrowskatv.pl\/?attachment_id=36289\" rel=\"attachment wp-att-36289\"><img loading=\"lazy\" decoding=\"async\" src=\"https:\/\/ostrowskatv.pl\/wp-content\/uploads\/2025\/11\/1000090277.jpg\" alt=\"\" width=\"926\" height=\"1366\" class=\"alignnone size-full wp-image-36289\" srcset=\"https:\/\/ostrowskatv.pl\/wp-content\/uploads\/2025\/11\/1000090277.jpg 926w, https:\/\/ostrowskatv.pl\/wp-content\/uploads\/2025\/11\/1000090277-203x300.jpg 203w, https:\/\/ostrowskatv.pl\/wp-content\/uploads\/2025\/11\/1000090277-904x1333.jpg 904w\" sizes=\"auto, (max-width: 926px) 100vw, 926px\" \/><\/a><\/p>\n<p><a href=\"https:\/\/ostrowskatv.pl\/?attachment_id=36288\" rel=\"attachment wp-att-36288\"><img loading=\"lazy\" decoding=\"async\" src=\"https:\/\/ostrowskatv.pl\/wp-content\/uploads\/2025\/11\/1000090275.jpg\" alt=\"\" width=\"778\" height=\"1366\" class=\"alignnone size-full wp-image-36288\" srcset=\"https:\/\/ostrowskatv.pl\/wp-content\/uploads\/2025\/11\/1000090275.jpg 778w, https:\/\/ostrowskatv.pl\/wp-content\/uploads\/2025\/11\/1000090275-171x300.jpg 171w, https:\/\/ostrowskatv.pl\/wp-content\/uploads\/2025\/11\/1000090275-759x1333.jpg 759w\" sizes=\"auto, (max-width: 778px) 100vw, 778px\" \/><\/a><\/p>\n<p><a href=\"https:\/\/ostrowskatv.pl\/?attachment_id=36287\" rel=\"attachment wp-att-36287\"><img loading=\"lazy\" decoding=\"async\" src=\"https:\/\/ostrowskatv.pl\/wp-content\/uploads\/2025\/11\/1000090272.jpg\" alt=\"\" width=\"1365\" height=\"768\" class=\"alignnone size-full wp-image-36287\" srcset=\"https:\/\/ostrowskatv.pl\/wp-content\/uploads\/2025\/11\/1000090272.jpg 1365w, https:\/\/ostrowskatv.pl\/wp-content\/uploads\/2025\/11\/1000090272-300x169.jpg 300w, https:\/\/ostrowskatv.pl\/wp-content\/uploads\/2025\/11\/1000090272-1333x750.jpg 1333w\" sizes=\"auto, (max-width: 1365px) 100vw, 1365px\" \/><\/a><\/p>\n<p>Samoch\u00f3d ci\u0119\u017carowy z powiatu ostrzeszowskiego jecha\u0142 ulic\u0105 Raszkowsk\u0105. Jego kierowca skr\u0119ca\u0142 w prawo w alej\u0119 S\u0142owackiego. Kiedy on mia\u0142 zielone \u015bwiat\u0142o, taki sam kolor \u015bwieci\u0142 si\u0119 dla przejazdu dla rower\u00f3w biegn\u0105cego dalej w stron\u0119 wiaduktu krotoszy\u0144skiego. <\/p>\n<p>16-latek jecha\u0142 chodnikiem z tej samej strony i postanowi\u0142 jecha\u0107 na wprost w stron\u0119 ulicy Pozna\u0144skiej. Poniewa\u017c nie patrzy\u0142 przed siebie, nie zauwa\u017cy\u0142 ci\u0119\u017car\u00f3wki i uderzy\u0142 w przedostatnie ko\u0142o od naczepy. Chwil\u0119 wcze\u015bniej i zosta\u0142by wci\u0105gni\u0119ty pod pojazd i&#8230; lepiej nawet nie my\u015ble\u0107.<\/p>\n<p>Nastolatek dozna\u0142 otarcia nadgarstka, a przednie ko\u0142o od roweru skrzywi\u0142o si\u0119. Wezwano na miejsce policj\u0119.<\/p>\n<p>Funkcjonariusze po dok\u0142adnej analizie okoliczno\u015bci stwierdzili, \u017ce w tym miejscu mog\u0105 jecha\u0107 rowerzy\u015bci i mog\u0105 przeje\u017cd\u017ca\u0107 przez drog\u0119, ale&#8230; musz\u0105 te\u017c, tak jak ka\u017cdy uczestnik ruchu drogowego zachowa\u0107 ostro\u017cno\u015b\u0107. W tym przypadku nastolatek nie zauwa\u017cy\u0142 mierz\u0105cego 12 metr\u00f3w samochodu ci\u0119\u017carowego i wjecha\u0142 w jego tyln\u0105 cz\u0119\u015b\u0107. W tej sytuacji uznano win\u0119 nastolatka. Na miejsce przyjecha\u0142a mama ch\u0142opca w obecno\u015bci kt\u00f3rej upomniano m\u0142odzie\u0144ca o zasadach ruchu drogowego. W sytuacji gdyby rowerzysta uderzy\u0142 na wysoko\u015bci pierwszej po\u0142owy pojazdu, w\u00f3wczas prawdopodobnie orzeczono by win\u0119 kierowcy ci\u0119\u017car\u00f3wki, cho\u0107 ten ma przecie\u017c martwe strefy, w wyniku kt\u00f3rych niewiele widzi.<\/p>\n<p>Nastolatek i jego bliscy mog\u0105 m\u00f3wi\u0107 o cudzie, poniewa\u017c sprawca kolizji wyszed\u0142 bez wi\u0119kszego szwanku, a w takim przypadku niewiele trzeba by niewinna jazda rowerem zamieni\u0142a si\u0119 w ostatni\u0105 drog\u0119.<br \/>\nObaj uczestnicy byli trze\u017awi. <\/p>\n","protected":false},"excerpt":{"rendered":"W poniedzia\u0142ek o godzinie 16:00 na skrzy\u017cowaniu przy dawnej przepompowni dosz\u0142o do gro\u017anie wygl\u0105daj\u0105cego zdarzenia drogowego z udzia\u0142em nastolatka oraz samochodu ci\u0119\u017carowego. Niewiele \n<a class=\"moretag\" href=\"https:\/\/ostrowskatv.pl\/?p=36292\"> [...]<\/a>","protected":false},"author":1,"featured_media":36290,"comment_status":"open","ping_status":"closed","sticky":false,"template":"","format":"standard","meta":{"footnotes":""},"categories":[1],"tags":[220],"class_list":["post-36292","post","type-post","status-publish","format-standard","has-post-thumbnail","hentry","category-news","tag-rower"],"_links":{"self":[{"href":"https:\/\/ostrowskatv.pl\/index.php?rest_route=\/wp\/v2\/posts\/36292","targetHints":{"allow":["GET"]}}],"collection":[{"href":"https:\/\/ostrowskatv.pl\/index.php?rest_route=\/wp\/v2\/posts"}],"about":[{"href":"https:\/\/ostrowskatv.pl\/index.php?rest_route=\/wp\/v2\/types\/post"}],"author":[{"embeddable":true,"href":"https:\/\/ostrowskatv.pl\/index.php?rest_route=\/wp\/v2\/users\/1"}],"replies":[{"embeddable":true,"href":"https:\/\/ostrowskatv.pl\/index.php?rest_route=%2Fwp%2Fv2%2Fcomments&post=36292"}],"version-history":[{"count":1,"href":"https:\/\/ostrowskatv.pl\/index.php?rest_route=\/wp\/v2\/posts\/36292\/revisions"}],"predecessor-version":[{"id":36293,"href":"https:\/\/ostrowskatv.pl\/index.php?rest_route=\/wp\/v2\/posts\/36292\/revisions\/36293"}],"wp:featuredmedia":[{"embeddable":true,"href":"https:\/\/ostrowskatv.pl\/index.php?rest_route=\/wp\/v2\/media\/36290"}],"wp:attachment":[{"href":"https:\/\/ostrowskatv.pl\/index.php?rest_route=%2Fwp%2Fv2%2Fmedia&parent=36292"}],"wp:term":[{"taxonomy":"category","embeddable":true,"href":"https:\/\/ostrowskatv.pl\/index.php?rest_route=%2Fwp%2Fv2%2Fcategories&post=36292"},{"taxonomy":"post_tag","embeddable":true,"href":"https:\/\/ostrowskatv.pl\/index.php?rest_route=%2Fwp%2Fv2%2Ftags&post=36292"}],"curies":[{"name":"wp","href":"https:\/\/api.w.org\/{rel}","templated":true}]}}