{"id":36282,"date":"2025-11-10T11:16:07","date_gmt":"2025-11-10T10:16:07","guid":{"rendered":"https:\/\/ostrowskatv.pl\/?p=36282"},"modified":"2025-11-10T11:16:07","modified_gmt":"2025-11-10T10:16:07","slug":"skradziono-motocykl-odzyskal-go-na-wlasna-reke","status":"publish","type":"post","link":"https:\/\/ostrowskatv.pl\/?p=36282","title":{"rendered":"Skradziono motocykl. Odzyska\u0142 go na w\u0142asn\u0105 r\u0119k\u0119"},"content":{"rendered":"<p>W nocy z czwartku na pi\u0105tek dosz\u0142o do kradzie\u017cy motocykla Suzuki spod bloku przy ulicy Konopnickiej 57 w Ostrowie Wielkopolskim. Wed\u0142ug nagra\u0144 z monitoringu z\u0142odziej czeka\u0142 a\u017c do godziny 4.45 by zaj\u0105\u0107 si\u0119 \u0142upem.<\/p>\n<p>Motocykl, jak wynika nagrania, postanowi\u0142 pcha\u0107. To do\u015b\u0107 ci\u0119\u017ckie zadanie i by\u0142o raczej logiczne, \u017ce daleko go nie przemie\u015bci\u0142. <\/p>\n<p>Policjanci z Wydzia\u0142u Kryminalnego oraz dzielnicowy podj\u0119li pewne dzia\u0142ania, ale do ko\u0144ca weekendu nie przynios\u0142y one widocznych efekt\u00f3w. Zdesperowany w\u0142a\u015bciciel umie\u015bci\u0142 w mediach spo\u0142eczno\u015bciowych post z pro\u015bb\u0105 o pomoc. Juz na drugi dzie\u0144 rano odnalaz\u0142 sw\u00f3j motocykl 300 metr\u00f3w dalej, przy ulicy Reja przy budynku stacji transformatorowej.<\/p>\n<p>Policja zabezpieczy\u0142a pojazd na policyjny parking. Tam przeprowadzi dok\u0142adne ogl\u0119dziny. Juz teraz wiadomo, \u017ce pojazd zosta\u0142 uszkodzony.<\/p>\n<p>Czy uda si\u0119 namierzy\u0107 sprawc\u0119? Czas poka\u017ce.<\/p>\n<p><a href=\"https:\/\/ostrowskatv.pl\/?attachment_id=36283\" rel=\"attachment wp-att-36283\"><img loading=\"lazy\" decoding=\"async\" src=\"https:\/\/ostrowskatv.pl\/wp-content\/uploads\/2025\/11\/1000090235.jpg\" alt=\"\" width=\"1366\" height=\"796\" class=\"alignnone size-full wp-image-36283\" srcset=\"https:\/\/ostrowskatv.pl\/wp-content\/uploads\/2025\/11\/1000090235.jpg 1366w, https:\/\/ostrowskatv.pl\/wp-content\/uploads\/2025\/11\/1000090235-300x175.jpg 300w, https:\/\/ostrowskatv.pl\/wp-content\/uploads\/2025\/11\/1000090235-1333x777.jpg 1333w\" sizes=\"auto, (max-width: 1366px) 100vw, 1366px\" \/><\/a><\/p>\n<p><a href=\"https:\/\/ostrowskatv.pl\/?attachment_id=36284\" rel=\"attachment wp-att-36284\"><img loading=\"lazy\" decoding=\"async\" src=\"https:\/\/ostrowskatv.pl\/wp-content\/uploads\/2025\/11\/1000090155.jpg\" alt=\"\" width=\"2341\" height=\"1637\" class=\"alignnone size-full wp-image-36284\" srcset=\"https:\/\/ostrowskatv.pl\/wp-content\/uploads\/2025\/11\/1000090155.jpg 2341w, https:\/\/ostrowskatv.pl\/wp-content\/uploads\/2025\/11\/1000090155-300x210.jpg 300w, https:\/\/ostrowskatv.pl\/wp-content\/uploads\/2025\/11\/1000090155-1333x932.jpg 1333w, https:\/\/ostrowskatv.pl\/wp-content\/uploads\/2025\/11\/1000090155-1536x1074.jpg 1536w, https:\/\/ostrowskatv.pl\/wp-content\/uploads\/2025\/11\/1000090155-2048x1432.jpg 2048w, https:\/\/ostrowskatv.pl\/wp-content\/uploads\/2025\/11\/1000090155-120x85.jpg 120w\" sizes=\"auto, (max-width: 2341px) 100vw, 2341px\" \/><\/a><\/p>\n<p><a href=\"https:\/\/ostrowskatv.pl\/?attachment_id=36285\" rel=\"attachment wp-att-36285\"><img loading=\"lazy\" decoding=\"async\" src=\"https:\/\/ostrowskatv.pl\/wp-content\/uploads\/2025\/11\/1000090232.jpg\" alt=\"\" width=\"945\" height=\"966\" class=\"alignnone size-full wp-image-36285\" srcset=\"https:\/\/ostrowskatv.pl\/wp-content\/uploads\/2025\/11\/1000090232.jpg 945w, https:\/\/ostrowskatv.pl\/wp-content\/uploads\/2025\/11\/1000090232-293x300.jpg 293w\" sizes=\"auto, (max-width: 945px) 100vw, 945px\" \/><\/a><\/p>\n","protected":false},"excerpt":{"rendered":"W nocy z czwartku na pi\u0105tek dosz\u0142o do kradzie\u017cy motocykla Suzuki spod bloku przy ulicy Konopnickiej 57 w Ostrowie Wielkopolskim. Wed\u0142ug nagra\u0144 z \n<a class=\"moretag\" href=\"https:\/\/ostrowskatv.pl\/?p=36282\"> [...]<\/a>","protected":false},"author":1,"featured_media":36284,"comment_status":"open","ping_status":"closed","sticky":false,"template":"","format":"standard","meta":{"footnotes":""},"categories":[1],"tags":[276,2],"class_list":["post-36282","post","type-post","status-publish","format-standard","has-post-thumbnail","hentry","category-news","tag-konopnickiej","tag-ostrow-wielkopolski"],"_links":{"self":[{"href":"https:\/\/ostrowskatv.pl\/index.php?rest_route=\/wp\/v2\/posts\/36282","targetHints":{"allow":["GET"]}}],"collection":[{"href":"https:\/\/ostrowskatv.pl\/index.php?rest_route=\/wp\/v2\/posts"}],"about":[{"href":"https:\/\/ostrowskatv.pl\/index.php?rest_route=\/wp\/v2\/types\/post"}],"author":[{"embeddable":true,"href":"https:\/\/ostrowskatv.pl\/index.php?rest_route=\/wp\/v2\/users\/1"}],"replies":[{"embeddable":true,"href":"https:\/\/ostrowskatv.pl\/index.php?rest_route=%2Fwp%2Fv2%2Fcomments&post=36282"}],"version-history":[{"count":1,"href":"https:\/\/ostrowskatv.pl\/index.php?rest_route=\/wp\/v2\/posts\/36282\/revisions"}],"predecessor-version":[{"id":36286,"href":"https:\/\/ostrowskatv.pl\/index.php?rest_route=\/wp\/v2\/posts\/36282\/revisions\/36286"}],"wp:featuredmedia":[{"embeddable":true,"href":"https:\/\/ostrowskatv.pl\/index.php?rest_route=\/wp\/v2\/media\/36284"}],"wp:attachment":[{"href":"https:\/\/ostrowskatv.pl\/index.php?rest_route=%2Fwp%2Fv2%2Fmedia&parent=36282"}],"wp:term":[{"taxonomy":"category","embeddable":true,"href":"https:\/\/ostrowskatv.pl\/index.php?rest_route=%2Fwp%2Fv2%2Fcategories&post=36282"},{"taxonomy":"post_tag","embeddable":true,"href":"https:\/\/ostrowskatv.pl\/index.php?rest_route=%2Fwp%2Fv2%2Ftags&post=36282"}],"curies":[{"name":"wp","href":"https:\/\/api.w.org\/{rel}","templated":true}]}}