{"id":36277,"date":"2025-11-10T10:44:32","date_gmt":"2025-11-10T09:44:32","guid":{"rendered":"https:\/\/ostrowskatv.pl\/?p=36277"},"modified":"2025-11-10T10:44:32","modified_gmt":"2025-11-10T09:44:32","slug":"wybuch-pieca-w-domu-mieszkancy-ewakuowani","status":"publish","type":"post","link":"https:\/\/ostrowskatv.pl\/?p=36277","title":{"rendered":"Wybuch pieca w domu. Mieszka\u0144cy ewakuowani"},"content":{"rendered":"<p>W niedzielny wiecz\u00f3r huk wzbudzi\u0142 niepok\u00f3j u mieszka\u0144c\u00f3w budynk\u00f3w na pocz\u0105tku ulicy Staroprzygodzkiej w Ostrowie Wielkopolskim. Na miejsce wys\u0142ano stra\u017c po\u017carn\u0105 oraz policj\u0119.<\/p>\n<p>Okaza\u0142o si\u0119, \u017ce w dwurodzinnym domu dosz\u0142o do ekspozji pieca na paliwo sta\u0142e. Eksplozja spowodowa\u0142a dziur\u0119 w \u015bcianie no\u015bnej budynku na pierwszym pi\u0119trze. Dodatkowo spad\u0142o kilka dach\u00f3wek.<\/p>\n<p>6 mieszka\u0144c\u00f3w ewakuowano. Poniewa\u017c nikt z Nadzoru Budowlanego nie odbiera\u0142 dy\u017curnego telefonu, policja pilnuje budynku by nikt do niego nie wchodzi\u0142. Stra\u017cacy stwierdzili p\u0119kni\u0119cie \u015bciany nosnej i dopiero osoba z odpowiedni\u0105 wiedz\u0105 mo\u017ce oceni\u0107 ryzyko zawalenia si\u0119 budynku.<\/p>\n<p>Nikt nie odni\u00f3s\u0142 obra\u017ce\u0144 cia\u0142a.<\/p>\n<p><a href=\"https:\/\/ostrowskatv.pl\/?attachment_id=36278\" rel=\"attachment wp-att-36278\"><img loading=\"lazy\" decoding=\"async\" src=\"https:\/\/ostrowskatv.pl\/wp-content\/uploads\/2025\/11\/1000090168.jpg\" alt=\"\" width=\"1366\" height=\"769\" class=\"alignnone size-full wp-image-36278\" srcset=\"https:\/\/ostrowskatv.pl\/wp-content\/uploads\/2025\/11\/1000090168.jpg 1366w, https:\/\/ostrowskatv.pl\/wp-content\/uploads\/2025\/11\/1000090168-300x169.jpg 300w, https:\/\/ostrowskatv.pl\/wp-content\/uploads\/2025\/11\/1000090168-1333x750.jpg 1333w\" sizes=\"auto, (max-width: 1366px) 100vw, 1366px\" \/><\/a><\/p>\n<p><a href=\"https:\/\/ostrowskatv.pl\/?attachment_id=36279\" rel=\"attachment wp-att-36279\"><img loading=\"lazy\" decoding=\"async\" src=\"https:\/\/ostrowskatv.pl\/wp-content\/uploads\/2025\/11\/1000090170.jpg\" alt=\"\" width=\"1366\" height=\"871\" class=\"alignnone size-full wp-image-36279\" srcset=\"https:\/\/ostrowskatv.pl\/wp-content\/uploads\/2025\/11\/1000090170.jpg 1366w, https:\/\/ostrowskatv.pl\/wp-content\/uploads\/2025\/11\/1000090170-300x191.jpg 300w, https:\/\/ostrowskatv.pl\/wp-content\/uploads\/2025\/11\/1000090170-1333x850.jpg 1333w\" sizes=\"auto, (max-width: 1366px) 100vw, 1366px\" \/><\/a><\/p>\n","protected":false},"excerpt":{"rendered":"W niedzielny wiecz\u00f3r huk wzbudzi\u0142 niepok\u00f3j u mieszka\u0144c\u00f3w budynk\u00f3w na pocz\u0105tku ulicy Staroprzygodzkiej w Ostrowie Wielkopolskim. Na miejsce wys\u0142ano stra\u017c po\u017carn\u0105 oraz policj\u0119. \n<a class=\"moretag\" href=\"https:\/\/ostrowskatv.pl\/?p=36277\"> [...]<\/a>","protected":false},"author":1,"featured_media":36278,"comment_status":"open","ping_status":"closed","sticky":false,"template":"","format":"standard","meta":{"footnotes":""},"categories":[1],"tags":[2],"class_list":["post-36277","post","type-post","status-publish","format-standard","has-post-thumbnail","hentry","category-news","tag-ostrow-wielkopolski"],"_links":{"self":[{"href":"https:\/\/ostrowskatv.pl\/index.php?rest_route=\/wp\/v2\/posts\/36277","targetHints":{"allow":["GET"]}}],"collection":[{"href":"https:\/\/ostrowskatv.pl\/index.php?rest_route=\/wp\/v2\/posts"}],"about":[{"href":"https:\/\/ostrowskatv.pl\/index.php?rest_route=\/wp\/v2\/types\/post"}],"author":[{"embeddable":true,"href":"https:\/\/ostrowskatv.pl\/index.php?rest_route=\/wp\/v2\/users\/1"}],"replies":[{"embeddable":true,"href":"https:\/\/ostrowskatv.pl\/index.php?rest_route=%2Fwp%2Fv2%2Fcomments&post=36277"}],"version-history":[{"count":1,"href":"https:\/\/ostrowskatv.pl\/index.php?rest_route=\/wp\/v2\/posts\/36277\/revisions"}],"predecessor-version":[{"id":36280,"href":"https:\/\/ostrowskatv.pl\/index.php?rest_route=\/wp\/v2\/posts\/36277\/revisions\/36280"}],"wp:featuredmedia":[{"embeddable":true,"href":"https:\/\/ostrowskatv.pl\/index.php?rest_route=\/wp\/v2\/media\/36278"}],"wp:attachment":[{"href":"https:\/\/ostrowskatv.pl\/index.php?rest_route=%2Fwp%2Fv2%2Fmedia&parent=36277"}],"wp:term":[{"taxonomy":"category","embeddable":true,"href":"https:\/\/ostrowskatv.pl\/index.php?rest_route=%2Fwp%2Fv2%2Fcategories&post=36277"},{"taxonomy":"post_tag","embeddable":true,"href":"https:\/\/ostrowskatv.pl\/index.php?rest_route=%2Fwp%2Fv2%2Ftags&post=36277"}],"curies":[{"name":"wp","href":"https:\/\/api.w.org\/{rel}","templated":true}]}}