{"id":36271,"date":"2025-11-08T13:31:15","date_gmt":"2025-11-08T12:31:15","guid":{"rendered":"https:\/\/ostrowskatv.pl\/?p=36271"},"modified":"2025-11-08T13:31:15","modified_gmt":"2025-11-08T12:31:15","slug":"potracenie-dziecka-na-paderewskiego-zdjecia","status":"publish","type":"post","link":"https:\/\/ostrowskatv.pl\/?p=36271","title":{"rendered":"Potr\u0105cenie dziecka na Paderewskiego (ZDJ\u0118CIA)"},"content":{"rendered":"<p><strong>W samo po\u0142udnie dosz\u0142o do potr\u0105cenia kilkuletniego dziecka na ulicy Paderewskiego na wprost ko\u015bcio\u0142a. Dziecko mia\u0142o wybiec zza zaparkowanego auta.<\/strong><\/p>\n<p>Na szcz\u0119\u015bcie pr\u0119dko\u015b\u0107 Peugeota nie by\u0142a du\u017ca, poniewa\u017c dopiero co zjecha\u0142 z pobliskiego ronda. Wed\u0142ug kierowcy dziecko przodem opar\u0142o si\u0119 o mask\u0119 auta i upad\u0142o na asfalt.<\/p>\n<p>Na miejsce wezwano policj\u0119 oraz karetk\u0119 pogotowia ratunkowego. Wst\u0119pnie oceniono, \u017ce nie by\u0142o zagro\u017cenia dla \u017cycia dziecka. Kierowc\u0119 puszczono, a z rodzicami dziecka zosta\u0142a przeprowadzona rozmowa.<\/p>\n<p><a href=\"https:\/\/ostrowskatv.pl\/?attachment_id=36272\" rel=\"attachment wp-att-36272\"><img loading=\"lazy\" decoding=\"async\" src=\"https:\/\/ostrowskatv.pl\/wp-content\/uploads\/2025\/11\/1000089608.jpg\" alt=\"\" width=\"1366\" height=\"1343\" class=\"alignnone size-full wp-image-36272\" srcset=\"https:\/\/ostrowskatv.pl\/wp-content\/uploads\/2025\/11\/1000089608.jpg 1366w, https:\/\/ostrowskatv.pl\/wp-content\/uploads\/2025\/11\/1000089608-300x295.jpg 300w, https:\/\/ostrowskatv.pl\/wp-content\/uploads\/2025\/11\/1000089608-1333x1311.jpg 1333w\" sizes=\"auto, (max-width: 1366px) 100vw, 1366px\" \/><\/a><\/p>\n<p><a href=\"https:\/\/ostrowskatv.pl\/?attachment_id=36273\" rel=\"attachment wp-att-36273\"><img loading=\"lazy\" decoding=\"async\" src=\"https:\/\/ostrowskatv.pl\/wp-content\/uploads\/2025\/11\/1000089604.jpg\" alt=\"\" width=\"1366\" height=\"705\" class=\"alignnone size-full wp-image-36273\" srcset=\"https:\/\/ostrowskatv.pl\/wp-content\/uploads\/2025\/11\/1000089604.jpg 1366w, https:\/\/ostrowskatv.pl\/wp-content\/uploads\/2025\/11\/1000089604-300x155.jpg 300w, https:\/\/ostrowskatv.pl\/wp-content\/uploads\/2025\/11\/1000089604-1333x688.jpg 1333w\" sizes=\"auto, (max-width: 1366px) 100vw, 1366px\" \/><\/a><\/p>\n<p><a href=\"https:\/\/ostrowskatv.pl\/?attachment_id=36274\" rel=\"attachment wp-att-36274\"><img loading=\"lazy\" decoding=\"async\" src=\"https:\/\/ostrowskatv.pl\/wp-content\/uploads\/2025\/11\/1000089610.jpg\" alt=\"\" width=\"1366\" height=\"1321\" class=\"alignnone size-full wp-image-36274\" srcset=\"https:\/\/ostrowskatv.pl\/wp-content\/uploads\/2025\/11\/1000089610.jpg 1366w, https:\/\/ostrowskatv.pl\/wp-content\/uploads\/2025\/11\/1000089610-300x290.jpg 300w, https:\/\/ostrowskatv.pl\/wp-content\/uploads\/2025\/11\/1000089610-1333x1289.jpg 1333w\" sizes=\"auto, (max-width: 1366px) 100vw, 1366px\" \/><\/a><\/p>\n<p><a href=\"https:\/\/ostrowskatv.pl\/?attachment_id=36275\" rel=\"attachment wp-att-36275\"><img loading=\"lazy\" decoding=\"async\" src=\"https:\/\/ostrowskatv.pl\/wp-content\/uploads\/2025\/11\/1000089611.jpg\" alt=\"\" width=\"1366\" height=\"792\" class=\"alignnone size-full wp-image-36275\" srcset=\"https:\/\/ostrowskatv.pl\/wp-content\/uploads\/2025\/11\/1000089611.jpg 1366w, https:\/\/ostrowskatv.pl\/wp-content\/uploads\/2025\/11\/1000089611-300x174.jpg 300w, https:\/\/ostrowskatv.pl\/wp-content\/uploads\/2025\/11\/1000089611-1333x773.jpg 1333w\" sizes=\"auto, (max-width: 1366px) 100vw, 1366px\" \/><\/a><\/p>\n","protected":false},"excerpt":{"rendered":"W samo po\u0142udnie dosz\u0142o do potr\u0105cenia kilkuletniego dziecka na ulicy Paderewskiego na wprost ko\u015bcio\u0142a. Dziecko mia\u0142o wybiec zza zaparkowanego auta. Na szcz\u0119\u015bcie pr\u0119dko\u015b\u0107 \n<a class=\"moretag\" href=\"https:\/\/ostrowskatv.pl\/?p=36271\"> [...]<\/a>","protected":false},"author":1,"featured_media":36273,"comment_status":"open","ping_status":"closed","sticky":false,"template":"","format":"standard","meta":{"footnotes":""},"categories":[1],"tags":[2],"class_list":["post-36271","post","type-post","status-publish","format-standard","has-post-thumbnail","hentry","category-news","tag-ostrow-wielkopolski"],"_links":{"self":[{"href":"https:\/\/ostrowskatv.pl\/index.php?rest_route=\/wp\/v2\/posts\/36271","targetHints":{"allow":["GET"]}}],"collection":[{"href":"https:\/\/ostrowskatv.pl\/index.php?rest_route=\/wp\/v2\/posts"}],"about":[{"href":"https:\/\/ostrowskatv.pl\/index.php?rest_route=\/wp\/v2\/types\/post"}],"author":[{"embeddable":true,"href":"https:\/\/ostrowskatv.pl\/index.php?rest_route=\/wp\/v2\/users\/1"}],"replies":[{"embeddable":true,"href":"https:\/\/ostrowskatv.pl\/index.php?rest_route=%2Fwp%2Fv2%2Fcomments&post=36271"}],"version-history":[{"count":1,"href":"https:\/\/ostrowskatv.pl\/index.php?rest_route=\/wp\/v2\/posts\/36271\/revisions"}],"predecessor-version":[{"id":36276,"href":"https:\/\/ostrowskatv.pl\/index.php?rest_route=\/wp\/v2\/posts\/36271\/revisions\/36276"}],"wp:featuredmedia":[{"embeddable":true,"href":"https:\/\/ostrowskatv.pl\/index.php?rest_route=\/wp\/v2\/media\/36273"}],"wp:attachment":[{"href":"https:\/\/ostrowskatv.pl\/index.php?rest_route=%2Fwp%2Fv2%2Fmedia&parent=36271"}],"wp:term":[{"taxonomy":"category","embeddable":true,"href":"https:\/\/ostrowskatv.pl\/index.php?rest_route=%2Fwp%2Fv2%2Fcategories&post=36271"},{"taxonomy":"post_tag","embeddable":true,"href":"https:\/\/ostrowskatv.pl\/index.php?rest_route=%2Fwp%2Fv2%2Ftags&post=36271"}],"curies":[{"name":"wp","href":"https:\/\/api.w.org\/{rel}","templated":true}]}}