{"id":36267,"date":"2025-11-07T16:21:59","date_gmt":"2025-11-07T15:21:59","guid":{"rendered":"https:\/\/ostrowskatv.pl\/?p=36267"},"modified":"2025-11-07T16:21:59","modified_gmt":"2025-11-07T15:21:59","slug":"absurdalny-wyrok-powiedzial-skazany-wiceprezydent-oetrowa","status":"publish","type":"post","link":"https:\/\/ostrowskatv.pl\/?p=36267","title":{"rendered":"Absurdalny wyrok! &#8211; powiedzia\u0142 skazany wiceprezydent Oetrowa"},"content":{"rendered":"<p>Wiceprezydent Ostrowa Wielkopolskiego Miko\u0142aj Kostka: Najtrudniejszy briefing w moim \u017cyciu. Od blisko 7 lat toczy\u0142o si\u0119 post\u0119powanie zwi\u0105zane z zak\u0142adem gospodarki mieszkaniowej w Jarocinie, gdzie pe\u0142ni\u0142 funkcj\u0119 wiceburmistrza, nadzoruj\u0105cego sektor komunalny. Kilka tygodni po powo\u0142aniu na funkcj\u0119 wiceprezydenta Ostrowa Wielkopolskiego prokurator postawi\u0142 4 zarzuty. Kostka mia\u0142 wp\u0142ywa\u0107 na decyzje prezesa zak\u0142adu gospodarki odpadami w Jarocinie. Miko\u0142aj Kostka m\u00f3wi\u0142 w spos\u00f3b otwarty i transparentny o ca\u0142ej sprawie: nie mia\u0142em z tym \u017cadnego problemu. Nie mam sobie nic do zarzucenia w tej sprawie. Wykazywa\u0142em si\u0119 uczciwo\u015bci\u0105 i rzetelno\u015bci\u0105 &#8211; podkre\u015bla\u0142. Przygod\u0119 w Ostrowie Wielkopolskim rozpocz\u0105\u0142 na funkcji prezesa w jednej z ostrowskich sp\u00f3\u0142ek. Dzi\u015b s\u0105d apelacyjny w \u0141odzi podtrzyma\u0142 wyrok I instancji. Jeden z zarzut\u00f3w dotyczy\u0142 zawarcia um\u00f3w z zespo\u0142ami disco polo i zgrania ich wyst\u0119p\u00f3w z kalendarzem wyborczym. Koncerty by\u0142y bezp\u0142atne, uroczysto\u015bci \u015bw. Marcina odby\u0142y si\u0119 jak co roku. Kolejny zarzut dotyczy\u0142 nak\u0142onienia do zatrudnienia sta\u017cysty w sp\u00f3\u0142ce za wynagrodzenie 1600 z\u0142 brutto. By\u0142a to osoba obca dla mnie &#8211; podkre\u015bli\u0142 Kostka. W tamtym czasie pensje wynosi\u0142 od 1600 do 11 tysi\u0119cy z\u0142otych.<br \/>\nOstatni zarzut to kwestia zlecenia dokument\u00f3w, zlecenia, strategii dla sp\u00f3\u0142ki o warto\u015bci 10 tysi\u0119cy z\u0142otych. Kostka twierdzi, \u017ce mia\u0142 je nak\u0142ania\u0107, cho\u0107 nigdy wcze\u015bniej z nimi nie wsp\u00f3\u0142pracowa\u0142 i nie mia\u0142 relacji towarzyskich i rodzinnych.<\/p>\n<p>Kostka po zapoznaniu si\u0119 z wyrokiem S\u0105du Apelacyjnrgo rozwa\u017cy co mo\u017ce z nimi zrobi\u0107. Dwoje z trzech s\u0119dzi\u00f3w by\u0142o z tzw. NEOKRS. Odwo\u0142anie nie wstrzymuje prawomocno\u015bci.<\/p>\n<p>To mnie boli, to trudny dla mnie czas &#8211; wyzna\u0142 Miko\u0142aj Kostka. Czy ktokolwiek my\u015bli, \u017ce prezesi sami wpadliny na r\u00f3\u017cne pomys\u0142y wspierania przedsi\u0119wzi\u0119\u0107 tj. szkolenie dzieci i m\u0142odzie\u017cy w sportach. &#8211; dosta\u0142em b\u0119cki, \u017ce realizowa\u0142em zadania samorz\u0105du jaroci\u0144skiego.<\/p>\n<p>W zwi\u0105zku z zaistnia\u0142\u0105 sytuacj\u0105 moja przygoda z ostrowskim magistratem ko\u0144czy si\u0119. &#8211; powiedzia\u0142 Kostka.<\/p>\n<p>Nast\u0119pnie wymieni\u0142 szereg zada\u0144 inwestycyjnych, kt\u00f3re s\u0105 zaplanowane w przysz\u0142ym roku i to za kwot\u0119 106 milion\u00f3w z\u0142otych.<\/p>\n<p>Dzi\u0119kuj\u0119 za \u017cyczliwe przyj\u0119cie w Ostrowie Wielkopolskim. Nie wyprowadzam si\u0119 z Ostrowa. &#8211; doda\u0142 na koniec.<\/p>\n<p>Rok w zawieszeniu na 2 lata. Zakaz pe\u0142nienia eksponowanych stanowisk przez okres 2 lat.<\/p>\n<p>Czy spodziewa\u0142em si\u0119 takiego wyroku? Uczucia mia\u0142em mieszane. Wyrokiem absurdalnym &#8211; w ocenie wielu os\u00f3b &#8211; by\u0142o to co mnie spotka\u0142o. Jest to wyrok polityczny. G\u0142\u0119boko wierz\u0119, \u017ce prawda si\u0119 wyzwoli. Wyrok jest oparty nie na dokumentach, a na niesp\u00f3jnych pom\u00f3wieniach by\u0142ego prezesa. Wed\u0142ug mnie kto\u015b m\u00f3g\u0142 r\u0119ce i maca\u0107. &#8211; spuentowa\u0142 Kostka.<\/p>\n<p><a href=\"https:\/\/ostrowskatv.pl\/?attachment_id=36268\" rel=\"attachment wp-att-36268\"><img loading=\"lazy\" decoding=\"async\" class=\"alignnone size-full wp-image-36268\" src=\"https:\/\/ostrowskatv.pl\/wp-content\/uploads\/2025\/11\/1000089546.jpg\" alt=\"\" width=\"768\" height=\"1365\" srcset=\"https:\/\/ostrowskatv.pl\/wp-content\/uploads\/2025\/11\/1000089546.jpg 768w, https:\/\/ostrowskatv.pl\/wp-content\/uploads\/2025\/11\/1000089546-169x300.jpg 169w, https:\/\/ostrowskatv.pl\/wp-content\/uploads\/2025\/11\/1000089546-750x1333.jpg 750w\" sizes=\"auto, (max-width: 768px) 100vw, 768px\" \/><\/a><\/p>\n","protected":false},"excerpt":{"rendered":"Wiceprezydent Ostrowa Wielkopolskiego Miko\u0142aj Kostka: Najtrudniejszy briefing w moim \u017cyciu. Od blisko 7 lat toczy\u0142o si\u0119 post\u0119powanie zwi\u0105zane z zak\u0142adem gospodarki mieszkaniowej w \n<a class=\"moretag\" href=\"https:\/\/ostrowskatv.pl\/?p=36267\"> [...]<\/a>","protected":false},"author":1,"featured_media":36269,"comment_status":"open","ping_status":"closed","sticky":false,"template":"","format":"standard","meta":{"footnotes":""},"categories":[1],"tags":[],"class_list":["post-36267","post","type-post","status-publish","format-standard","has-post-thumbnail","hentry","category-news"],"_links":{"self":[{"href":"https:\/\/ostrowskatv.pl\/index.php?rest_route=\/wp\/v2\/posts\/36267","targetHints":{"allow":["GET"]}}],"collection":[{"href":"https:\/\/ostrowskatv.pl\/index.php?rest_route=\/wp\/v2\/posts"}],"about":[{"href":"https:\/\/ostrowskatv.pl\/index.php?rest_route=\/wp\/v2\/types\/post"}],"author":[{"embeddable":true,"href":"https:\/\/ostrowskatv.pl\/index.php?rest_route=\/wp\/v2\/users\/1"}],"replies":[{"embeddable":true,"href":"https:\/\/ostrowskatv.pl\/index.php?rest_route=%2Fwp%2Fv2%2Fcomments&post=36267"}],"version-history":[{"count":1,"href":"https:\/\/ostrowskatv.pl\/index.php?rest_route=\/wp\/v2\/posts\/36267\/revisions"}],"predecessor-version":[{"id":36270,"href":"https:\/\/ostrowskatv.pl\/index.php?rest_route=\/wp\/v2\/posts\/36267\/revisions\/36270"}],"wp:featuredmedia":[{"embeddable":true,"href":"https:\/\/ostrowskatv.pl\/index.php?rest_route=\/wp\/v2\/media\/36269"}],"wp:attachment":[{"href":"https:\/\/ostrowskatv.pl\/index.php?rest_route=%2Fwp%2Fv2%2Fmedia&parent=36267"}],"wp:term":[{"taxonomy":"category","embeddable":true,"href":"https:\/\/ostrowskatv.pl\/index.php?rest_route=%2Fwp%2Fv2%2Fcategories&post=36267"},{"taxonomy":"post_tag","embeddable":true,"href":"https:\/\/ostrowskatv.pl\/index.php?rest_route=%2Fwp%2Fv2%2Ftags&post=36267"}],"curies":[{"name":"wp","href":"https:\/\/api.w.org\/{rel}","templated":true}]}}