{"id":36256,"date":"2025-11-06T18:14:56","date_gmt":"2025-11-06T17:14:56","guid":{"rendered":"https:\/\/ostrowskatv.pl\/?p=36256"},"modified":"2025-11-06T18:14:56","modified_gmt":"2025-11-06T17:14:56","slug":"troje-poparzonych-dzieci-zdjecia","status":"publish","type":"post","link":"https:\/\/ostrowskatv.pl\/?p=36256","title":{"rendered":"Troje poparzonych dzieci (ZDJ\u0118CIA)"},"content":{"rendered":"<p><strong>Do szpitala w Ostrowie Wielkopolskim trafi\u0142 2-letni ch\u0142opiec po oparzeniu wrz\u0105tkiem. Przetransportowano go w czwartek \u015bmig\u0142owcem LPR ze szpitala w Zielonej G\u00f3rze, poniewa\u017c to w\u0142a\u015bnie w ostrowskiej plac\u00f3wce jest jeden z trzech w ca\u0142ej Polsce Centrum Leczenia Oparze\u0144 u dzieci. Dramatyczna akcja s\u0142u\u017cb ratowniczych w Sulechowie. Troje dzieci zosta\u0142o poparzonych wrz\u0105tkiem. Najci\u0119\u017cej ranny 2-latek jest w \u015bpi\u0105czce farmakologicznej.<\/strong><\/p>\n<p><a href=\"https:\/\/ostrowskatv.pl\/?attachment_id=36258\" rel=\"attachment wp-att-36258\"><img loading=\"lazy\" decoding=\"async\" src=\"https:\/\/ostrowskatv.pl\/wp-content\/uploads\/2025\/11\/1000089401.jpg\" alt=\"\" width=\"1365\" height=\"768\" class=\"alignnone size-full wp-image-36258\" srcset=\"https:\/\/ostrowskatv.pl\/wp-content\/uploads\/2025\/11\/1000089401.jpg 1365w, https:\/\/ostrowskatv.pl\/wp-content\/uploads\/2025\/11\/1000089401-300x169.jpg 300w, https:\/\/ostrowskatv.pl\/wp-content\/uploads\/2025\/11\/1000089401-1333x750.jpg 1333w\" sizes=\"auto, (max-width: 1365px) 100vw, 1365px\" \/><\/a><\/p>\n<p><a href=\"https:\/\/ostrowskatv.pl\/?attachment_id=36259\" rel=\"attachment wp-att-36259\"><img loading=\"lazy\" decoding=\"async\" src=\"https:\/\/ostrowskatv.pl\/wp-content\/uploads\/2025\/11\/1000089398.jpg\" alt=\"\" width=\"1365\" height=\"768\" class=\"alignnone size-full wp-image-36259\" srcset=\"https:\/\/ostrowskatv.pl\/wp-content\/uploads\/2025\/11\/1000089398.jpg 1365w, https:\/\/ostrowskatv.pl\/wp-content\/uploads\/2025\/11\/1000089398-300x169.jpg 300w, https:\/\/ostrowskatv.pl\/wp-content\/uploads\/2025\/11\/1000089398-1333x750.jpg 1333w\" sizes=\"auto, (max-width: 1365px) 100vw, 1365px\" \/><\/a><\/p>\n<p><a href=\"https:\/\/ostrowskatv.pl\/?attachment_id=36260\" rel=\"attachment wp-att-36260\"><img loading=\"lazy\" decoding=\"async\" src=\"https:\/\/ostrowskatv.pl\/wp-content\/uploads\/2025\/11\/1000089397.jpg\" alt=\"\" width=\"1245\" height=\"761\" class=\"alignnone size-full wp-image-36260\" srcset=\"https:\/\/ostrowskatv.pl\/wp-content\/uploads\/2025\/11\/1000089397.jpg 1245w, https:\/\/ostrowskatv.pl\/wp-content\/uploads\/2025\/11\/1000089397-300x183.jpg 300w\" sizes=\"auto, (max-width: 1245px) 100vw, 1245px\" \/><\/a><\/p>\n<p><a href=\"https:\/\/ostrowskatv.pl\/?attachment_id=36261\" rel=\"attachment wp-att-36261\"><img loading=\"lazy\" decoding=\"async\" src=\"https:\/\/ostrowskatv.pl\/wp-content\/uploads\/2025\/11\/1000089396.jpg\" alt=\"\" width=\"1365\" height=\"758\" class=\"alignnone size-full wp-image-36261\" srcset=\"https:\/\/ostrowskatv.pl\/wp-content\/uploads\/2025\/11\/1000089396.jpg 1365w, https:\/\/ostrowskatv.pl\/wp-content\/uploads\/2025\/11\/1000089396-300x167.jpg 300w, https:\/\/ostrowskatv.pl\/wp-content\/uploads\/2025\/11\/1000089396-1333x740.jpg 1333w\" sizes=\"auto, (max-width: 1365px) 100vw, 1365px\" \/><\/a><\/p>\n<p><a href=\"https:\/\/ostrowskatv.pl\/?attachment_id=36262\" rel=\"attachment wp-att-36262\"><img loading=\"lazy\" decoding=\"async\" src=\"https:\/\/ostrowskatv.pl\/wp-content\/uploads\/2025\/11\/1000089395.jpg\" alt=\"\" width=\"1077\" height=\"908\" class=\"alignnone size-full wp-image-36262\" srcset=\"https:\/\/ostrowskatv.pl\/wp-content\/uploads\/2025\/11\/1000089395.jpg 1077w, https:\/\/ostrowskatv.pl\/wp-content\/uploads\/2025\/11\/1000089395-300x253.jpg 300w\" sizes=\"auto, (max-width: 1077px) 100vw, 1077px\" \/><\/a><\/p>\n<p><a href=\"https:\/\/ostrowskatv.pl\/?attachment_id=36263\" rel=\"attachment wp-att-36263\"><img loading=\"lazy\" decoding=\"async\" src=\"https:\/\/ostrowskatv.pl\/wp-content\/uploads\/2025\/11\/1000089393.jpg\" alt=\"\" width=\"1264\" height=\"825\" class=\"alignnone size-full wp-image-36263\" srcset=\"https:\/\/ostrowskatv.pl\/wp-content\/uploads\/2025\/11\/1000089393.jpg 1264w, https:\/\/ostrowskatv.pl\/wp-content\/uploads\/2025\/11\/1000089393-300x196.jpg 300w\" sizes=\"auto, (max-width: 1264px) 100vw, 1264px\" \/><\/a><\/p>\n<p><a href=\"https:\/\/ostrowskatv.pl\/?attachment_id=36264\" rel=\"attachment wp-att-36264\"><img loading=\"lazy\" decoding=\"async\" src=\"https:\/\/ostrowskatv.pl\/wp-content\/uploads\/2025\/11\/1000089392.jpg\" alt=\"\" width=\"1365\" height=\"768\" class=\"alignnone size-full wp-image-36264\" srcset=\"https:\/\/ostrowskatv.pl\/wp-content\/uploads\/2025\/11\/1000089392.jpg 1365w, https:\/\/ostrowskatv.pl\/wp-content\/uploads\/2025\/11\/1000089392-300x169.jpg 300w, https:\/\/ostrowskatv.pl\/wp-content\/uploads\/2025\/11\/1000089392-1333x750.jpg 1333w\" sizes=\"auto, (max-width: 1365px) 100vw, 1365px\" \/><\/a><\/p>\n<p><a href=\"https:\/\/ostrowskatv.pl\/?attachment_id=36265\" rel=\"attachment wp-att-36265\"><img loading=\"lazy\" decoding=\"async\" src=\"https:\/\/ostrowskatv.pl\/wp-content\/uploads\/2025\/11\/1000089390.jpg\" alt=\"\" width=\"1366\" height=\"846\" class=\"alignnone size-full wp-image-36265\" srcset=\"https:\/\/ostrowskatv.pl\/wp-content\/uploads\/2025\/11\/1000089390.jpg 1366w, https:\/\/ostrowskatv.pl\/wp-content\/uploads\/2025\/11\/1000089390-300x186.jpg 300w, https:\/\/ostrowskatv.pl\/wp-content\/uploads\/2025\/11\/1000089390-1333x826.jpg 1333w\" sizes=\"auto, (max-width: 1366px) 100vw, 1366px\" \/><\/a><\/p>\n<p>Wszystko wydarzy\u0142o si\u0119 we wtorkowy wiecz\u00f3r, 4 listopada, oko\u0142o godziny 18:20. S\u0142u\u017cby ratownicze otrzyma\u0142y zg\u0142oszenie o poparzeniu dzieci wrz\u0105tkiem w jednym z budynk\u00f3w mieszkalnych przy ulicy Ogrodowej w Sulechowie.<\/p>\n<p>Na miejsce wys\u0142ano dwie karetki pogotowia oraz \u015bmig\u0142owiec Lotniczego Pogotowia Ratunkowego z Zielonej G\u00f3ry, kt\u00f3ry wyl\u0105dowa\u0142 w pobli\u017cu. Pod wskazany adres przyby\u0142 r\u00f3wnie\u017c zast\u0119p stra\u017cy po\u017carnej oraz patrole policji. Troje dzieci rannych. 2-latek w \u015bpi\u0105czce<br \/>\nW wyniku zdarzenia poszkodowanych zosta\u0142o dwoje 2-letnich dzieci i jedno 4-letnie. Po udzieleniu pomocy medycznej wszystkie zosta\u0142y przetransportowane do szpitali w Zielonej G\u00f3rze i Nowej Soli.<\/p>\n<p>Najci\u0119\u017csze obra\u017cenia odni\u00f3s\u0142 2-letni ch\u0142opiec, kt\u00f3ry zaintubowany i wprowadzony w \u015bpi\u0105czk\u0119 farmakologiczn\u0105. Obecnie przebywa w Klinicznym Oddziale Anestezjologii i Intensywnej Terapii dla Dzieci w zielonog\u00f3rskim szpitalu, ale jego \u017cyciu nie zagra\u017ca niebezpiecze\u0144stwo.<\/p>\n<p>Reszta dzieci po opatrzeniu opu\u015bci\u0142a ju\u017c lecznice. Na szcz\u0119\u015bcie dozna\u0142y one tylko niegro\u017anych obra\u017ce\u0144 cia\u0142a.<\/p>\n<p>Okoliczno\u015bci zdarzenia bada policja<br \/>\nWszystko wskazuje na nieszcz\u0119\u015bliwy wypadek. Policja ustala szczeg\u00f3\u0142owe okoliczno\u015bci dramatycznego zdarzenia.<\/p>\n","protected":false},"excerpt":{"rendered":"Do szpitala w Ostrowie Wielkopolskim trafi\u0142 2-letni ch\u0142opiec po oparzeniu wrz\u0105tkiem. Przetransportowano go w czwartek \u015bmig\u0142owcem LPR ze szpitala w Zielonej G\u00f3rze, poniewa\u017c \n<a class=\"moretag\" href=\"https:\/\/ostrowskatv.pl\/?p=36256\"> [...]<\/a>","protected":false},"author":1,"featured_media":36258,"comment_status":"open","ping_status":"closed","sticky":false,"template":"","format":"standard","meta":{"footnotes":""},"categories":[1],"tags":[],"class_list":["post-36256","post","type-post","status-publish","format-standard","has-post-thumbnail","hentry","category-news"],"_links":{"self":[{"href":"https:\/\/ostrowskatv.pl\/index.php?rest_route=\/wp\/v2\/posts\/36256","targetHints":{"allow":["GET"]}}],"collection":[{"href":"https:\/\/ostrowskatv.pl\/index.php?rest_route=\/wp\/v2\/posts"}],"about":[{"href":"https:\/\/ostrowskatv.pl\/index.php?rest_route=\/wp\/v2\/types\/post"}],"author":[{"embeddable":true,"href":"https:\/\/ostrowskatv.pl\/index.php?rest_route=\/wp\/v2\/users\/1"}],"replies":[{"embeddable":true,"href":"https:\/\/ostrowskatv.pl\/index.php?rest_route=%2Fwp%2Fv2%2Fcomments&post=36256"}],"version-history":[{"count":2,"href":"https:\/\/ostrowskatv.pl\/index.php?rest_route=\/wp\/v2\/posts\/36256\/revisions"}],"predecessor-version":[{"id":36266,"href":"https:\/\/ostrowskatv.pl\/index.php?rest_route=\/wp\/v2\/posts\/36256\/revisions\/36266"}],"wp:featuredmedia":[{"embeddable":true,"href":"https:\/\/ostrowskatv.pl\/index.php?rest_route=\/wp\/v2\/media\/36258"}],"wp:attachment":[{"href":"https:\/\/ostrowskatv.pl\/index.php?rest_route=%2Fwp%2Fv2%2Fmedia&parent=36256"}],"wp:term":[{"taxonomy":"category","embeddable":true,"href":"https:\/\/ostrowskatv.pl\/index.php?rest_route=%2Fwp%2Fv2%2Fcategories&post=36256"},{"taxonomy":"post_tag","embeddable":true,"href":"https:\/\/ostrowskatv.pl\/index.php?rest_route=%2Fwp%2Fv2%2Ftags&post=36256"}],"curies":[{"name":"wp","href":"https:\/\/api.w.org\/{rel}","templated":true}]}}