{"id":36197,"date":"2025-10-25T13:16:48","date_gmt":"2025-10-25T12:16:48","guid":{"rendered":"https:\/\/ostrowskatv.pl\/?p=36197"},"modified":"2025-10-25T13:16:48","modified_gmt":"2025-10-25T12:16:48","slug":"alarm-pozarowy-w-hotelu-szczegoly","status":"publish","type":"post","link":"https:\/\/ostrowskatv.pl\/?p=36197","title":{"rendered":"Alarm po\u017carowy w hotelu &#8211; szczeg\u00f3\u0142y"},"content":{"rendered":"<p><strong>O godzinie 10 za\u0142\u0105czy\u0142 si\u0119 alarm przeciwpo\u017carowy w jednym z hotelu w centrum Ostrowa Wielkopolskiego. Na miejsce wys\u0142ano kilka zast\u0119p\u00f3w stra\u017cy po\u017carnej.<\/strong><\/p>\n<p>Po doje\u017adzie zweryfikowano zg\u0142oszenie i okaza\u0142o si\u0119, \u017ce zadymienie pojawi\u0142o si\u0119 w jednym z hotelowych pokoj\u00f3w. Sprawc\u0105 w budzenia alarmu okaza\u0142 si\u0119 38-letni m\u0119\u017cczyzna z Polski, kt\u00f3ry zapali\u0142 w pokoju elektronicznego papierosa.<\/p>\n<p>Na miejscu pojawili si\u0119 policjanci, kt\u00f3rzy ukarali m\u0119\u017cczyzn\u0119 mandatem karnym w wysoko\u015bci 100 z\u0142otych. Dodatkowo hotel mo\u017ce go obci\u0105\u017cy\u0107 dodatkow\u0105 op\u0142at\u0105 wynosz\u0105c\u0105 2 tysi\u0105ce z\u0142otych. <\/p>\n","protected":false},"excerpt":{"rendered":"O godzinie 10 za\u0142\u0105czy\u0142 si\u0119 alarm przeciwpo\u017carowy w jednym z hotelu w centrum Ostrowa Wielkopolskiego. Na miejsce wys\u0142ano kilka zast\u0119p\u00f3w stra\u017cy po\u017carnej. Po \n<a class=\"moretag\" href=\"https:\/\/ostrowskatv.pl\/?p=36197\"> [...]<\/a>","protected":false},"author":1,"featured_media":36198,"comment_status":"open","ping_status":"closed","sticky":false,"template":"","format":"standard","meta":{"footnotes":""},"categories":[1],"tags":[2],"class_list":["post-36197","post","type-post","status-publish","format-standard","has-post-thumbnail","hentry","category-news","tag-ostrow-wielkopolski"],"_links":{"self":[{"href":"https:\/\/ostrowskatv.pl\/index.php?rest_route=\/wp\/v2\/posts\/36197","targetHints":{"allow":["GET"]}}],"collection":[{"href":"https:\/\/ostrowskatv.pl\/index.php?rest_route=\/wp\/v2\/posts"}],"about":[{"href":"https:\/\/ostrowskatv.pl\/index.php?rest_route=\/wp\/v2\/types\/post"}],"author":[{"embeddable":true,"href":"https:\/\/ostrowskatv.pl\/index.php?rest_route=\/wp\/v2\/users\/1"}],"replies":[{"embeddable":true,"href":"https:\/\/ostrowskatv.pl\/index.php?rest_route=%2Fwp%2Fv2%2Fcomments&post=36197"}],"version-history":[{"count":1,"href":"https:\/\/ostrowskatv.pl\/index.php?rest_route=\/wp\/v2\/posts\/36197\/revisions"}],"predecessor-version":[{"id":36199,"href":"https:\/\/ostrowskatv.pl\/index.php?rest_route=\/wp\/v2\/posts\/36197\/revisions\/36199"}],"wp:featuredmedia":[{"embeddable":true,"href":"https:\/\/ostrowskatv.pl\/index.php?rest_route=\/wp\/v2\/media\/36198"}],"wp:attachment":[{"href":"https:\/\/ostrowskatv.pl\/index.php?rest_route=%2Fwp%2Fv2%2Fmedia&parent=36197"}],"wp:term":[{"taxonomy":"category","embeddable":true,"href":"https:\/\/ostrowskatv.pl\/index.php?rest_route=%2Fwp%2Fv2%2Fcategories&post=36197"},{"taxonomy":"post_tag","embeddable":true,"href":"https:\/\/ostrowskatv.pl\/index.php?rest_route=%2Fwp%2Fv2%2Ftags&post=36197"}],"curies":[{"name":"wp","href":"https:\/\/api.w.org\/{rel}","templated":true}]}}