{"id":36195,"date":"2025-10-23T13:19:48","date_gmt":"2025-10-23T12:19:48","guid":{"rendered":"https:\/\/ostrowskatv.pl\/?p=36195"},"modified":"2025-10-23T13:24:16","modified_gmt":"2025-10-23T12:24:16","slug":"prezes-mzgm-aresztowany-znamy-szczegoly","status":"publish","type":"post","link":"https:\/\/ostrowskatv.pl\/?p=36195","title":{"rendered":"Prezes MZGM aresztowany. Znamy szczeg\u00f3\u0142y"},"content":{"rendered":"<p><strong>Wraca temat aresztowania prezesa sp\u00f3\u0142ki MZGM w Ostrowie Wielkopolskim. Prokuratura Okr\u0119gowa z naszego miasta poinformowa\u0142a o szczeg\u00f3\u0142ach akcji. Jak dowiedzieli\u015bmy si\u0119 nieoficjalnie w biurze prezesa MZGM dosz\u0142o do prowokacji podczas kt\u00f3rej mia\u0142o doj\u015b\u0107 do wr\u0119czenia korzy\u015bci maj\u0105tkowej (koperty, w kt\u00f3rej znajdowa\u0142o si\u0119 5 tysi\u0119cy z\u0142otych, a dodatkowym bonusem by\u0142yby urz\u0105dzenia rejestruj\u0105ce co najmniej d\u017awi\u0119k). Te mia\u0142y zosta\u0107 w\u0142o\u017cone we wsp\u00f3\u0142pracy z Wielkopolsk\u0105 Policj\u0105, kt\u00f3rej funkcjonariusze po wr\u0119czeniu \u0142ap\u00f3wki wkroczyli do gabinetu prezesa i zatrzymali go.<\/strong><\/p>\n<p>Prokuratura Okr\u0119gowa ujawni\u0142a, \u017ce prezes MZGM mia\u0142 uzale\u017cnia\u0107 wygranie przysz\u0142ych przetarg\u00f3w na prace remontowo-budowlane od % od warto\u015bci prac. Wykonawca mia\u0142 dostarcza\u0107 pieni\u0105dze do prezesa w got\u00f3wce. \u0141\u0105cznie prokuratura posiada dowody na przekazanie ponad 9 tysi\u0119cy z\u0142otych. Nieoficjalnie wiadomo, \u017ce mia\u0142a to by\u0107 firma z bran\u017cy dekarskiej.<\/p>\n<p>Wczoraj S\u0105d Rejonowy w Ostrowie Wielkopolskim wyda\u0142 decyzj\u0119 o aresztowaniu 59-letniego m\u0119\u017cczyzny na okres 3 miesi\u0119cy. Ten mo\u017ce zosta\u0107 skr\u00f3cony lub wyd\u0142u\u017cony w wyniku post\u0119powania. Prokurator zarzuci\u0142 prezesowi sp\u00f3\u0142ki kilkukrotne przyjmowanie korzy\u015bci maj\u0105tkowej tzw. \u0142apownictwo bierne.<\/p>\n<p>Grozi mu za to od roku do 10 lat pozbawienia wolno\u015bci.<\/p>\n","protected":false},"excerpt":{"rendered":"Wraca temat aresztowania prezesa sp\u00f3\u0142ki MZGM w Ostrowie Wielkopolskim. Prokuratura Okr\u0119gowa z naszego miasta poinformowa\u0142a o szczeg\u00f3\u0142ach akcji. Jak dowiedzieli\u015bmy si\u0119 nieoficjalnie w \n<a class=\"moretag\" href=\"https:\/\/ostrowskatv.pl\/?p=36195\"> [...]<\/a>","protected":false},"author":1,"featured_media":1893,"comment_status":"open","ping_status":"closed","sticky":false,"template":"","format":"standard","meta":{"footnotes":""},"categories":[1],"tags":[2],"class_list":["post-36195","post","type-post","status-publish","format-standard","has-post-thumbnail","hentry","category-news","tag-ostrow-wielkopolski"],"_links":{"self":[{"href":"https:\/\/ostrowskatv.pl\/index.php?rest_route=\/wp\/v2\/posts\/36195","targetHints":{"allow":["GET"]}}],"collection":[{"href":"https:\/\/ostrowskatv.pl\/index.php?rest_route=\/wp\/v2\/posts"}],"about":[{"href":"https:\/\/ostrowskatv.pl\/index.php?rest_route=\/wp\/v2\/types\/post"}],"author":[{"embeddable":true,"href":"https:\/\/ostrowskatv.pl\/index.php?rest_route=\/wp\/v2\/users\/1"}],"replies":[{"embeddable":true,"href":"https:\/\/ostrowskatv.pl\/index.php?rest_route=%2Fwp%2Fv2%2Fcomments&post=36195"}],"version-history":[{"count":1,"href":"https:\/\/ostrowskatv.pl\/index.php?rest_route=\/wp\/v2\/posts\/36195\/revisions"}],"predecessor-version":[{"id":36196,"href":"https:\/\/ostrowskatv.pl\/index.php?rest_route=\/wp\/v2\/posts\/36195\/revisions\/36196"}],"wp:featuredmedia":[{"embeddable":true,"href":"https:\/\/ostrowskatv.pl\/index.php?rest_route=\/wp\/v2\/media\/1893"}],"wp:attachment":[{"href":"https:\/\/ostrowskatv.pl\/index.php?rest_route=%2Fwp%2Fv2%2Fmedia&parent=36195"}],"wp:term":[{"taxonomy":"category","embeddable":true,"href":"https:\/\/ostrowskatv.pl\/index.php?rest_route=%2Fwp%2Fv2%2Fcategories&post=36195"},{"taxonomy":"post_tag","embeddable":true,"href":"https:\/\/ostrowskatv.pl\/index.php?rest_route=%2Fwp%2Fv2%2Ftags&post=36195"}],"curies":[{"name":"wp","href":"https:\/\/api.w.org\/{rel}","templated":true}]}}