{"id":36166,"date":"2025-10-18T11:15:33","date_gmt":"2025-10-18T10:15:33","guid":{"rendered":"https:\/\/ostrowskatv.pl\/?p=36166"},"modified":"2025-10-18T11:40:30","modified_gmt":"2025-10-18T10:40:30","slug":"zuchwale-wlamanie-wesele-pana-piotra-zakonczylo-sie-kradzieza-duzej-sumy-pieniedzy","status":"publish","type":"post","link":"https:\/\/ostrowskatv.pl\/?p=36166","title":{"rendered":"Zuchwa\u0142e w\u0142amanie. Wesele pana Piotra zako\u0144czy\u0142o si\u0119 kradzie\u017c\u0105 du\u017cej sumy pieni\u0119dzy"},"content":{"rendered":"<p><strong>Niebywa\u0142\u0105 zuchwa\u0142o\u015bci\u0105 wykaza\u0142o si\u0119 dw\u00f3ch nieznanych jeszcze sprawc\u00f3w, kt\u00f3rzy w\u0142amali si\u0119 do domu pana Piotra z miejscowo\u015bci \u015awieca w gminie Odolan\u00f3w. Do zdarzenia dosz\u0142o w nocy, gdy w\u0142a\u015bciciel posesji \u015bwi\u0119towa\u0142 swoje wesele. Kiedy pan Piotr wraz z go\u015b\u0107mi bawi\u0142 si\u0119, przekonany, \u017ce prze\u017cywa najpi\u0119kniejszy dzie\u0144 swojego \u017cycia, w\u0142amywacze postanowili wykorzysta\u0107 jego nieobecno\u015b\u0107.<\/strong><\/p>\n<p>Wed\u0142ug ustale\u0144, m\u0119\u017cczy\u017ani dostali si\u0119 nie tylko do domu, ale r\u00f3wnie\u017c do pomieszczenia, w kt\u00f3rym mie\u015bci si\u0119 biuro firmy pana Piotra. To jednak z wn\u0119trza domu znikn\u0119\u0142a znaczna suma got\u00f3wki.<\/p>\n<p>\u2013 <strong>Mam podejrzenia, \u017ce co najmniej jedna z tych os\u00f3b zna\u0142a wcze\u015bniej wn\u0119trze mojego biura<\/strong> \u2013 przyzna\u0142 pan Piotr w rozmowie z lokalnymi mediami.<\/p>\n<p>W\u0142amanie mia\u0142o miejsce stosunkowo wcze\u015bnie, oko\u0142o godziny 19:00. Jeden z s\u0105siad\u00f3w zauwa\u017cy\u0142 w okolicy podejrzany samoch\u00f3d \u2014 <strong>Ford Focus na skradzionych w powiecie ostrowskim tablicach rejestracyjnych<\/strong>. Tablice za\u0142o\u017cone feralnej nocy to prawdopodobnie: POS<\/p>\n<p>Pan Piotr poinformowa\u0142 w mediach spo\u0142eczno\u015bciowych, \u017ce sprawa zosta\u0142a ju\u017c zg\u0142oszona na policj\u0119, a on sam oferuje <strong>wysok\u0105 nagrod\u0119 pieni\u0119\u017cn\u0105 za informacje prowadz\u0105ce do uj\u0119cia sprawc\u00f3w<\/strong>.<\/p>\n<blockquote><p>\u2013 <em>Mamy wi\u0119cej nagra\u0144 \u2013 sprawa zosta\u0142a zg\u0142oszona na policj\u0119. Kontakt: 502 495 533. Informacje mo\u017cna przekaza\u0107 anonimowo<\/em> \u2013 napisa\u0142 pan Piotr w swoim po\u015bcie.<\/p><\/blockquote>\n<p>Zaapelowa\u0142 r\u00f3wnie\u017c do mieszka\u0144c\u00f3w gminy Odolan\u00f3w, by <strong>zabezpieczyli i przejrzeli zapisy ze swoich kamer monitoringu<\/strong>. By\u0107 mo\u017ce uda si\u0119 ustali\u0107 kierunek, w kt\u00f3rym uciekali w\u0142amywacze, lub zauwa\u017cy\u0107 inne szczeg\u00f3\u0142y, kt\u00f3re pomog\u0105 w ich identyfikacji.<\/p>\n<p>Pod opublikowanym nagraniem z monitoringu internauci zwr\u00f3cili uwag\u0119 na <strong>charakterystyczny ch\u00f3d jednego z w\u0142amywaczy<\/strong>, co mo\u017ce okaza\u0107 si\u0119 pomocne w rozpoznaniu podejrzanego.<\/p>\n<p>Policja prowadzi intensywne czynno\u015bci w tej sprawie i apeluje do wszystkich os\u00f3b, kt\u00f3re mog\u0142y widzie\u0107 co\u015b podejrzanego w rejonie \u015awiecy w \u015brodowy wiecz\u00f3r, o kontakt z najbli\u017csz\u0105 jednostk\u0105 policji.<\/p>\n<p><iframe loading=\"lazy\" title=\"W\u0142amanie w \u015awiecy k. Odolanowa\" width=\"747\" height=\"420\" src=\"https:\/\/www.youtube.com\/embed\/nhCws0rPEZk?feature=oembed\" frameborder=\"0\" allow=\"accelerometer; autoplay; clipboard-write; encrypted-media; gyroscope; picture-in-picture; web-share\" referrerpolicy=\"strict-origin-when-cross-origin\" allowfullscreen><\/iframe><\/p>\n","protected":false},"excerpt":{"rendered":"Niebywa\u0142\u0105 zuchwa\u0142o\u015bci\u0105 wykaza\u0142o si\u0119 dw\u00f3ch nieznanych jeszcze sprawc\u00f3w, kt\u00f3rzy w\u0142amali si\u0119 do domu pana Piotra z miejscowo\u015bci \u015awieca w gminie Odolan\u00f3w. Do zdarzenia \n<a class=\"moretag\" href=\"https:\/\/ostrowskatv.pl\/?p=36166\"> [...]<\/a>","protected":false},"author":1,"featured_media":36167,"comment_status":"open","ping_status":"closed","sticky":false,"template":"","format":"standard","meta":{"footnotes":""},"categories":[1],"tags":[],"class_list":["post-36166","post","type-post","status-publish","format-standard","has-post-thumbnail","hentry","category-news"],"_links":{"self":[{"href":"https:\/\/ostrowskatv.pl\/index.php?rest_route=\/wp\/v2\/posts\/36166","targetHints":{"allow":["GET"]}}],"collection":[{"href":"https:\/\/ostrowskatv.pl\/index.php?rest_route=\/wp\/v2\/posts"}],"about":[{"href":"https:\/\/ostrowskatv.pl\/index.php?rest_route=\/wp\/v2\/types\/post"}],"author":[{"embeddable":true,"href":"https:\/\/ostrowskatv.pl\/index.php?rest_route=\/wp\/v2\/users\/1"}],"replies":[{"embeddable":true,"href":"https:\/\/ostrowskatv.pl\/index.php?rest_route=%2Fwp%2Fv2%2Fcomments&post=36166"}],"version-history":[{"count":3,"href":"https:\/\/ostrowskatv.pl\/index.php?rest_route=\/wp\/v2\/posts\/36166\/revisions"}],"predecessor-version":[{"id":36170,"href":"https:\/\/ostrowskatv.pl\/index.php?rest_route=\/wp\/v2\/posts\/36166\/revisions\/36170"}],"wp:featuredmedia":[{"embeddable":true,"href":"https:\/\/ostrowskatv.pl\/index.php?rest_route=\/wp\/v2\/media\/36167"}],"wp:attachment":[{"href":"https:\/\/ostrowskatv.pl\/index.php?rest_route=%2Fwp%2Fv2%2Fmedia&parent=36166"}],"wp:term":[{"taxonomy":"category","embeddable":true,"href":"https:\/\/ostrowskatv.pl\/index.php?rest_route=%2Fwp%2Fv2%2Fcategories&post=36166"},{"taxonomy":"post_tag","embeddable":true,"href":"https:\/\/ostrowskatv.pl\/index.php?rest_route=%2Fwp%2Fv2%2Ftags&post=36166"}],"curies":[{"name":"wp","href":"https:\/\/api.w.org\/{rel}","templated":true}]}}