{"id":36164,"date":"2025-10-17T16:38:40","date_gmt":"2025-10-17T15:38:40","guid":{"rendered":"https:\/\/ostrowskatv.pl\/?p=36164"},"modified":"2025-10-17T16:38:40","modified_gmt":"2025-10-17T15:38:40","slug":"ukr-zaatakowali-mezczyzne-w-jego-domu-kryminalni-juz-sie-za-nich-wzieli","status":"publish","type":"post","link":"https:\/\/ostrowskatv.pl\/?p=36164","title":{"rendered":"Ukr. zaatakowali m\u0119\u017cczyzn\u0119 w jego domu. Kryminalni ju\u017c si\u0119 za nich wzi\u0119li"},"content":{"rendered":"<p><strong>16 pa\u017adziernika policjanci z Odolanowa i Ostrowa Wielkopolskiego (kryminalni) zatrzymali trzech obywateli Ukrainy, kt\u00f3rzy kierowali gro\u017aby karalne i pobili 38-letniego mieszka\u0144ca gminy Odolan\u00f3w. Do zdarzenia dosz\u0142o 2 dni wcze\u015bniej po godzinie 22 w Odolanowie.<\/strong><\/p>\n<p>Z ustale\u0144 \u015bledczych wynika, \u017ce do miejsca zamieszkania pokrzywdzonego przyjecha\u0142 znany mu 40-latek. Podczas spotkania sprawca stawa\u0142 si\u0119 coraz bardziej agresywny. W pewnym momencie do agresora do\u0142\u0105czy\u0142o dw\u00f3ch kolejnych m\u0119\u017cczyzn 15- i 39-latek. Pokrzywdzonemu uda\u0142o si\u0119 uciec z miejsca zdarzenia, a \u015bwiadkowie powiadomili s\u0142u\u017cby. Po dw\u00f3ch dniach z\u0142o\u017cy\u0142 oficjalne zawiadomienie na policji.<\/p>\n<p>Funkcjonariusze tego samego dnia zatrzymali sprawc\u00f3w. Us\u0142yszeli ju\u017c zarzuty udzia\u0142u w pobiciu, spowodowaniu uszczerbku na zdrowiu i kierowaniu gr\u00f3\u017ab karalnych. Nieletniego zatrzymano w policyjnej Izbie Dziecka. Teraz zajmie si\u0119 nim S\u0105d Rodzinny.<\/p>\n<p>Prokurator skierowa\u0142 wniosek o zastosowanie tymczasowego aresztu dla doros\u0142ych sprawc\u00f3w, a s\u0105d w pi\u0105tkowe popo\u0142udnie go uwzgl\u0119dni\u0142.<\/p>\n","protected":false},"excerpt":{"rendered":"16 pa\u017adziernika policjanci z Odolanowa i Ostrowa Wielkopolskiego (kryminalni) zatrzymali trzech obywateli Ukrainy, kt\u00f3rzy kierowali gro\u017aby karalne i pobili 38-letniego mieszka\u0144ca gminy Odolan\u00f3w. \n<a class=\"moretag\" href=\"https:\/\/ostrowskatv.pl\/?p=36164\"> [...]<\/a>","protected":false},"author":1,"featured_media":18202,"comment_status":"open","ping_status":"closed","sticky":false,"template":"","format":"standard","meta":{"footnotes":""},"categories":[1],"tags":[92],"class_list":["post-36164","post","type-post","status-publish","format-standard","has-post-thumbnail","hentry","category-news","tag-gm-odolanow"],"_links":{"self":[{"href":"https:\/\/ostrowskatv.pl\/index.php?rest_route=\/wp\/v2\/posts\/36164","targetHints":{"allow":["GET"]}}],"collection":[{"href":"https:\/\/ostrowskatv.pl\/index.php?rest_route=\/wp\/v2\/posts"}],"about":[{"href":"https:\/\/ostrowskatv.pl\/index.php?rest_route=\/wp\/v2\/types\/post"}],"author":[{"embeddable":true,"href":"https:\/\/ostrowskatv.pl\/index.php?rest_route=\/wp\/v2\/users\/1"}],"replies":[{"embeddable":true,"href":"https:\/\/ostrowskatv.pl\/index.php?rest_route=%2Fwp%2Fv2%2Fcomments&post=36164"}],"version-history":[{"count":1,"href":"https:\/\/ostrowskatv.pl\/index.php?rest_route=\/wp\/v2\/posts\/36164\/revisions"}],"predecessor-version":[{"id":36165,"href":"https:\/\/ostrowskatv.pl\/index.php?rest_route=\/wp\/v2\/posts\/36164\/revisions\/36165"}],"wp:featuredmedia":[{"embeddable":true,"href":"https:\/\/ostrowskatv.pl\/index.php?rest_route=\/wp\/v2\/media\/18202"}],"wp:attachment":[{"href":"https:\/\/ostrowskatv.pl\/index.php?rest_route=%2Fwp%2Fv2%2Fmedia&parent=36164"}],"wp:term":[{"taxonomy":"category","embeddable":true,"href":"https:\/\/ostrowskatv.pl\/index.php?rest_route=%2Fwp%2Fv2%2Fcategories&post=36164"},{"taxonomy":"post_tag","embeddable":true,"href":"https:\/\/ostrowskatv.pl\/index.php?rest_route=%2Fwp%2Fv2%2Ftags&post=36164"}],"curies":[{"name":"wp","href":"https:\/\/api.w.org\/{rel}","templated":true}]}}