{"id":36096,"date":"2025-10-12T14:57:25","date_gmt":"2025-10-12T13:57:25","guid":{"rendered":"https:\/\/ostrowskatv.pl\/?p=36096"},"modified":"2025-10-12T14:57:25","modified_gmt":"2025-10-12T13:57:25","slug":"odkryto-cialo-mlodego-mezczyzny-zdjecia","status":"publish","type":"post","link":"https:\/\/ostrowskatv.pl\/?p=36096","title":{"rendered":"Odkryto cia\u0142o m\u0142odego m\u0119\u017cczyzny (ZDJ\u0118CIA)"},"content":{"rendered":"<p><strong><span style=\"font-size: 1rem;\">W niedzielne popo\u0142udnie w Ostrowie Wielkopolskim dosz\u0142o do tragicznego odkrycia. Jeden z mieszka\u0144c\u00f3w natkn\u0105\u0142 si\u0119 na cia\u0142o m\u0142odego m\u0119\u017cczyzny. Zw\u0142oki znajdowa\u0142y si\u0119 przy zaro\u015blach w rejonie bractwa kurkowego, od strony ulicy Olszty\u0144skiej.<\/span><\/strong><\/p>\n<p><a href=\"https:\/\/ostrowskatv.pl\/?attachment_id=36097\" rel=\"attachment wp-att-36097\"><img loading=\"lazy\" decoding=\"async\" src=\"https:\/\/ostrowskatv.pl\/wp-content\/uploads\/2025\/10\/1000083290.jpg\" alt=\"\" width=\"1920\" height=\"1080\" class=\"alignnone size-full wp-image-36097\" srcset=\"https:\/\/ostrowskatv.pl\/wp-content\/uploads\/2025\/10\/1000083290.jpg 1920w, https:\/\/ostrowskatv.pl\/wp-content\/uploads\/2025\/10\/1000083290-300x169.jpg 300w, https:\/\/ostrowskatv.pl\/wp-content\/uploads\/2025\/10\/1000083290-1333x750.jpg 1333w, https:\/\/ostrowskatv.pl\/wp-content\/uploads\/2025\/10\/1000083290-1536x864.jpg 1536w\" sizes=\"auto, (max-width: 1920px) 100vw, 1920px\" \/><\/a><\/p>\n<p><a href=\"https:\/\/ostrowskatv.pl\/?attachment_id=36098\" rel=\"attachment wp-att-36098\"><img loading=\"lazy\" decoding=\"async\" src=\"https:\/\/ostrowskatv.pl\/wp-content\/uploads\/2025\/10\/1000083291.jpg\" alt=\"\" width=\"1920\" height=\"1080\" class=\"alignnone size-full wp-image-36098\" srcset=\"https:\/\/ostrowskatv.pl\/wp-content\/uploads\/2025\/10\/1000083291.jpg 1920w, https:\/\/ostrowskatv.pl\/wp-content\/uploads\/2025\/10\/1000083291-300x169.jpg 300w, https:\/\/ostrowskatv.pl\/wp-content\/uploads\/2025\/10\/1000083291-1333x750.jpg 1333w, https:\/\/ostrowskatv.pl\/wp-content\/uploads\/2025\/10\/1000083291-1536x864.jpg 1536w\" sizes=\"auto, (max-width: 1920px) 100vw, 1920px\" \/><\/a><\/p>\n<p><a href=\"https:\/\/ostrowskatv.pl\/?attachment_id=36099\" rel=\"attachment wp-att-36099\"><img loading=\"lazy\" decoding=\"async\" src=\"https:\/\/ostrowskatv.pl\/wp-content\/uploads\/2025\/10\/1000083292.jpg\" alt=\"\" width=\"1920\" height=\"1080\" class=\"alignnone size-full wp-image-36099\" srcset=\"https:\/\/ostrowskatv.pl\/wp-content\/uploads\/2025\/10\/1000083292.jpg 1920w, https:\/\/ostrowskatv.pl\/wp-content\/uploads\/2025\/10\/1000083292-300x169.jpg 300w, https:\/\/ostrowskatv.pl\/wp-content\/uploads\/2025\/10\/1000083292-1333x750.jpg 1333w, https:\/\/ostrowskatv.pl\/wp-content\/uploads\/2025\/10\/1000083292-1536x864.jpg 1536w\" sizes=\"auto, (max-width: 1920px) 100vw, 1920px\" \/><\/a><\/p>\n<p>Na miejsce natychmiast wezwano policj\u0119 oraz prokuratora. Jak ustalono, zgon m\u0119\u017cczyzny nast\u0105pi\u0142 znacznie wcze\u015bniej \u2013 nie by\u0142o wi\u0119c mowy o podj\u0119ciu pr\u00f3by ratowania \u017cycia.<\/p>\n<p>Nieoficjalnie wiadomo, \u017ce odnaleziony m\u0119\u017cczyzna to <strong>Mateusz B.<\/strong>, 25-letni mieszkaniec Ostrowa Wielkopolskiego, kt\u00f3rego zagini\u0119cie zg\u0142oszono we wrze\u015bniu. Bliscy stracili z nim kontakt 21 wrze\u015bnia, a cztery dni p\u00f3\u017aniej policja opublikowa\u0142a komunikat z pro\u015bb\u0105 o pomoc w jego odnalezieniu.<\/p>\n<p>Z informacji przekazanych w\u00f3wczas przez funkcjonariuszy wynika\u0142o, \u017ce Mateusz wyszed\u0142 z mieszkania przy ulicy Kaliskiej w godzinach wieczornych i oddali\u0142 si\u0119 w nieznanym kierunku. W chwili zagini\u0119cia ubrany by\u0142 w czarn\u0105 bluz\u0119, czarne spodnie, sportowe buty oraz czarn\u0105 czapk\u0119 z daszkiem. Mia\u0142 przy sobie r\u00f3wnie\u017c plecak i dokumenty.<\/p>\n<p>Cia\u0142o m\u0119\u017cczyzny zosta\u0142o zabezpieczone do sekcji, kt\u00f3ra ma pom\u00f3c \u015bledczym ustali\u0107 przyczyn\u0119 \u015bmierci. Spraw\u0119 prowadzi ostrowska policja pod nadzorem prokuratury.<\/p>\n","protected":false},"excerpt":{"rendered":"W niedzielne popo\u0142udnie w Ostrowie Wielkopolskim dosz\u0142o do tragicznego odkrycia. Jeden z mieszka\u0144c\u00f3w natkn\u0105\u0142 si\u0119 na cia\u0142o m\u0142odego m\u0119\u017cczyzny. Zw\u0142oki znajdowa\u0142y si\u0119 przy \n<a class=\"moretag\" href=\"https:\/\/ostrowskatv.pl\/?p=36096\"> [...]<\/a>","protected":false},"author":1,"featured_media":10493,"comment_status":"open","ping_status":"closed","sticky":false,"template":"","format":"standard","meta":{"footnotes":""},"categories":[1],"tags":[2],"class_list":["post-36096","post","type-post","status-publish","format-standard","has-post-thumbnail","hentry","category-news","tag-ostrow-wielkopolski"],"_links":{"self":[{"href":"https:\/\/ostrowskatv.pl\/index.php?rest_route=\/wp\/v2\/posts\/36096","targetHints":{"allow":["GET"]}}],"collection":[{"href":"https:\/\/ostrowskatv.pl\/index.php?rest_route=\/wp\/v2\/posts"}],"about":[{"href":"https:\/\/ostrowskatv.pl\/index.php?rest_route=\/wp\/v2\/types\/post"}],"author":[{"embeddable":true,"href":"https:\/\/ostrowskatv.pl\/index.php?rest_route=\/wp\/v2\/users\/1"}],"replies":[{"embeddable":true,"href":"https:\/\/ostrowskatv.pl\/index.php?rest_route=%2Fwp%2Fv2%2Fcomments&post=36096"}],"version-history":[{"count":2,"href":"https:\/\/ostrowskatv.pl\/index.php?rest_route=\/wp\/v2\/posts\/36096\/revisions"}],"predecessor-version":[{"id":36101,"href":"https:\/\/ostrowskatv.pl\/index.php?rest_route=\/wp\/v2\/posts\/36096\/revisions\/36101"}],"wp:featuredmedia":[{"embeddable":true,"href":"https:\/\/ostrowskatv.pl\/index.php?rest_route=\/wp\/v2\/media\/10493"}],"wp:attachment":[{"href":"https:\/\/ostrowskatv.pl\/index.php?rest_route=%2Fwp%2Fv2%2Fmedia&parent=36096"}],"wp:term":[{"taxonomy":"category","embeddable":true,"href":"https:\/\/ostrowskatv.pl\/index.php?rest_route=%2Fwp%2Fv2%2Fcategories&post=36096"},{"taxonomy":"post_tag","embeddable":true,"href":"https:\/\/ostrowskatv.pl\/index.php?rest_route=%2Fwp%2Fv2%2Ftags&post=36096"}],"curies":[{"name":"wp","href":"https:\/\/api.w.org\/{rel}","templated":true}]}}