{"id":36076,"date":"2025-10-08T11:51:05","date_gmt":"2025-10-08T10:51:05","guid":{"rendered":"https:\/\/ostrowskatv.pl\/?p=36076"},"modified":"2025-10-08T11:51:05","modified_gmt":"2025-10-08T10:51:05","slug":"strzaly-pozar-i-dramatyczna-akcja-sluzb-w-sliwnikach","status":"publish","type":"post","link":"https:\/\/ostrowskatv.pl\/?p=36076","title":{"rendered":"Strza\u0142y, po\u017car i dramatyczna akcja s\u0142u\u017cb w \u015aliwnikach!"},"content":{"rendered":"<p><strong>Wczoraj p\u00f3\u017anym wieczorem w miejscowo\u015bci \u015aliwniki w powiecie ostrowskim\u00a0dosz\u0142o do dramatycznych wydarze\u0144, kt\u00f3re mog\u0142y zako\u0144czy\u0107 si\u0119 prawdziw\u0105 tragedi\u0105.<\/strong><\/p>\n<p>Oko\u0142o godziny 22:00 stra\u017c po\u017carna i policja zosta\u0142y wezwane do po\u017caru budynku gospodarczego. Na miejscu okaza\u0142o si\u0119, \u017ce ca\u0142y obiekt obj\u0119ty by\u0142 ogniem, a akcj\u0119 ratunkow\u0105 utrudnia\u0142y <strong>panele fotowoltaiczne zamontowane na dachu<\/strong>. Jednak zanim stra\u017cacy mogli przyst\u0105pi\u0107 do gaszenia po\u017caru, ujawniono szokuj\u0105ce okoliczno\u015bci zdarzenia.<\/p>\n<p>Na terenie posesji 62-letni m\u0119\u017cczyzna <strong>dwukrotnie postrzeli\u0142 z broni czarnoprochowej 56-letni\u0105 kobiet\u0119<\/strong>. Bro\u0144 tego typu nie wymaga pozwolenia, co dodatkowo budzi groz\u0119 ca\u0142ej sytuacji. Ranny kobieta natychmiast trafi\u0142a do szpitala, do kt\u00f3rego zawi\u00f3z\u0142 j\u0105 jej syn. Na szcz\u0119\u015bcie jej obra\u017cenia \u2013 cho\u0107 powa\u017cne \u2013 nie zagra\u017caj\u0105 \u017cyciu.<\/p>\n<p>Poniewa\u017c sprawca wci\u0105\u017c znajdowa\u0142 si\u0119 na miejscu i nie zosta\u0142 obezw\u0142adniony, stra\u017cacy zmuszeni byli czeka\u0107 z podj\u0119ciem dzia\u0142a\u0144 ga\u015bniczych a\u017c do zako\u0144czenia <strong>niebezpiecznej akcji policyjnej<\/strong>. Dopiero po skutecznym zatrzymaniu napastnika s\u0142u\u017cby mog\u0142y rozpocz\u0105\u0107 walk\u0119 z ogniem.<\/p>\n<p>Jak ustalono, 62-latek w chwili zatrzymania by\u0142 <strong>nietrze\u017awy<\/strong>.<\/p>\n<p>To dramatyczne zdarzenie pokazuje, jak w jednej chwili mo\u017ce doj\u015b\u0107 do splotu wydarze\u0144 zagra\u017caj\u0105cych \u017cyciu wielu os\u00f3b \u2013 od brutalnego ataku z broni, po po\u017car, kt\u00f3ry m\u00f3g\u0142 rozprzestrzeni\u0107 si\u0119 na kolejne zabudowania.<\/p>\n<p><a href=\"https:\/\/ostrowskatv.pl\/?attachment_id=36078\" rel=\"attachment wp-att-36078\"><img loading=\"lazy\" decoding=\"async\" src=\"https:\/\/ostrowskatv.pl\/wp-content\/uploads\/2025\/10\/1000082505.jpg\" alt=\"\" width=\"1919\" height=\"1018\" class=\"alignnone size-full wp-image-36078\" srcset=\"https:\/\/ostrowskatv.pl\/wp-content\/uploads\/2025\/10\/1000082505.jpg 1919w, https:\/\/ostrowskatv.pl\/wp-content\/uploads\/2025\/10\/1000082505-300x159.jpg 300w, https:\/\/ostrowskatv.pl\/wp-content\/uploads\/2025\/10\/1000082505-1333x707.jpg 1333w, https:\/\/ostrowskatv.pl\/wp-content\/uploads\/2025\/10\/1000082505-1536x815.jpg 1536w\" sizes=\"auto, (max-width: 1919px) 100vw, 1919px\" \/><\/a><\/p>\n<p><a href=\"https:\/\/ostrowskatv.pl\/?attachment_id=36079\" rel=\"attachment wp-att-36079\"><img loading=\"lazy\" decoding=\"async\" src=\"https:\/\/ostrowskatv.pl\/wp-content\/uploads\/2025\/10\/1000082489.jpg\" alt=\"\" width=\"1919\" height=\"1080\" class=\"alignnone size-full wp-image-36079\" srcset=\"https:\/\/ostrowskatv.pl\/wp-content\/uploads\/2025\/10\/1000082489.jpg 1919w, https:\/\/ostrowskatv.pl\/wp-content\/uploads\/2025\/10\/1000082489-300x169.jpg 300w, https:\/\/ostrowskatv.pl\/wp-content\/uploads\/2025\/10\/1000082489-1333x750.jpg 1333w, https:\/\/ostrowskatv.pl\/wp-content\/uploads\/2025\/10\/1000082489-1536x864.jpg 1536w\" sizes=\"auto, (max-width: 1919px) 100vw, 1919px\" \/><\/a><\/p>\n<p><a href=\"https:\/\/ostrowskatv.pl\/?attachment_id=36080\" rel=\"attachment wp-att-36080\"><img loading=\"lazy\" decoding=\"async\" src=\"https:\/\/ostrowskatv.pl\/wp-content\/uploads\/2025\/10\/1000082487.jpg\" alt=\"\" width=\"1919\" height=\"1080\" class=\"alignnone size-full wp-image-36080\" srcset=\"https:\/\/ostrowskatv.pl\/wp-content\/uploads\/2025\/10\/1000082487.jpg 1919w, https:\/\/ostrowskatv.pl\/wp-content\/uploads\/2025\/10\/1000082487-300x169.jpg 300w, https:\/\/ostrowskatv.pl\/wp-content\/uploads\/2025\/10\/1000082487-1333x750.jpg 1333w, https:\/\/ostrowskatv.pl\/wp-content\/uploads\/2025\/10\/1000082487-1536x864.jpg 1536w\" sizes=\"auto, (max-width: 1919px) 100vw, 1919px\" \/><\/a><\/p>\n<p><a href=\"https:\/\/ostrowskatv.pl\/?attachment_id=36081\" rel=\"attachment wp-att-36081\"><img loading=\"lazy\" decoding=\"async\" src=\"https:\/\/ostrowskatv.pl\/wp-content\/uploads\/2025\/10\/1000082488.jpg\" alt=\"\" width=\"1919\" height=\"1080\" class=\"alignnone size-full wp-image-36081\" srcset=\"https:\/\/ostrowskatv.pl\/wp-content\/uploads\/2025\/10\/1000082488.jpg 1919w, https:\/\/ostrowskatv.pl\/wp-content\/uploads\/2025\/10\/1000082488-300x169.jpg 300w, https:\/\/ostrowskatv.pl\/wp-content\/uploads\/2025\/10\/1000082488-1333x750.jpg 1333w, https:\/\/ostrowskatv.pl\/wp-content\/uploads\/2025\/10\/1000082488-1536x864.jpg 1536w\" sizes=\"auto, (max-width: 1919px) 100vw, 1919px\" \/><\/a><\/p>\n","protected":false},"excerpt":{"rendered":"Wczoraj p\u00f3\u017anym wieczorem w miejscowo\u015bci \u015aliwniki w powiecie ostrowskim\u00a0dosz\u0142o do dramatycznych wydarze\u0144, kt\u00f3re mog\u0142y zako\u0144czy\u0107 si\u0119 prawdziw\u0105 tragedi\u0105. Oko\u0142o godziny 22:00 stra\u017c po\u017carna \n<a class=\"moretag\" href=\"https:\/\/ostrowskatv.pl\/?p=36076\"> [...]<\/a>","protected":false},"author":1,"featured_media":36079,"comment_status":"open","ping_status":"closed","sticky":false,"template":"","format":"standard","meta":{"footnotes":""},"categories":[1],"tags":[179],"class_list":["post-36076","post","type-post","status-publish","format-standard","has-post-thumbnail","hentry","category-news","tag-sliwniki"],"_links":{"self":[{"href":"https:\/\/ostrowskatv.pl\/index.php?rest_route=\/wp\/v2\/posts\/36076","targetHints":{"allow":["GET"]}}],"collection":[{"href":"https:\/\/ostrowskatv.pl\/index.php?rest_route=\/wp\/v2\/posts"}],"about":[{"href":"https:\/\/ostrowskatv.pl\/index.php?rest_route=\/wp\/v2\/types\/post"}],"author":[{"embeddable":true,"href":"https:\/\/ostrowskatv.pl\/index.php?rest_route=\/wp\/v2\/users\/1"}],"replies":[{"embeddable":true,"href":"https:\/\/ostrowskatv.pl\/index.php?rest_route=%2Fwp%2Fv2%2Fcomments&post=36076"}],"version-history":[{"count":2,"href":"https:\/\/ostrowskatv.pl\/index.php?rest_route=\/wp\/v2\/posts\/36076\/revisions"}],"predecessor-version":[{"id":36082,"href":"https:\/\/ostrowskatv.pl\/index.php?rest_route=\/wp\/v2\/posts\/36076\/revisions\/36082"}],"wp:featuredmedia":[{"embeddable":true,"href":"https:\/\/ostrowskatv.pl\/index.php?rest_route=\/wp\/v2\/media\/36079"}],"wp:attachment":[{"href":"https:\/\/ostrowskatv.pl\/index.php?rest_route=%2Fwp%2Fv2%2Fmedia&parent=36076"}],"wp:term":[{"taxonomy":"category","embeddable":true,"href":"https:\/\/ostrowskatv.pl\/index.php?rest_route=%2Fwp%2Fv2%2Fcategories&post=36076"},{"taxonomy":"post_tag","embeddable":true,"href":"https:\/\/ostrowskatv.pl\/index.php?rest_route=%2Fwp%2Fv2%2Ftags&post=36076"}],"curies":[{"name":"wp","href":"https:\/\/api.w.org\/{rel}","templated":true}]}}