{"id":36016,"date":"2025-09-22T11:13:17","date_gmt":"2025-09-22T10:13:17","guid":{"rendered":"https:\/\/ostrowskatv.pl\/?p=36016"},"modified":"2025-09-22T11:13:17","modified_gmt":"2025-09-22T10:13:17","slug":"wyrok-w-sprawie-dewelopera-ktory-budowal-osiedle-blokow","status":"publish","type":"post","link":"https:\/\/ostrowskatv.pl\/?p=36016","title":{"rendered":"Wyrok w sprawie dewelopera, kt\u00f3ry budowa\u0142 osiedle blok\u00f3w"},"content":{"rendered":"<p><strong>Ponad dwie lata procesu, wiele godzin na sali rozpraw i lata walki o swoje prawa. W poniedzia\u0142ek, 22 wrze\u015bnia, S\u0105d Okr\u0119gowy w Kaliszu wyda\u0142 wyrok w sprawie Sebastiana O., dewelopera odpowiedzialnego za fiasko budowy osiedla D\u0119bowego.<\/strong><\/p>\n<p><a href=\"https:\/\/ostrowskatv.pl\/?attachment_id=36020\" rel=\"attachment wp-att-36020\"><img loading=\"lazy\" decoding=\"async\" class=\"alignnone size-full wp-image-36020\" src=\"https:\/\/ostrowskatv.pl\/wp-content\/uploads\/2025\/09\/1000079640.jpg\" alt=\"\" width=\"1920\" height=\"1019\" srcset=\"https:\/\/ostrowskatv.pl\/wp-content\/uploads\/2025\/09\/1000079640.jpg 1920w, https:\/\/ostrowskatv.pl\/wp-content\/uploads\/2025\/09\/1000079640-300x159.jpg 300w, https:\/\/ostrowskatv.pl\/wp-content\/uploads\/2025\/09\/1000079640-1333x707.jpg 1333w, https:\/\/ostrowskatv.pl\/wp-content\/uploads\/2025\/09\/1000079640-1536x815.jpg 1536w\" sizes=\"auto, (max-width: 1920px) 100vw, 1920px\" \/><\/a> <a href=\"https:\/\/ostrowskatv.pl\/?attachment_id=36019\" rel=\"attachment wp-att-36019\"><img loading=\"lazy\" decoding=\"async\" class=\"alignnone size-full wp-image-36019\" src=\"https:\/\/ostrowskatv.pl\/wp-content\/uploads\/2025\/09\/1000079641.jpg\" alt=\"\" width=\"1919\" height=\"1080\" srcset=\"https:\/\/ostrowskatv.pl\/wp-content\/uploads\/2025\/09\/1000079641.jpg 1919w, https:\/\/ostrowskatv.pl\/wp-content\/uploads\/2025\/09\/1000079641-300x169.jpg 300w, https:\/\/ostrowskatv.pl\/wp-content\/uploads\/2025\/09\/1000079641-1333x750.jpg 1333w, https:\/\/ostrowskatv.pl\/wp-content\/uploads\/2025\/09\/1000079641-1536x864.jpg 1536w\" sizes=\"auto, (max-width: 1919px) 100vw, 1919px\" \/><\/a> <a href=\"https:\/\/ostrowskatv.pl\/?attachment_id=36018\" rel=\"attachment wp-att-36018\"><img loading=\"lazy\" decoding=\"async\" class=\"alignnone size-full wp-image-36018\" src=\"https:\/\/ostrowskatv.pl\/wp-content\/uploads\/2025\/09\/1000079643.jpg\" alt=\"\" width=\"1920\" height=\"1080\" srcset=\"https:\/\/ostrowskatv.pl\/wp-content\/uploads\/2025\/09\/1000079643.jpg 1920w, https:\/\/ostrowskatv.pl\/wp-content\/uploads\/2025\/09\/1000079643-300x169.jpg 300w, https:\/\/ostrowskatv.pl\/wp-content\/uploads\/2025\/09\/1000079643-1333x750.jpg 1333w, https:\/\/ostrowskatv.pl\/wp-content\/uploads\/2025\/09\/1000079643-1536x864.jpg 1536w\" sizes=\"auto, (max-width: 1920px) 100vw, 1920px\" \/><\/a> <a href=\"https:\/\/ostrowskatv.pl\/?attachment_id=36017\" rel=\"attachment wp-att-36017\"><img loading=\"lazy\" decoding=\"async\" class=\"alignnone size-full wp-image-36017\" src=\"https:\/\/ostrowskatv.pl\/wp-content\/uploads\/2025\/09\/1000079644.jpg\" alt=\"\" width=\"1920\" height=\"1080\" srcset=\"https:\/\/ostrowskatv.pl\/wp-content\/uploads\/2025\/09\/1000079644.jpg 1920w, https:\/\/ostrowskatv.pl\/wp-content\/uploads\/2025\/09\/1000079644-300x169.jpg 300w, https:\/\/ostrowskatv.pl\/wp-content\/uploads\/2025\/09\/1000079644-1333x750.jpg 1333w, https:\/\/ostrowskatv.pl\/wp-content\/uploads\/2025\/09\/1000079644-1536x864.jpg 1536w\" sizes=\"auto, (max-width: 1920px) 100vw, 1920px\" \/><\/a><\/p>\n<p>Sebastian O. zosta\u0142 skazany na 3 lata i 6 miesi\u0119cy bezwzgl\u0119dnego pozbawienia wolno\u015bci oraz 30 tysi\u0119cy z\u0142otych grzywny. S\u0105d zobowi\u0105za\u0142 go r\u00f3wnie\u017c do naprawienia szkody \u2013 wyp\u0142aty rekompensat rodzinom w wysoko\u015bci od 50 do 100 tysi\u0119cy z\u0142otych za mieszkanie oraz uregulowania nale\u017cno\u015bci wobec podwykonawc\u00f3w, si\u0119gaj\u0105cych od kilkudziesi\u0119ciu do nawet 150 tysi\u0119cy z\u0142otych. Dodatkowo orzeczono zakaz prowadzenia dzia\u0142alno\u015bci deweloperskiej przez 10 lat.<\/p>\n<p>Wyrok nie jest prawomocny. Oskar\u017cony nie pojawi\u0142 si\u0119 na sali s\u0105dowej.<\/p>\n<h3>\u201eTroch\u0119 rado\u015bci, troch\u0119 smutku\u201d<\/h3>\n<p>\u2013 <em>My\u015bla\u0142am, \u017ce b\u0119d\u0105 mniejsze, ale ca\u0142a si\u0119 trz\u0119s\u0119. Troch\u0119 rado\u015bci i troch\u0119 smutku, \u017ce przez to wszystko musieli\u015bmy przej\u015b\u0107. Ciesz\u0119 si\u0119, ale wola\u0142abym, \u017ceby tego nie by\u0142o, wola\u0142abym o tym zapomnie\u0107<\/em> \u2013 m\u00f3wi Marta Kranc, jedna z poszkodowanych.<\/p>\n<p>\u2013 <em>Sprawiedliwy, bo winny zosta\u0142 ukarany. Ale niesprawiedliwy, bo to, co przeszli\u015bmy, kosztowa\u0142o nas zbyt wiele \u2013 zdrowia, nerw\u00f3w, a czasem nawet bliskich<\/em> \u2013 dodaje.<\/p>\n<p>Z wyroku zadowolona jest Karolina Skrzypczy\u0144ska, adwokat mieszka\u0144c\u00f3w i oskar\u017cyciel posi\u0142kowy. \u2013 <em>Ten wyrok ma przywr\u00f3ci\u0107 pokrzywdzonym godno\u015b\u0107. Ci ludzie zaczynali swoj\u0105 walk\u0119 od marsz\u00f3w ulicami Kalisza. Dzi\u015b mog\u0105 poczu\u0107, \u017ce ich wysi\u0142ek nie poszed\u0142 na marne<\/em> \u2013 podkre\u015bla.<\/p>\n<h3>Pocz\u0105tek problem\u00f3w<\/h3>\n<p>Historia osiedla D\u0119bowego si\u0119ga 2017 roku. Firma Sebastiana O. oferowa\u0142a mieszkania w atrakcyjnej cenie i przyci\u0105ga\u0142a wizualizacjami inwestycji przy ul. Dybowskiego i Raciborskiego. 42 rodziny zainwestowa\u0142y \u0142\u0105cznie 9 mln z\u0142 i mia\u0142y wprowadzi\u0107 si\u0119 do nowych mieszka\u0144 w 2018 roku.<\/p>\n<p>Szybko jednak pojawi\u0142y si\u0119 op\u00f3\u017anienia. Deweloper usprawiedliwia\u0142 si\u0119 brakami materia\u0142\u00f3w i pracownik\u00f3w. W ko\u0144cu zamilk\u0142, a na placu budowy zamiast mur\u00f3w zacz\u0119\u0142y rosn\u0105\u0107 chwasty. Oszukani za\u0142o\u017cyli grup\u0119 i rozpocz\u0119li protesty \u2013 najpierw na placu budowy, potem przed urz\u0119dem miasta i prokuratur\u0105. Ich spraw\u0105 zaj\u0119\u0142y si\u0119 media lokalne i og\u00f3lnopolskie.<\/p>\n<p>Prokuratura zarzuci\u0142a Sebastianowi O. m.in. wprowadzenie klient\u00f3w w b\u0142\u0105d co do mo\u017cliwo\u015bci finansowych i technicznych firmy oraz spowodowanie szkody w wysoko\u015bci 9 mln z\u0142.<\/p>\n<h3>Miasto pomog\u0142o<\/h3>\n<p>Gdy inwestycja upad\u0142a, do akcji wkroczy\u0142 syndyk masy upad\u0142o\u015bciowej. Z inicjatywy prezydenta Krystiana Kinastowskiego budow\u0119 przej\u0119\u0142o Kaliskie Towarzystwo Budownictwa Spo\u0142ecznego. Aby doko\u0144czy\u0107 prace, mieszka\u0144cy musieli dop\u0142aci\u0107 \u015brednio po 100 tys. z\u0142.<\/p>\n<p>Cho\u0107 droga by\u0142a trudna, w 2021 roku rodziny mog\u0142y wreszcie odebra\u0107 klucze do mieszka\u0144. Rok p\u00f3\u017aniej zorganizowa\u0142y wsp\u00f3lne spotkanie, podczas kt\u00f3rego podzi\u0119kowa\u0142y wszystkim, kt\u00f3rzy wspierali je w walce.<\/p>\n<h3>Symbol wsp\u00f3lnoty<\/h3>\n<p>Sprawa osiedla D\u0119bowego sta\u0142a si\u0119 przyk\u0142adem si\u0142y wsp\u00f3lnoty i determinacji. Oszukani mieszka\u0144cy pokazali, \u017ce razem mo\u017cna nie tylko doprowadzi\u0107 do ko\u0144ca budow\u0119, ale tak\u017ce doprowadzi\u0107 do odpowiedzialno\u015bci winnego.<\/p>\n<p>\u2013 <em>To by\u0142a walka o mieszkania, ale i o godno\u015b\u0107. Dzi\u015b mieszka\u0144cy mog\u0105 czu\u0107, \u017ce t\u0119 godno\u015b\u0107 odzyskali<\/em> \u2013 podsumowuje mecenas Skrzypczy\u0144ska.<\/p>\n","protected":false},"excerpt":{"rendered":"Ponad dwie lata procesu, wiele godzin na sali rozpraw i lata walki o swoje prawa. W poniedzia\u0142ek, 22 wrze\u015bnia, S\u0105d Okr\u0119gowy w Kaliszu \n<a class=\"moretag\" href=\"https:\/\/ostrowskatv.pl\/?p=36016\"> [...]<\/a>","protected":false},"author":1,"featured_media":36020,"comment_status":"open","ping_status":"closed","sticky":false,"template":"","format":"standard","meta":{"footnotes":""},"categories":[1],"tags":[175],"class_list":["post-36016","post","type-post","status-publish","format-standard","has-post-thumbnail","hentry","category-news","tag-powiat-kaliski"],"_links":{"self":[{"href":"https:\/\/ostrowskatv.pl\/index.php?rest_route=\/wp\/v2\/posts\/36016","targetHints":{"allow":["GET"]}}],"collection":[{"href":"https:\/\/ostrowskatv.pl\/index.php?rest_route=\/wp\/v2\/posts"}],"about":[{"href":"https:\/\/ostrowskatv.pl\/index.php?rest_route=\/wp\/v2\/types\/post"}],"author":[{"embeddable":true,"href":"https:\/\/ostrowskatv.pl\/index.php?rest_route=\/wp\/v2\/users\/1"}],"replies":[{"embeddable":true,"href":"https:\/\/ostrowskatv.pl\/index.php?rest_route=%2Fwp%2Fv2%2Fcomments&post=36016"}],"version-history":[{"count":1,"href":"https:\/\/ostrowskatv.pl\/index.php?rest_route=\/wp\/v2\/posts\/36016\/revisions"}],"predecessor-version":[{"id":36021,"href":"https:\/\/ostrowskatv.pl\/index.php?rest_route=\/wp\/v2\/posts\/36016\/revisions\/36021"}],"wp:featuredmedia":[{"embeddable":true,"href":"https:\/\/ostrowskatv.pl\/index.php?rest_route=\/wp\/v2\/media\/36020"}],"wp:attachment":[{"href":"https:\/\/ostrowskatv.pl\/index.php?rest_route=%2Fwp%2Fv2%2Fmedia&parent=36016"}],"wp:term":[{"taxonomy":"category","embeddable":true,"href":"https:\/\/ostrowskatv.pl\/index.php?rest_route=%2Fwp%2Fv2%2Fcategories&post=36016"},{"taxonomy":"post_tag","embeddable":true,"href":"https:\/\/ostrowskatv.pl\/index.php?rest_route=%2Fwp%2Fv2%2Ftags&post=36016"}],"curies":[{"name":"wp","href":"https:\/\/api.w.org\/{rel}","templated":true}]}}