{"id":36011,"date":"2025-09-18T19:48:08","date_gmt":"2025-09-18T18:48:08","guid":{"rendered":"https:\/\/ostrowskatv.pl\/?p=36011"},"modified":"2025-09-18T19:48:08","modified_gmt":"2025-09-18T18:48:08","slug":"w-15-latka-na-hulajnodze-wjechal-samochod","status":"publish","type":"post","link":"https:\/\/ostrowskatv.pl\/?p=36011","title":{"rendered":"W 15-latka na hulajnodze wjecha\u0142 samoch\u00f3d"},"content":{"rendered":"<p><strong>W \u015brod\u0119 przed godzin\u0105 16 dosz\u0142o do zdarzenia drogowego przy skrzy\u017cowaniu ulic Kaliskiej oraz Limanowskiego w Ostrowie Wielkopolskim. Wzi\u0119li w nim udzia\u0142 15-latel na elektrycznej hulajnodze oraz Opel Astra kierowany przez m\u0119\u017cczyzn\u0119 w dojrza\u0142ym wieku.<\/strong><\/p>\n<p>15-latek porusza\u0142 si\u0119 hulajnog\u0105 elektryczn\u0105 po \u015bcie\u017cce rowerowej przy stacji paliw, na kt\u00f3r\u0105 pr\u00f3bowa\u0142 wjecha\u0107 wspomniany kierowca Opla. Wtedy dosz\u0142o do potr\u0105cenia. Na szcz\u0119\u015bcie nastolatek mia\u0142 pe\u0142en kask, kt\u00f3ry uchroni\u0142 go przed niebezpiecznymi obra\u017ceniami g\u0142owy. <\/p>\n<p>Zdarzenie zakwalifikowano jako kolizj\u0119. <\/p>\n<p><a href=\"https:\/\/ostrowskatv.pl\/?attachment_id=36012\" rel=\"attachment wp-att-36012\"><img loading=\"lazy\" decoding=\"async\" src=\"https:\/\/ostrowskatv.pl\/wp-content\/uploads\/2025\/09\/1000073111-1.jpg\" alt=\"\" width=\"1920\" height=\"1058\" class=\"alignnone size-full wp-image-36012\" srcset=\"https:\/\/ostrowskatv.pl\/wp-content\/uploads\/2025\/09\/1000073111-1.jpg 1920w, https:\/\/ostrowskatv.pl\/wp-content\/uploads\/2025\/09\/1000073111-1-300x165.jpg 300w, https:\/\/ostrowskatv.pl\/wp-content\/uploads\/2025\/09\/1000073111-1-1333x735.jpg 1333w, https:\/\/ostrowskatv.pl\/wp-content\/uploads\/2025\/09\/1000073111-1-1536x846.jpg 1536w\" sizes=\"auto, (max-width: 1920px) 100vw, 1920px\" \/><\/a><\/p>\n<p><a href=\"https:\/\/ostrowskatv.pl\/?attachment_id=36013\" rel=\"attachment wp-att-36013\"><img loading=\"lazy\" decoding=\"async\" src=\"https:\/\/ostrowskatv.pl\/wp-content\/uploads\/2025\/09\/1000073107-1.jpg\" alt=\"\" width=\"1920\" height=\"1378\" class=\"alignnone size-full wp-image-36013\" srcset=\"https:\/\/ostrowskatv.pl\/wp-content\/uploads\/2025\/09\/1000073107-1.jpg 1920w, https:\/\/ostrowskatv.pl\/wp-content\/uploads\/2025\/09\/1000073107-1-300x215.jpg 300w, https:\/\/ostrowskatv.pl\/wp-content\/uploads\/2025\/09\/1000073107-1-1333x957.jpg 1333w, https:\/\/ostrowskatv.pl\/wp-content\/uploads\/2025\/09\/1000073107-1-1536x1102.jpg 1536w, https:\/\/ostrowskatv.pl\/wp-content\/uploads\/2025\/09\/1000073107-1-120x85.jpg 120w\" sizes=\"auto, (max-width: 1920px) 100vw, 1920px\" \/><\/a><\/p>\n<p><a href=\"https:\/\/ostrowskatv.pl\/?attachment_id=36014\" rel=\"attachment wp-att-36014\"><img loading=\"lazy\" decoding=\"async\" src=\"https:\/\/ostrowskatv.pl\/wp-content\/uploads\/2025\/09\/1000073112-1.jpg\" alt=\"\" width=\"1920\" height=\"1252\" class=\"alignnone size-full wp-image-36014\" srcset=\"https:\/\/ostrowskatv.pl\/wp-content\/uploads\/2025\/09\/1000073112-1.jpg 1920w, https:\/\/ostrowskatv.pl\/wp-content\/uploads\/2025\/09\/1000073112-1-300x196.jpg 300w, https:\/\/ostrowskatv.pl\/wp-content\/uploads\/2025\/09\/1000073112-1-1333x869.jpg 1333w, https:\/\/ostrowskatv.pl\/wp-content\/uploads\/2025\/09\/1000073112-1-1536x1002.jpg 1536w\" sizes=\"auto, (max-width: 1920px) 100vw, 1920px\" \/><\/a><\/p>\n","protected":false},"excerpt":{"rendered":"W \u015brod\u0119 przed godzin\u0105 16 dosz\u0142o do zdarzenia drogowego przy skrzy\u017cowaniu ulic Kaliskiej oraz Limanowskiego w Ostrowie Wielkopolskim. Wzi\u0119li w nim udzia\u0142 15-latel \n<a class=\"moretag\" href=\"https:\/\/ostrowskatv.pl\/?p=36011\"> [...]<\/a>","protected":false},"author":1,"featured_media":36014,"comment_status":"open","ping_status":"closed","sticky":false,"template":"","format":"standard","meta":{"footnotes":""},"categories":[1],"tags":[2],"class_list":["post-36011","post","type-post","status-publish","format-standard","has-post-thumbnail","hentry","category-news","tag-ostrow-wielkopolski"],"_links":{"self":[{"href":"https:\/\/ostrowskatv.pl\/index.php?rest_route=\/wp\/v2\/posts\/36011","targetHints":{"allow":["GET"]}}],"collection":[{"href":"https:\/\/ostrowskatv.pl\/index.php?rest_route=\/wp\/v2\/posts"}],"about":[{"href":"https:\/\/ostrowskatv.pl\/index.php?rest_route=\/wp\/v2\/types\/post"}],"author":[{"embeddable":true,"href":"https:\/\/ostrowskatv.pl\/index.php?rest_route=\/wp\/v2\/users\/1"}],"replies":[{"embeddable":true,"href":"https:\/\/ostrowskatv.pl\/index.php?rest_route=%2Fwp%2Fv2%2Fcomments&post=36011"}],"version-history":[{"count":1,"href":"https:\/\/ostrowskatv.pl\/index.php?rest_route=\/wp\/v2\/posts\/36011\/revisions"}],"predecessor-version":[{"id":36015,"href":"https:\/\/ostrowskatv.pl\/index.php?rest_route=\/wp\/v2\/posts\/36011\/revisions\/36015"}],"wp:featuredmedia":[{"embeddable":true,"href":"https:\/\/ostrowskatv.pl\/index.php?rest_route=\/wp\/v2\/media\/36014"}],"wp:attachment":[{"href":"https:\/\/ostrowskatv.pl\/index.php?rest_route=%2Fwp%2Fv2%2Fmedia&parent=36011"}],"wp:term":[{"taxonomy":"category","embeddable":true,"href":"https:\/\/ostrowskatv.pl\/index.php?rest_route=%2Fwp%2Fv2%2Fcategories&post=36011"},{"taxonomy":"post_tag","embeddable":true,"href":"https:\/\/ostrowskatv.pl\/index.php?rest_route=%2Fwp%2Fv2%2Ftags&post=36011"}],"curies":[{"name":"wp","href":"https:\/\/api.w.org\/{rel}","templated":true}]}}