{"id":3601,"date":"2017-05-04T15:57:46","date_gmt":"2017-05-04T14:57:46","guid":{"rendered":"http:\/\/ostrowska.tv\/?p=3601"},"modified":"2017-05-04T15:57:46","modified_gmt":"2017-05-04T14:57:46","slug":"spowodowal-kolizje-mial-ponad-2-promile","status":"publish","type":"post","link":"https:\/\/ostrowskatv.pl\/?p=3601","title":{"rendered":"Spowodowa\u0142 kolizj\u0119. Mia\u0142 ponad 2 promile"},"content":{"rendered":"<p><span style=\"font-size: small;\"><strong><span style=\"font-family: Default Sans Serif,Verdana,Arial,Helvetica,sans-serif;\">2 maja policjanci otrzymali informacj\u0119, \u017ce na skrzy\u017cowaniu ulicy Led\u00f3chowskiego\/Witosa, dosz\u0142o do zdarzenia drogowego, gdzie jeden z kieruj\u0105cych mo\u017ce by\u0107 nietrze\u017awy. Na miejscu policjanci zastali uczestnik\u00f3w zdarzenia, jak ustalili 63-letni kierowca Citroena Jumpy uderzy\u0142 w ty\u0142 poprzedzaj\u0105cego go pojazdu marki Opel Astra. Badanie stanu trze\u017awo\u015bci 63-latka wykaza\u0142o ponad 2 promile alkoholu, dodatkowo kierowca nie posiada\u0142 aktualnych bada\u0144 technicznych pojazdu. Sprawa 63-latka trafi do S\u0105du.<\/span><\/strong><\/span><\/p>\n<p>&nbsp;<\/p>\n","protected":false},"excerpt":{"rendered":"2 maja policjanci otrzymali informacj\u0119, \u017ce na skrzy\u017cowaniu ulicy Led\u00f3chowskiego\/Witosa, dosz\u0142o do zdarzenia drogowego, gdzie jeden z kieruj\u0105cych mo\u017ce by\u0107 nietrze\u017awy. Na miejscu \n<a class=\"moretag\" href=\"https:\/\/ostrowskatv.pl\/?p=3601\"> [...]<\/a>","protected":false},"author":1,"featured_media":3602,"comment_status":"open","ping_status":"open","sticky":false,"template":"","format":"standard","meta":{"footnotes":""},"categories":[1],"tags":[2],"class_list":["post-3601","post","type-post","status-publish","format-standard","has-post-thumbnail","hentry","category-news","tag-ostrow-wielkopolski"],"_links":{"self":[{"href":"https:\/\/ostrowskatv.pl\/index.php?rest_route=\/wp\/v2\/posts\/3601","targetHints":{"allow":["GET"]}}],"collection":[{"href":"https:\/\/ostrowskatv.pl\/index.php?rest_route=\/wp\/v2\/posts"}],"about":[{"href":"https:\/\/ostrowskatv.pl\/index.php?rest_route=\/wp\/v2\/types\/post"}],"author":[{"embeddable":true,"href":"https:\/\/ostrowskatv.pl\/index.php?rest_route=\/wp\/v2\/users\/1"}],"replies":[{"embeddable":true,"href":"https:\/\/ostrowskatv.pl\/index.php?rest_route=%2Fwp%2Fv2%2Fcomments&post=3601"}],"version-history":[{"count":0,"href":"https:\/\/ostrowskatv.pl\/index.php?rest_route=\/wp\/v2\/posts\/3601\/revisions"}],"wp:featuredmedia":[{"embeddable":true,"href":"https:\/\/ostrowskatv.pl\/index.php?rest_route=\/wp\/v2\/media\/3602"}],"wp:attachment":[{"href":"https:\/\/ostrowskatv.pl\/index.php?rest_route=%2Fwp%2Fv2%2Fmedia&parent=3601"}],"wp:term":[{"taxonomy":"category","embeddable":true,"href":"https:\/\/ostrowskatv.pl\/index.php?rest_route=%2Fwp%2Fv2%2Fcategories&post=3601"},{"taxonomy":"post_tag","embeddable":true,"href":"https:\/\/ostrowskatv.pl\/index.php?rest_route=%2Fwp%2Fv2%2Ftags&post=3601"}],"curies":[{"name":"wp","href":"https:\/\/api.w.org\/{rel}","templated":true}]}}