{"id":360,"date":"2016-02-15T13:32:06","date_gmt":"2016-02-15T12:32:06","guid":{"rendered":"http:\/\/ostrowska.tv\/?p=360"},"modified":"2016-02-15T13:32:06","modified_gmt":"2016-02-15T12:32:06","slug":"jest-prezes-crk-nastepcy-holdikomu","status":"publish","type":"post","link":"https:\/\/ostrowskatv.pl\/?p=360","title":{"rendered":"Jest prezes CRK &#8211; nast\u0119pcy Holdikomu"},"content":{"rendered":"<p><strong>W poniedzia\u0142ek przedstawiono osob\u0119 prezesa &#8222;nowej&#8221; sp\u00f3\u0142ki miejskiej &#8211; Centrum Rozwoju Komunalnego &#8211; kt\u00f3ra powsta\u0142a w skutek zmian w Holdikomie. Funkcj\u0119 prezesa b\u0119dzie pe\u0142ni\u0107 Marek Kolasi\u0144ski, dotychczasowy pracownik sp\u00f3\u0142ki miejskiej Aquanet z Poznania, zarz\u0105dzaj\u0105cej sieci\u0105 wodoci\u0105gow\u0105. Na temat Aquanetu i jej rozwoju cz\u0119sto wypowiada\u0142 si\u0119 Tomasz Lewandowski, dotychczasowy cz\u0142onek SLD, wcze\u015bniejszy przewodnicz\u0105cy Rady Nadzorczej Holdikomu, a obecnie przewodnicz\u0105cy Rady Nadzorczej Wodkanu. Sam zainteresowany twierdzi jednak, \u017ce nie ma \u017cadnych relacji towarzyskich z Lewandowskim, a jego samego zna tylko z faktu startu na prezydenta Poznania z ramienia SLD.<\/strong><\/p>\n<p>&nbsp;<\/p>\n","protected":false},"excerpt":{"rendered":"W poniedzia\u0142ek przedstawiono osob\u0119 prezesa &#8222;nowej&#8221; sp\u00f3\u0142ki miejskiej &#8211; Centrum Rozwoju Komunalnego &#8211; kt\u00f3ra powsta\u0142a w skutek zmian w Holdikomie. Funkcj\u0119 prezesa b\u0119dzie \n<a class=\"moretag\" href=\"https:\/\/ostrowskatv.pl\/?p=360\"> [...]<\/a>","protected":false},"author":1,"featured_media":361,"comment_status":"open","ping_status":"open","sticky":false,"template":"","format":"standard","meta":{"footnotes":""},"categories":[1],"tags":[46],"class_list":["post-360","post","type-post","status-publish","format-standard","has-post-thumbnail","hentry","category-news","tag-crk"],"_links":{"self":[{"href":"https:\/\/ostrowskatv.pl\/index.php?rest_route=\/wp\/v2\/posts\/360","targetHints":{"allow":["GET"]}}],"collection":[{"href":"https:\/\/ostrowskatv.pl\/index.php?rest_route=\/wp\/v2\/posts"}],"about":[{"href":"https:\/\/ostrowskatv.pl\/index.php?rest_route=\/wp\/v2\/types\/post"}],"author":[{"embeddable":true,"href":"https:\/\/ostrowskatv.pl\/index.php?rest_route=\/wp\/v2\/users\/1"}],"replies":[{"embeddable":true,"href":"https:\/\/ostrowskatv.pl\/index.php?rest_route=%2Fwp%2Fv2%2Fcomments&post=360"}],"version-history":[{"count":0,"href":"https:\/\/ostrowskatv.pl\/index.php?rest_route=\/wp\/v2\/posts\/360\/revisions"}],"wp:featuredmedia":[{"embeddable":true,"href":"https:\/\/ostrowskatv.pl\/index.php?rest_route=\/wp\/v2\/media\/361"}],"wp:attachment":[{"href":"https:\/\/ostrowskatv.pl\/index.php?rest_route=%2Fwp%2Fv2%2Fmedia&parent=360"}],"wp:term":[{"taxonomy":"category","embeddable":true,"href":"https:\/\/ostrowskatv.pl\/index.php?rest_route=%2Fwp%2Fv2%2Fcategories&post=360"},{"taxonomy":"post_tag","embeddable":true,"href":"https:\/\/ostrowskatv.pl\/index.php?rest_route=%2Fwp%2Fv2%2Ftags&post=360"}],"curies":[{"name":"wp","href":"https:\/\/api.w.org\/{rel}","templated":true}]}}