{"id":36,"date":"2015-12-20T14:48:14","date_gmt":"2015-12-20T13:48:14","guid":{"rendered":"http:\/\/ostrowska.tv\/?p=36"},"modified":"2015-12-20T14:48:14","modified_gmt":"2015-12-20T13:48:14","slug":"spor-na-linii-tz-ostrovia-prezydent-ostrowa","status":"publish","type":"post","link":"https:\/\/ostrowskatv.pl\/?p=36","title":{"rendered":"Sp\u00f3r na linii T\u017b Ostrovia &#8211; Prezydent Ostrowa"},"content":{"rendered":"<p><strong>Poni\u017cszy artyku\u0142 powsta\u0142 na podstawie rozmowy z wiceprezesem klubu T\u017b Ostrovia Wojciechem Nowakiem.<\/strong><\/p>\n<hr \/>\n<p><strong>Jak poinformowali nas dzia\u0142acze Towarzystwa \u017bu\u017clowego Ostrovia: prezydent Ostrowa Wlkp. tu\u017c przed \u015awi\u0119tami wyprosi\u0142a ich ze stadionu miejskiego. Dzia\u0142acze s\u0105 oburzeni t\u0105 decyzj\u0105. Zamierzaj\u0105 rozpocz\u0105\u0107 rozmowy z Rawiczem by tam m\u00f3c szkoli\u0107 m\u0142odzie\u017c.<\/strong><\/p>\n<div id=\"beacon_03b066ee27\"><img loading=\"lazy\" decoding=\"async\" class=\"zembqblolcnlhkekjhxm\" src=\"http:\/\/www.ostrow24.tv\/openx\/www\/delivery\/lg.php?bannerid=11&amp;campaignid=10&amp;zoneid=1&amp;OABLOCK=300&amp;OASCAP=5&amp;loc=http%3A%2F%2Fwww.ostrow24.tv%2Fnews%2F83056-prezydent-wyprosila-ostrovie-ze-stadionu.html&amp;referer=http%3A%2F%2Fwww.ostrow24.tv%2F&amp;cb=03b066ee27\" alt=\"\" width=\"0\" height=\"0\" \/><\/div>\n<div id=\"beacon_573d27a140\"><img loading=\"lazy\" decoding=\"async\" class=\"zembqblolcnlhkekjhxm\" src=\"http:\/\/d2va07tmah0l23.oxcdn.com\/www\/delivery\/lg.php?bannerid=329&amp;campaignid=4&amp;zoneid=308&amp;loc=http%3A%2F%2Fwww.ostrow24.tv%2Fnews%2F83056-prezydent-wyprosila-ostrovie-ze-stadionu.html&amp;referer=http%3A%2F%2Fwww.ostrow24.tv%2F&amp;cb=573d27a140\" alt=\"\" width=\"0\" height=\"0\" \/><\/div>\n<p>Decyzja tym bardziej bulwersuje dzia\u0142aczy T\u017b Ostrovia poniewa\u017c mieli postawiony warunek najmu stadionu na poziomie 11 tysi\u0119cy z\u0142otych, \u00a0a klub z Wroc\u0142awia raptem 2500 z\u0142. Z naszych informacji jednak wynika, \u017ce 11 tysi\u0119cy z\u0142otych by\u0142o przewidywan\u0105 op\u0142at\u0105 w przetargu na zarz\u0105dzanie ca\u0142ym stadionem. Teoretycznie mia\u0142a wygra\u0107 jedna ze sp\u00f3\u0142ek miejskich, ale ostatecznie przetargu nie rozstrzygni\u0119to.<\/p>\n<p>\u2013 Nie mo\u017cna by\u0142o wypowiedzie\u0107 umowy nowemu stowarzyszeniu, \u00a0poniewa\u017c ono nie mia\u0142o \u017cadnej umowy podpisanej. \u2013 skomentowa\u0142 na gor\u0105co Artur Ko\u0142aci\u0144ski z biura prasowego Urz\u0119du Miejskiego.<\/p>\n<p>Dzia\u0142acze wyja\u015bniali nam, \u017ce chcieli zagospodarowa\u0107 powierzchnie trybuny g\u0142\u00f3wnej na parterze. Jednak w tej chwili, jak twierdz\u0105, zosta\u0142o im to uniemo\u017cliwione.<\/p>\n<p>Artur Ko\u0142aci\u0144ski z Urz\u0119du Miejskiego stwierdzi\u0142 jednak, \u017ce T\u017b Ostrovia nie wyst\u0105pi\u0142o z \u017cadnym wnioskiem o wynajem tych pomieszcze\u0144 na pi\u015bmie.<\/p>\n<hr \/>\n<p><u>O\u015aWIADCZENIE<\/u><\/p>\n<p>W zwi\u0105zku z informacj\u0105 zamieszczon\u0105 na jednej ze stron internetowych, jakoby Prezydent Ostrowa Wielkopolskiego \u201ewyprosi\u0142a ze stadionu miejskiego \u017cu\u017clow\u0105 Ostrovi\u0119\u201d,<strong> stanowczo o\u015bwiadczam, \u017ce jest to informacja nieprawdziwa<\/strong>. (ze strony dzia\u0142aczy T\u017b Ostrovia \u2013 przyp. red.)<\/p>\n<p>Nigdy nie rozmawia\u0142am z w\u0142adzami nowo powsta\u0142ego stowarzyszenia Towarzystwo \u017bu\u017clowe Ostrovia o opuszczeniu przez jego dzia\u0142aczy Stadionu Miejskiego. Stowarzyszenie to nie posiada umowy<br \/>\nna wynajem tego obiektu, nie mog\u0142o go zatem opu\u015bci\u0107. Je\u017celi zarz\u0105d nowego stowarzyszenia zdecyduje si\u0119 na z\u0142o\u017cenie wniosku o wynajem obiektu, taki wniosek zostanie rozpatrzony. Natomiast \u017bu\u017clowy Klub Sportowy Ostrovia, na mocy obowi\u0105zuj\u0105cej umowy, nadal zajmuje cz\u0119\u015b\u0107 biurow\u0105 stadionu.<\/p>\n<p>W artykule zawarto tak\u017ce nieprawdziw\u0105 informacj\u0119 o postawieniu T\u017b Ostrovii warunku najmu obiektu za kwot\u0119 11 tysi\u0119cy z\u0142otych. <strong>Jest to r\u00f3wnie\u017c nieprawda, poniewa\u017c Gmina Miasto Ostr\u00f3w Wielkopolski og\u0142osi\u0142a przetarg na wydzier\u017cawienie ca\u0142ego Stadionu Miejskiego wraz z otaczaj\u0105cym go terenem za kwot\u0119 11,5 tysi\u0105ca z\u0142otych.<\/strong> <strong>\u017baden podmiot nie przyst\u0105pi\u0142 do tego przetargu, w zwi\u0105zku z tym Gmina Miasto Ostr\u00f3w Wielkopolski, b\u0119d\u0105c w\u0142a\u015bcicielem obiektu, prowadzi rozmowy na temat jego wynaj\u0119cia. Jednym z podmiot\u00f3w zainteresowanych korzystaniem z ostrowskiego stadionu jest WTS Sparta Wroc\u0142aw.<\/strong><\/p>\n<p>Wyst\u0119py wroc\u0142awskiego klubu w Ostrowie Wielkopolskim nie oznaczaj\u0105 jednak odsuni\u0119cia od korzystania z miejskiego obiektu klub\u00f3w ostrowskich. <strong>Uzgodnienia prowadzone wsp\u00f3lnie<br \/>\nz przedstawicielami WTS Sparty Wroc\u0142aw oraz T\u017b Ostrovii mia\u0142y na celu wypracowanie harmonogramu umo\u017cliwiaj\u0105cego korzystanie ze stadionu ekstarligowej dru\u017cynie z Wroc\u0142awia i ostrowskiej szk\u00f3\u0142ce \u017cu\u017clowej.<\/strong> <strong>Nale\u017cy podkre\u015bli\u0107, \u017ce intencj\u0105 miasta jest pogodzenie potrzeb tych klub\u00f3w.\u00a0\u00a0\u00a0<\/strong><\/p>\n<p>Podkre\u015blam stanowczo, \u017ce jako przedstawiciel w\u0142adz Miasta, w\u0142a\u015bciciela Stadionu Miejskiego w Ostrowie Wielkopolskim, prowadzi\u0107 b\u0119d\u0119 dalsze rozmowy maj\u0105ce na celu rozgrywanie mecz\u00f3w WTS Sparty Wroc\u0142aw na ostrowskim torze. <strong>Jestem zdeterminowana, by w momencie braku ostrowskiej dru\u017cyny w \u017cu\u017clowych rozgrywkach ligowych, kibice \u017cu\u017cla w Ostrowie mieli szans\u0119 otrzyma\u0107 produkt na najwy\u017cszym poziomie.<\/strong><\/p>\n<p>Z przykro\u015bci\u0105 odnotowuj\u0119 pojawienie si\u0119 w przestrzeni publicznej informacji z\u0142o\u017conej z domys\u0142\u00f3w i fa\u0142szywych tez, kt\u00f3re podgrzewaj\u0105c atmosfer\u0119 mog\u0105 negatywnie wp\u0142yn\u0105\u0107 na finalizacj\u0119 rozm\u00f3w. Nie s\u0142u\u017cy to dobrze ani ostrowskiemu \u017cu\u017clowi, ani ostrowskim kibicom, kt\u00f3rzy, jak nikt inny, zas\u0142uguj\u0105 na widowiska sportowe w wykonaniu najlepszych \u017cu\u017clowc\u00f3w \u015bwiata.<\/p>\n<p>Nale\u017cy podkre\u015bli\u0107, \u017ce Prezydent Miasta Ostrowa Wielkopolskiego nie jest stron\u0105 uzgodnie\u0144 prowadzonych mi\u0119dzy wspomnianymi klubami, a ich wyniki i za\u0142o\u017cenia w \u017caden spos\u00f3b nie wp\u0142yn\u0105<br \/>\nna podejmowane przez Miasto decyzje.<\/p>\n<p>&nbsp;<\/p>\n<p>Beata Klimek<\/p>\n<p>Prezydent Ostrowa Wielkopolskiego<\/p>\n","protected":false},"excerpt":{"rendered":"Poni\u017cszy artyku\u0142 powsta\u0142 na podstawie rozmowy z wiceprezesem klubu T\u017b Ostrovia Wojciechem Nowakiem. Jak poinformowali nas dzia\u0142acze Towarzystwa \u017bu\u017clowego Ostrovia: prezydent Ostrowa Wlkp. \n<a class=\"moretag\" href=\"https:\/\/ostrowskatv.pl\/?p=36\"> [...]<\/a>","protected":false},"author":1,"featured_media":5,"comment_status":"open","ping_status":"open","sticky":false,"template":"","format":"standard","meta":{"footnotes":""},"categories":[1],"tags":[8],"class_list":["post-36","post","type-post","status-publish","format-standard","has-post-thumbnail","hentry","category-news","tag-zuzel"],"_links":{"self":[{"href":"https:\/\/ostrowskatv.pl\/index.php?rest_route=\/wp\/v2\/posts\/36","targetHints":{"allow":["GET"]}}],"collection":[{"href":"https:\/\/ostrowskatv.pl\/index.php?rest_route=\/wp\/v2\/posts"}],"about":[{"href":"https:\/\/ostrowskatv.pl\/index.php?rest_route=\/wp\/v2\/types\/post"}],"author":[{"embeddable":true,"href":"https:\/\/ostrowskatv.pl\/index.php?rest_route=\/wp\/v2\/users\/1"}],"replies":[{"embeddable":true,"href":"https:\/\/ostrowskatv.pl\/index.php?rest_route=%2Fwp%2Fv2%2Fcomments&post=36"}],"version-history":[{"count":0,"href":"https:\/\/ostrowskatv.pl\/index.php?rest_route=\/wp\/v2\/posts\/36\/revisions"}],"wp:featuredmedia":[{"embeddable":true,"href":"https:\/\/ostrowskatv.pl\/index.php?rest_route=\/wp\/v2\/media\/5"}],"wp:attachment":[{"href":"https:\/\/ostrowskatv.pl\/index.php?rest_route=%2Fwp%2Fv2%2Fmedia&parent=36"}],"wp:term":[{"taxonomy":"category","embeddable":true,"href":"https:\/\/ostrowskatv.pl\/index.php?rest_route=%2Fwp%2Fv2%2Fcategories&post=36"},{"taxonomy":"post_tag","embeddable":true,"href":"https:\/\/ostrowskatv.pl\/index.php?rest_route=%2Fwp%2Fv2%2Ftags&post=36"}],"curies":[{"name":"wp","href":"https:\/\/api.w.org\/{rel}","templated":true}]}}