{"id":35994,"date":"2025-09-18T11:50:29","date_gmt":"2025-09-18T10:50:29","guid":{"rendered":"https:\/\/ostrowskatv.pl\/?p=35994"},"modified":"2025-09-18T13:15:35","modified_gmt":"2025-09-18T12:15:35","slug":"konferencja-prasowa-stal-s-a-nowe-otwarcie-i-plany-na-przyszlosc","status":"publish","type":"post","link":"https:\/\/ostrowskatv.pl\/?p=35994","title":{"rendered":"Konferencja prasowa Stal S.A. \u2013 nowe otwarcie i plany na przysz\u0142o\u015b\u0107"},"content":{"rendered":"<p><strong>W czwartek rano w hali 3mk Arena odby\u0142a si\u0119 konferencja prasowa klubu Stal S.A. Spotkanie z mediami zgromadzi\u0142o dziennikarzy sportowych oraz sympatyk\u00f3w dru\u017cyny, kt\u00f3rzy mieli okazj\u0119 wys\u0142ucha\u0107 najwa\u017cniejszych informacji dotycz\u0105cych najbli\u017cszej przysz\u0142o\u015bci klubu.<\/strong><\/p>\n<p>Podczas konferencji zaprezentowano nowego Prezesa, Wiktora Grudzi\u0144skiego, kt\u00f3ry przedstawi\u0142 swoj\u0105 wizj\u0119 rozwoju Stali. W swoim wyst\u0105pieniu podkre\u015bli\u0142 znaczenie stabilno\u015bci organizacyjnej i systematycznej pracy nad budow\u0105 silnej pozycji klubu zar\u00f3wno na arenie krajowej, jak i w szerszym kontek\u015bcie sportowym. Zapowiedzia\u0142 r\u00f3wnie\u017c konkretne dzia\u0142ania zwi\u0105zane z popraw\u0105 struktury organizacyjnej oraz dalszym rozwojem zaplecza sportowego. Podkre\u015bla\u0142, \u017ce wa\u017cna jest transparentno\u015b\u0107 klubu.<\/p>\n<p>Obecny na konferencji trener zespo\u0142u, Andrzej Urban, skupi\u0142 si\u0119 natomiast na sprawach sportowych. Przedstawi\u0142 przebieg przygotowa\u0144 dru\u017cyny do nadchodz\u0105cego sezonu oraz wskaza\u0142 najwa\u017cniejsze cele, jakie stoj\u0105 przed zespo\u0142em. Podkre\u015bli\u0142, \u017ce intensywna praca i odpowiednie nastawienie maj\u0105 kluczowe znaczenie w walce o sukcesy w nadchodz\u0105cych rozgrywkach.<\/p>\n<p>Konferencja by\u0142a wa\u017cnym sygna\u0142em dla kibic\u00f3w i \u015brodowiska sportowego, \u017ce Stal S.A. wchodzi w nowy etap dzia\u0142alno\u015bci, oparty na \u015bwie\u017cej wizji zarz\u0105du oraz konsekwentnej pracy sztabu szkoleniowego.<\/p>\n<p>Istotne kwestie wypowiedziane przez prezesa to:<\/p>\n<ul>\n<li>sytuacja finansowa klubu jest dobra, nie ma \u017cadnych po\u017cyczek ani innych zobowi\u0105za\u0144<\/li>\n<li>ewentualne wsparcie miasta w wysoko\u015bci 2,5 miliona z\u0142otych by\u0142oby mile widziane<\/li>\n<li>nowy w\u0142a\u015bciciel klubu zaprezentuje si\u0119 na pierwszym meczu w Gdyni i prawdopodobnie p\u00f3\u017aniej dla ostrowskich medi\u00f3w<\/li>\n<li>Klub STAL S.A. odrzuci\u0142 pierwsz\u0105 propozycj\u0119 stowarzyszenia 3&#215;3 szkol\u0105cego m\u0142odzie\u017c, poniewa\u017c nie zosta\u0142y zaakceptowane kwestie finansowe &#8211; ekwiwalent za wyszkolenie m\u0142odzie\u017cy<\/li>\n<\/ul>\n<p><a href=\"https:\/\/ostrowskatv.pl\/?attachment_id=35995\" rel=\"attachment wp-att-35995\"><img loading=\"lazy\" decoding=\"async\" class=\"alignnone size-full wp-image-35995\" src=\"https:\/\/ostrowskatv.pl\/wp-content\/uploads\/2025\/09\/1000073181.jpg\" alt=\"\" width=\"1920\" height=\"968\" srcset=\"https:\/\/ostrowskatv.pl\/wp-content\/uploads\/2025\/09\/1000073181.jpg 1920w, https:\/\/ostrowskatv.pl\/wp-content\/uploads\/2025\/09\/1000073181-300x151.jpg 300w, https:\/\/ostrowskatv.pl\/wp-content\/uploads\/2025\/09\/1000073181-1333x672.jpg 1333w, https:\/\/ostrowskatv.pl\/wp-content\/uploads\/2025\/09\/1000073181-1536x774.jpg 1536w\" sizes=\"auto, (max-width: 1920px) 100vw, 1920px\" \/><\/a><\/p>\n<p><a href=\"https:\/\/ostrowskatv.pl\/?attachment_id=35996\" rel=\"attachment wp-att-35996\"><img loading=\"lazy\" decoding=\"async\" class=\"alignnone size-full wp-image-35996\" src=\"https:\/\/ostrowskatv.pl\/wp-content\/uploads\/2025\/09\/1000073180.jpg\" alt=\"\" width=\"1919\" height=\"1030\" srcset=\"https:\/\/ostrowskatv.pl\/wp-content\/uploads\/2025\/09\/1000073180.jpg 1919w, https:\/\/ostrowskatv.pl\/wp-content\/uploads\/2025\/09\/1000073180-300x161.jpg 300w, https:\/\/ostrowskatv.pl\/wp-content\/uploads\/2025\/09\/1000073180-1333x715.jpg 1333w, https:\/\/ostrowskatv.pl\/wp-content\/uploads\/2025\/09\/1000073180-1536x824.jpg 1536w\" sizes=\"auto, (max-width: 1919px) 100vw, 1919px\" \/><\/a><\/p>\n<p><iframe loading=\"lazy\" title=\"Konferencja - nowy prezes i trener STAL S.A. Ostr\u00f3w Wielkopolski\" width=\"747\" height=\"560\" src=\"https:\/\/www.youtube.com\/embed\/CMj9Zp6WJ34?feature=oembed\" frameborder=\"0\" allow=\"accelerometer; autoplay; clipboard-write; encrypted-media; gyroscope; picture-in-picture; web-share\" referrerpolicy=\"strict-origin-when-cross-origin\" allowfullscreen><\/iframe><\/p>\n","protected":false},"excerpt":{"rendered":"W czwartek rano w hali 3mk Arena odby\u0142a si\u0119 konferencja prasowa klubu Stal S.A. Spotkanie z mediami zgromadzi\u0142o dziennikarzy sportowych oraz sympatyk\u00f3w dru\u017cyny, \n<a class=\"moretag\" href=\"https:\/\/ostrowskatv.pl\/?p=35994\"> [...]<\/a>","protected":false},"author":1,"featured_media":35997,"comment_status":"open","ping_status":"closed","sticky":false,"template":"","format":"standard","meta":{"footnotes":""},"categories":[1],"tags":[],"class_list":["post-35994","post","type-post","status-publish","format-standard","has-post-thumbnail","hentry","category-news"],"_links":{"self":[{"href":"https:\/\/ostrowskatv.pl\/index.php?rest_route=\/wp\/v2\/posts\/35994","targetHints":{"allow":["GET"]}}],"collection":[{"href":"https:\/\/ostrowskatv.pl\/index.php?rest_route=\/wp\/v2\/posts"}],"about":[{"href":"https:\/\/ostrowskatv.pl\/index.php?rest_route=\/wp\/v2\/types\/post"}],"author":[{"embeddable":true,"href":"https:\/\/ostrowskatv.pl\/index.php?rest_route=\/wp\/v2\/users\/1"}],"replies":[{"embeddable":true,"href":"https:\/\/ostrowskatv.pl\/index.php?rest_route=%2Fwp%2Fv2%2Fcomments&post=35994"}],"version-history":[{"count":4,"href":"https:\/\/ostrowskatv.pl\/index.php?rest_route=\/wp\/v2\/posts\/35994\/revisions"}],"predecessor-version":[{"id":36001,"href":"https:\/\/ostrowskatv.pl\/index.php?rest_route=\/wp\/v2\/posts\/35994\/revisions\/36001"}],"wp:featuredmedia":[{"embeddable":true,"href":"https:\/\/ostrowskatv.pl\/index.php?rest_route=\/wp\/v2\/media\/35997"}],"wp:attachment":[{"href":"https:\/\/ostrowskatv.pl\/index.php?rest_route=%2Fwp%2Fv2%2Fmedia&parent=35994"}],"wp:term":[{"taxonomy":"category","embeddable":true,"href":"https:\/\/ostrowskatv.pl\/index.php?rest_route=%2Fwp%2Fv2%2Fcategories&post=35994"},{"taxonomy":"post_tag","embeddable":true,"href":"https:\/\/ostrowskatv.pl\/index.php?rest_route=%2Fwp%2Fv2%2Ftags&post=35994"}],"curies":[{"name":"wp","href":"https:\/\/api.w.org\/{rel}","templated":true}]}}