{"id":35982,"date":"2025-09-17T12:21:49","date_gmt":"2025-09-17T11:21:49","guid":{"rendered":"https:\/\/ostrowskatv.pl\/?p=35982"},"modified":"2025-09-17T12:22:08","modified_gmt":"2025-09-17T11:22:08","slug":"burzliwy-proces-w-ostrowie-adrian-p-z-zarzutami-grozb-i-napasci","status":"publish","type":"post","link":"https:\/\/ostrowskatv.pl\/?p=35982","title":{"rendered":"Ruszy\u0142 proces w Ostrowie: Adrian P. z zarzutami gr\u00f3\u017ab i napa\u015bci"},"content":{"rendered":"<p><strong>Atmosfera g\u0119sta od emocji, sprzeczne wersje wydarze\u0144 i kontrowersyjny bohater w roli g\u0142\u00f3wnej \u2013 tak wygl\u0105da\u0142a dzisiejsza rozprawa w S\u0105dzie Rejonowym w Ostrowie Wielkopolskim. Na \u0142awie oskar\u017conych zasiad\u0142 Adrian P., znany ostrowianin, kt\u00f3ry ju\u017c wcze\u015bniej zas\u0142yn\u0105\u0142 z akt\u00f3w wandalizmu, obra\u017aliwych napis\u00f3w i powi\u0105za\u0144 ze \u015brodowiskami nazistowskimi.<\/strong><\/p>\n<p><a href=\"https:\/\/ostrowskatv.pl\/?attachment_id=35983\" rel=\"attachment wp-att-35983\"><img loading=\"lazy\" decoding=\"async\" src=\"https:\/\/ostrowskatv.pl\/wp-content\/uploads\/2025\/09\/sad-adrian-p-02.jpg\" alt=\"\" width=\"1920\" height=\"1080\" class=\"alignnone size-full wp-image-35983\" srcset=\"https:\/\/ostrowskatv.pl\/wp-content\/uploads\/2025\/09\/sad-adrian-p-02.jpg 1920w, https:\/\/ostrowskatv.pl\/wp-content\/uploads\/2025\/09\/sad-adrian-p-02-300x169.jpg 300w, https:\/\/ostrowskatv.pl\/wp-content\/uploads\/2025\/09\/sad-adrian-p-02-1333x750.jpg 1333w, https:\/\/ostrowskatv.pl\/wp-content\/uploads\/2025\/09\/sad-adrian-p-02-1536x864.jpg 1536w\" sizes=\"auto, (max-width: 1920px) 100vw, 1920px\" \/><\/a><\/p>\n<p><a href=\"https:\/\/ostrowskatv.pl\/?attachment_id=35984\" rel=\"attachment wp-att-35984\"><img loading=\"lazy\" decoding=\"async\" src=\"https:\/\/ostrowskatv.pl\/wp-content\/uploads\/2025\/09\/sad-adrian-p-03.jpg\" alt=\"\" width=\"1920\" height=\"1080\" class=\"alignnone size-full wp-image-35984\" srcset=\"https:\/\/ostrowskatv.pl\/wp-content\/uploads\/2025\/09\/sad-adrian-p-03.jpg 1920w, https:\/\/ostrowskatv.pl\/wp-content\/uploads\/2025\/09\/sad-adrian-p-03-300x169.jpg 300w, https:\/\/ostrowskatv.pl\/wp-content\/uploads\/2025\/09\/sad-adrian-p-03-1333x750.jpg 1333w, https:\/\/ostrowskatv.pl\/wp-content\/uploads\/2025\/09\/sad-adrian-p-03-1536x864.jpg 1536w\" sizes=\"auto, (max-width: 1920px) 100vw, 1920px\" \/><\/a><\/p>\n<p><a href=\"https:\/\/ostrowskatv.pl\/?attachment_id=35985\" rel=\"attachment wp-att-35985\"><img loading=\"lazy\" decoding=\"async\" src=\"https:\/\/ostrowskatv.pl\/wp-content\/uploads\/2025\/09\/sad-adrian-p-04.jpg\" alt=\"\" width=\"1920\" height=\"1080\" class=\"alignnone size-full wp-image-35985\" srcset=\"https:\/\/ostrowskatv.pl\/wp-content\/uploads\/2025\/09\/sad-adrian-p-04.jpg 1920w, https:\/\/ostrowskatv.pl\/wp-content\/uploads\/2025\/09\/sad-adrian-p-04-300x169.jpg 300w, https:\/\/ostrowskatv.pl\/wp-content\/uploads\/2025\/09\/sad-adrian-p-04-1333x750.jpg 1333w, https:\/\/ostrowskatv.pl\/wp-content\/uploads\/2025\/09\/sad-adrian-p-04-1536x864.jpg 1536w\" sizes=\"auto, (max-width: 1920px) 100vw, 1920px\" \/><\/a><\/p>\n<p><a href=\"https:\/\/ostrowskatv.pl\/?attachment_id=35986\" rel=\"attachment wp-att-35986\"><img loading=\"lazy\" decoding=\"async\" src=\"https:\/\/ostrowskatv.pl\/wp-content\/uploads\/2025\/09\/sad-adrian-p-05.jpg\" alt=\"\" width=\"1920\" height=\"1080\" class=\"alignnone size-full wp-image-35986\" srcset=\"https:\/\/ostrowskatv.pl\/wp-content\/uploads\/2025\/09\/sad-adrian-p-05.jpg 1920w, https:\/\/ostrowskatv.pl\/wp-content\/uploads\/2025\/09\/sad-adrian-p-05-300x169.jpg 300w, https:\/\/ostrowskatv.pl\/wp-content\/uploads\/2025\/09\/sad-adrian-p-05-1333x750.jpg 1333w, https:\/\/ostrowskatv.pl\/wp-content\/uploads\/2025\/09\/sad-adrian-p-05-1536x864.jpg 1536w\" sizes=\"auto, (max-width: 1920px) 100vw, 1920px\" \/><\/a><\/p>\n<p><a href=\"https:\/\/ostrowskatv.pl\/?attachment_id=35987\" rel=\"attachment wp-att-35987\"><img loading=\"lazy\" decoding=\"async\" src=\"https:\/\/ostrowskatv.pl\/wp-content\/uploads\/2025\/09\/sad-adrian-p-06.jpg\" alt=\"\" width=\"1359\" height=\"764\" class=\"alignnone size-full wp-image-35987\" srcset=\"https:\/\/ostrowskatv.pl\/wp-content\/uploads\/2025\/09\/sad-adrian-p-06.jpg 1359w, https:\/\/ostrowskatv.pl\/wp-content\/uploads\/2025\/09\/sad-adrian-p-06-300x169.jpg 300w, https:\/\/ostrowskatv.pl\/wp-content\/uploads\/2025\/09\/sad-adrian-p-06-1333x749.jpg 1333w\" sizes=\"auto, (max-width: 1359px) 100vw, 1359px\" \/><\/a><\/p>\n<p><a href=\"https:\/\/ostrowskatv.pl\/?attachment_id=35988\" rel=\"attachment wp-att-35988\"><img loading=\"lazy\" decoding=\"async\" src=\"https:\/\/ostrowskatv.pl\/wp-content\/uploads\/2025\/09\/sad-adrian-p-07.jpg\" alt=\"\" width=\"1212\" height=\"682\" class=\"alignnone size-full wp-image-35988\" srcset=\"https:\/\/ostrowskatv.pl\/wp-content\/uploads\/2025\/09\/sad-adrian-p-07.jpg 1212w, https:\/\/ostrowskatv.pl\/wp-content\/uploads\/2025\/09\/sad-adrian-p-07-300x169.jpg 300w\" sizes=\"auto, (max-width: 1212px) 100vw, 1212px\" \/><\/a><\/p>\n<p><a href=\"https:\/\/ostrowskatv.pl\/?attachment_id=35989\" rel=\"attachment wp-att-35989\"><img loading=\"lazy\" decoding=\"async\" src=\"https:\/\/ostrowskatv.pl\/wp-content\/uploads\/2025\/09\/sad-adrian-p-08.jpg\" alt=\"\" width=\"1547\" height=\"870\" class=\"alignnone size-full wp-image-35989\" srcset=\"https:\/\/ostrowskatv.pl\/wp-content\/uploads\/2025\/09\/sad-adrian-p-08.jpg 1547w, https:\/\/ostrowskatv.pl\/wp-content\/uploads\/2025\/09\/sad-adrian-p-08-300x169.jpg 300w, https:\/\/ostrowskatv.pl\/wp-content\/uploads\/2025\/09\/sad-adrian-p-08-1333x750.jpg 1333w, https:\/\/ostrowskatv.pl\/wp-content\/uploads\/2025\/09\/sad-adrian-p-08-1536x864.jpg 1536w\" sizes=\"auto, (max-width: 1547px) 100vw, 1547px\" \/><\/a><\/p>\n<p><a href=\"https:\/\/ostrowskatv.pl\/?attachment_id=35990\" rel=\"attachment wp-att-35990\"><img loading=\"lazy\" decoding=\"async\" src=\"https:\/\/ostrowskatv.pl\/wp-content\/uploads\/2025\/09\/sad-adrian-p-09.jpg\" alt=\"\" width=\"1920\" height=\"1080\" class=\"alignnone size-full wp-image-35990\" srcset=\"https:\/\/ostrowskatv.pl\/wp-content\/uploads\/2025\/09\/sad-adrian-p-09.jpg 1920w, https:\/\/ostrowskatv.pl\/wp-content\/uploads\/2025\/09\/sad-adrian-p-09-300x169.jpg 300w, https:\/\/ostrowskatv.pl\/wp-content\/uploads\/2025\/09\/sad-adrian-p-09-1333x750.jpg 1333w, https:\/\/ostrowskatv.pl\/wp-content\/uploads\/2025\/09\/sad-adrian-p-09-1536x864.jpg 1536w\" sizes=\"auto, (max-width: 1920px) 100vw, 1920px\" \/><\/a><\/p>\n<p><a href=\"https:\/\/ostrowskatv.pl\/?attachment_id=35991\" rel=\"attachment wp-att-35991\"><img loading=\"lazy\" decoding=\"async\" src=\"https:\/\/ostrowskatv.pl\/wp-content\/uploads\/2025\/09\/sad-adrian-p-10.jpg\" alt=\"\" width=\"1920\" height=\"1080\" class=\"alignnone size-full wp-image-35991\" srcset=\"https:\/\/ostrowskatv.pl\/wp-content\/uploads\/2025\/09\/sad-adrian-p-10.jpg 1920w, https:\/\/ostrowskatv.pl\/wp-content\/uploads\/2025\/09\/sad-adrian-p-10-300x169.jpg 300w, https:\/\/ostrowskatv.pl\/wp-content\/uploads\/2025\/09\/sad-adrian-p-10-1333x750.jpg 1333w, https:\/\/ostrowskatv.pl\/wp-content\/uploads\/2025\/09\/sad-adrian-p-10-1536x864.jpg 1536w\" sizes=\"auto, (max-width: 1920px) 100vw, 1920px\" \/><\/a><\/p>\n<h3>Gro\u017aby i szarpanina w centrum miasta<\/h3>\n<p>Z pow\u00f3dztwa Tomasza Tomczaka oskar\u017conemu zarzuca si\u0119, \u017ce w listopadzie 2023 roku dopu\u015bci\u0142 si\u0119 wobec niego gr\u00f3\u017ab karalnych i agresywnej zaczepki na jednej z ulica Ostrowa Wlkp.. Podczas awantury mia\u0142o doj\u015b\u0107 do szarpaniny, w wyniku kt\u00f3rej poszkodowanemu zabrano plecak.<\/p>\n<p>Oskar\u017cyciel posi\u0142kowy domaga si\u0119 <strong>ponad roku wi\u0119zienia<\/strong>, argumentuj\u0105c, \u017ce zachowanie Adriana P. nie by\u0142o jednorazowym wybrykiem, a cz\u0119\u015bci\u0105 d\u0142u\u017cszego ci\u0105gu nagannych dzia\u0142a\u0144. &#8211; II Wojna \u015awiatowa nie wzi\u0119\u0142a si\u0119 znik\u0105d, tylko mia\u0142a \u017ar\u00f3d\u0142o w takim zachowaniu &#8211; komentowa\u0142 po rozprawie mecenas Damian Grzeszczyk.<\/p>\n<h3>Znany z nienawistnych hase\u0142<\/h3>\n<p>To nie pierwszy raz, gdy nazwisko Adriana P. pojawia si\u0119 w policyjnych aktach. M\u0119\u017cczyzna wielokrotnie by\u0142 podejrzewany o tworzenie obra\u017aliwych graffiti \u2013 w tym napis\u00f3w szkaluj\u0105cych \u015brodowisko LGBT, zawieraj\u0105cych symbole takie jak krzy\u017ce celtyckie czy rasistowskie has\u0142a.<\/p>\n<p>Jak m\u00f3wi\u0105 mieszka\u0144cy, jego zwi\u0105zki ze \u015brodowiskami faszystowskimi s\u0105 <strong>tajemnic\u0105 poliszynela<\/strong> \u2013 niejednokrotnie mia\u0142 pojawia\u0107 si\u0119 na zlotach i akcjach skrajnie prawicowych grup w ca\u0142ym kraju.<\/p>\n<h3>Zwrot akcji w s\u0105dzie<\/h3>\n<p>Cho\u0107 jeszcze w 2024 roku Adrian P. przyznawa\u0142 si\u0119 do winy, dzi\u015b w s\u0105dzie przedstawi\u0142 zupe\u0142nie inn\u0105 wersj\u0119 wydarze\u0144. Twierdzi, \u017ce sam czuje si\u0119 szykanowany i w pewien spos\u00f3b r\u00f3wnie\u017c poszkodowany. To sprawia, \u017ce przed s\u0105dem stan\u0119\u0142y <strong>dwie skrajnie r\u00f3\u017cne relacje<\/strong> \u2013 i teraz to od zezna\u0144 \u015bwiadk\u00f3w, kt\u00f3rzy maj\u0105 pojawi\u0107 si\u0119 na rozprawie 24 listopada, zale\u017ce\u0107 b\u0119dzie, w kt\u00f3r\u0105 stron\u0119 przechyli si\u0119 szala sprawiedliwo\u015bci.<\/p>\n<h3>Z sali rozpraw prosto do aresztu<\/h3>\n<p>Na tym jednak historia si\u0119 nie ko\u0144czy. Tu\u017c po opuszczeniu sali s\u0105dowej Adrian P. zosta\u0142 zatrzymany przez funkcjonariuszy policji, by z\u0142o\u017cy\u0107 zeznania w <strong>innej sprawie.<\/strong><\/p>\n<p>Czy s\u0105d uzna win\u0119 oskar\u017conego? Czy kolejne zarzuty pogr\u0105\u017c\u0105 Adriana P.? A mo\u017ce uda mu si\u0119 wybroni\u0107 dzi\u0119ki niejednoznacznym dowodom? Jedno jest pewne \u2013 ta sprawa jeszcze niejednokrotnie poruszy mieszka\u0144c\u00f3w Ostrowa.<\/p>\n","protected":false},"excerpt":{"rendered":"Atmosfera g\u0119sta od emocji, sprzeczne wersje wydarze\u0144 i kontrowersyjny bohater w roli g\u0142\u00f3wnej \u2013 tak wygl\u0105da\u0142a dzisiejsza rozprawa w S\u0105dzie Rejonowym w Ostrowie \n<a class=\"moretag\" href=\"https:\/\/ostrowskatv.pl\/?p=35982\"> [...]<\/a>","protected":false},"author":1,"featured_media":35990,"comment_status":"open","ping_status":"closed","sticky":false,"template":"","format":"standard","meta":{"footnotes":""},"categories":[1],"tags":[2],"class_list":["post-35982","post","type-post","status-publish","format-standard","has-post-thumbnail","hentry","category-news","tag-ostrow-wielkopolski"],"_links":{"self":[{"href":"https:\/\/ostrowskatv.pl\/index.php?rest_route=\/wp\/v2\/posts\/35982","targetHints":{"allow":["GET"]}}],"collection":[{"href":"https:\/\/ostrowskatv.pl\/index.php?rest_route=\/wp\/v2\/posts"}],"about":[{"href":"https:\/\/ostrowskatv.pl\/index.php?rest_route=\/wp\/v2\/types\/post"}],"author":[{"embeddable":true,"href":"https:\/\/ostrowskatv.pl\/index.php?rest_route=\/wp\/v2\/users\/1"}],"replies":[{"embeddable":true,"href":"https:\/\/ostrowskatv.pl\/index.php?rest_route=%2Fwp%2Fv2%2Fcomments&post=35982"}],"version-history":[{"count":2,"href":"https:\/\/ostrowskatv.pl\/index.php?rest_route=\/wp\/v2\/posts\/35982\/revisions"}],"predecessor-version":[{"id":35993,"href":"https:\/\/ostrowskatv.pl\/index.php?rest_route=\/wp\/v2\/posts\/35982\/revisions\/35993"}],"wp:featuredmedia":[{"embeddable":true,"href":"https:\/\/ostrowskatv.pl\/index.php?rest_route=\/wp\/v2\/media\/35990"}],"wp:attachment":[{"href":"https:\/\/ostrowskatv.pl\/index.php?rest_route=%2Fwp%2Fv2%2Fmedia&parent=35982"}],"wp:term":[{"taxonomy":"category","embeddable":true,"href":"https:\/\/ostrowskatv.pl\/index.php?rest_route=%2Fwp%2Fv2%2Fcategories&post=35982"},{"taxonomy":"post_tag","embeddable":true,"href":"https:\/\/ostrowskatv.pl\/index.php?rest_route=%2Fwp%2Fv2%2Ftags&post=35982"}],"curies":[{"name":"wp","href":"https:\/\/api.w.org\/{rel}","templated":true}]}}