{"id":35971,"date":"2025-09-14T22:44:08","date_gmt":"2025-09-14T21:44:08","guid":{"rendered":"https:\/\/ostrowskatv.pl\/?p=35971"},"modified":"2025-09-14T22:44:08","modified_gmt":"2025-09-14T21:44:08","slug":"chcial-wyrzucic-zone-z-domu-wpadl-w-powazne-tarapaty","status":"publish","type":"post","link":"https:\/\/ostrowskatv.pl\/?p=35971","title":{"rendered":"Chcia\u0142 wyrzuci\u0107 \u017con\u0119 z domu. Wpad\u0142 w powa\u017cne tarapaty"},"content":{"rendered":"<p><strong>W niedzielne przedpo\u0142udnie do ostrowskiego schroniska dla bezdomnych zwierz\u0105t zg\u0142osi\u0142a si\u0119 kobieta w dramatycznej sytuacji. Jak ustalili\u015bmy m\u0105\u017c chcia\u0142 wyrzuci\u0107 j\u0105 z domu, a zrozpaczona kobieta nie wiedzia\u0142a, co zrobi\u0107 z dwoma psami, kt\u00f3re mia\u0142a pod opiek\u0105. Pracownicy nie wahali si\u0119 ani chwili i przyj\u0119li zwierz\u0119ta pod swoj\u0105 opiek\u0119.<\/strong><\/p>\n<p><a href=\"https:\/\/ostrowskatv.pl\/?attachment_id=35975\" rel=\"attachment wp-att-35975\"><img loading=\"lazy\" decoding=\"async\" src=\"https:\/\/ostrowskatv.pl\/wp-content\/uploads\/2025\/09\/1000072591.jpg\" alt=\"\" width=\"1920\" height=\"1080\" class=\"alignnone size-full wp-image-35975\" srcset=\"https:\/\/ostrowskatv.pl\/wp-content\/uploads\/2025\/09\/1000072591.jpg 1920w, https:\/\/ostrowskatv.pl\/wp-content\/uploads\/2025\/09\/1000072591-300x169.jpg 300w, https:\/\/ostrowskatv.pl\/wp-content\/uploads\/2025\/09\/1000072591-1333x750.jpg 1333w, https:\/\/ostrowskatv.pl\/wp-content\/uploads\/2025\/09\/1000072591-1536x864.jpg 1536w\" sizes=\"auto, (max-width: 1920px) 100vw, 1920px\" \/><\/a><\/p>\n<p><a href=\"https:\/\/ostrowskatv.pl\/?attachment_id=35976\" rel=\"attachment wp-att-35976\"><img loading=\"lazy\" decoding=\"async\" src=\"https:\/\/ostrowskatv.pl\/wp-content\/uploads\/2025\/09\/1000072592.jpg\" alt=\"\" width=\"1920\" height=\"1080\" class=\"alignnone size-full wp-image-35976\" srcset=\"https:\/\/ostrowskatv.pl\/wp-content\/uploads\/2025\/09\/1000072592.jpg 1920w, https:\/\/ostrowskatv.pl\/wp-content\/uploads\/2025\/09\/1000072592-300x169.jpg 300w, https:\/\/ostrowskatv.pl\/wp-content\/uploads\/2025\/09\/1000072592-1333x750.jpg 1333w, https:\/\/ostrowskatv.pl\/wp-content\/uploads\/2025\/09\/1000072592-1536x864.jpg 1536w\" sizes=\"auto, (max-width: 1920px) 100vw, 1920px\" \/><\/a><\/p>\n<p><a href=\"https:\/\/ostrowskatv.pl\/?attachment_id=35977\" rel=\"attachment wp-att-35977\"><img loading=\"lazy\" decoding=\"async\" src=\"https:\/\/ostrowskatv.pl\/wp-content\/uploads\/2025\/09\/1000072595.jpg\" alt=\"\" width=\"1919\" height=\"1080\" class=\"alignnone size-full wp-image-35977\" srcset=\"https:\/\/ostrowskatv.pl\/wp-content\/uploads\/2025\/09\/1000072595.jpg 1919w, https:\/\/ostrowskatv.pl\/wp-content\/uploads\/2025\/09\/1000072595-300x169.jpg 300w, https:\/\/ostrowskatv.pl\/wp-content\/uploads\/2025\/09\/1000072595-1333x750.jpg 1333w, https:\/\/ostrowskatv.pl\/wp-content\/uploads\/2025\/09\/1000072595-1536x864.jpg 1536w\" sizes=\"auto, (max-width: 1919px) 100vw, 1919px\" \/><\/a><\/p>\n<p><a href=\"https:\/\/ostrowskatv.pl\/?attachment_id=35978\" rel=\"attachment wp-att-35978\"><img loading=\"lazy\" decoding=\"async\" src=\"https:\/\/ostrowskatv.pl\/wp-content\/uploads\/2025\/09\/1000072593.jpg\" alt=\"\" width=\"1920\" height=\"1327\" class=\"alignnone size-full wp-image-35978\" srcset=\"https:\/\/ostrowskatv.pl\/wp-content\/uploads\/2025\/09\/1000072593.jpg 1920w, https:\/\/ostrowskatv.pl\/wp-content\/uploads\/2025\/09\/1000072593-300x207.jpg 300w, https:\/\/ostrowskatv.pl\/wp-content\/uploads\/2025\/09\/1000072593-1333x921.jpg 1333w, https:\/\/ostrowskatv.pl\/wp-content\/uploads\/2025\/09\/1000072593-1536x1062.jpg 1536w\" sizes=\"auto, (max-width: 1920px) 100vw, 1920px\" \/><\/a><\/p>\n<p><a href=\"https:\/\/ostrowskatv.pl\/?attachment_id=35979\" rel=\"attachment wp-att-35979\"><img loading=\"lazy\" decoding=\"async\" src=\"https:\/\/ostrowskatv.pl\/wp-content\/uploads\/2025\/09\/1000072595-1.jpg\" alt=\"\" width=\"1007\" height=\"1920\" class=\"alignnone size-full wp-image-35979\" srcset=\"https:\/\/ostrowskatv.pl\/wp-content\/uploads\/2025\/09\/1000072595-1.jpg 1007w, https:\/\/ostrowskatv.pl\/wp-content\/uploads\/2025\/09\/1000072595-1-157x300.jpg 157w, https:\/\/ostrowskatv.pl\/wp-content\/uploads\/2025\/09\/1000072595-1-699x1333.jpg 699w, https:\/\/ostrowskatv.pl\/wp-content\/uploads\/2025\/09\/1000072595-1-806x1536.jpg 806w\" sizes=\"auto, (max-width: 1007px) 100vw, 1007px\" \/><\/a><\/p>\n<p>Okaza\u0142o si\u0119 jednak, \u017ce to dopiero pocz\u0105tek problem\u00f3w. Po oko\u0142o dw\u00f3ch godzinach w schronisku pojawi\u0142 si\u0119 m\u0105\u017c kobiety \u2013 kierowca BMW, kt\u00f3ry oznajmi\u0142, \u017ce chce zabra\u0107 psy. Jego zachowanie i chwiejny krok wzbudzi\u0142y czujno\u015b\u0107 personelu, kt\u00f3ry nabra\u0142 powa\u017cnych podejrze\u0144 co do jego stanu trze\u017awo\u015bci. Na miejsce wezwano policj\u0119.<\/p>\n<p>Cho\u0107 mundurowi dotarli ca\u0142kiem szybko, sytuacja i tak przybra\u0142a niepokoj\u0105cy obr\u00f3t \u2013 m\u0119\u017cczyzna zd\u0105\u017cy\u0142 usi\u0105\u015b\u0107 za kierownic\u0105 swojego auta i\u2026 zasn\u0105\u0107. Badanie alkomatem potwierdzi\u0142o przypuszczenia: 50-latek mia\u0142 w organizmie blisko 2 promile alkoholu. To jednak nie koniec, bo wysz\u0142o na jaw, \u017ce obowi\u0105zuje go zakaz prowadzenia pojazd\u00f3w.<\/p>\n<h3>Konsekwencje prawne<\/h3>\n<p>Za prowadzenie pojazdu w stanie nietrze\u017awo\u015bci (powy\u017cej 0,5 promila) polskie prawo przewiduje surowe kary. Jest to przest\u0119pstwo zagro\u017cone:<\/p>\n<ul>\n<li>grzywn\u0105, kar\u0105 ograniczenia wolno\u015bci albo pozbawienia wolno\u015bci do <strong>2 lat<\/strong>,<\/li>\n<li>zakazem prowadzenia pojazd\u00f3w od <strong>3 do 15 lat<\/strong>,<\/li>\n<li>obowi\u0105zkow\u0105 nawi\u0105zk\u0105 w wysoko\u015bci co najmniej <strong>5000 z\u0142<\/strong> na rzecz Funduszu Pomocy Pokrzywdzonym i Pomocy Postpenitencjarnej.<\/li>\n<\/ul>\n<p>Jeszcze powa\u017cniejsze skutki gro\u017c\u0105 za z\u0142amanie s\u0105dowego zakazu prowadzenia pojazd\u00f3w. W takiej sytuacji sprawca odpowiada z art. 244 Kodeksu karnego, a kara mo\u017ce wynie\u015b\u0107 nawet <strong>do 5 lat pozbawienia wolno\u015bci<\/strong>.<\/p>\n<h3>Zamiast \u201epiek\u0142a\u201d \u2013 k\u0142opoty<\/h3>\n<p>M\u0119\u017cczyzna, kt\u00f3ry chcia\u0142 zrobi\u0107 wyrzuci\u0107 \u017con\u0119 z domu, sam\u00a0 urz\u0105dzi\u0142 sobie piek\u0142o. Teraz odpowie nie tylko za jazd\u0119 w stanie nietrze\u017awo\u015bci, ale tak\u017ce za z\u0142amanie s\u0105dowego zakazu. Karma wraca.<\/p>\n","protected":false},"excerpt":{"rendered":"W niedzielne przedpo\u0142udnie do ostrowskiego schroniska dla bezdomnych zwierz\u0105t zg\u0142osi\u0142a si\u0119 kobieta w dramatycznej sytuacji. Jak ustalili\u015bmy m\u0105\u017c chcia\u0142 wyrzuci\u0107 j\u0105 z domu, \n<a class=\"moretag\" href=\"https:\/\/ostrowskatv.pl\/?p=35971\"> [...]<\/a>","protected":false},"author":1,"featured_media":35975,"comment_status":"open","ping_status":"closed","sticky":false,"template":"","format":"standard","meta":{"footnotes":""},"categories":[1],"tags":[2],"class_list":["post-35971","post","type-post","status-publish","format-standard","has-post-thumbnail","hentry","category-news","tag-ostrow-wielkopolski"],"_links":{"self":[{"href":"https:\/\/ostrowskatv.pl\/index.php?rest_route=\/wp\/v2\/posts\/35971","targetHints":{"allow":["GET"]}}],"collection":[{"href":"https:\/\/ostrowskatv.pl\/index.php?rest_route=\/wp\/v2\/posts"}],"about":[{"href":"https:\/\/ostrowskatv.pl\/index.php?rest_route=\/wp\/v2\/types\/post"}],"author":[{"embeddable":true,"href":"https:\/\/ostrowskatv.pl\/index.php?rest_route=\/wp\/v2\/users\/1"}],"replies":[{"embeddable":true,"href":"https:\/\/ostrowskatv.pl\/index.php?rest_route=%2Fwp%2Fv2%2Fcomments&post=35971"}],"version-history":[{"count":3,"href":"https:\/\/ostrowskatv.pl\/index.php?rest_route=\/wp\/v2\/posts\/35971\/revisions"}],"predecessor-version":[{"id":35980,"href":"https:\/\/ostrowskatv.pl\/index.php?rest_route=\/wp\/v2\/posts\/35971\/revisions\/35980"}],"wp:featuredmedia":[{"embeddable":true,"href":"https:\/\/ostrowskatv.pl\/index.php?rest_route=\/wp\/v2\/media\/35975"}],"wp:attachment":[{"href":"https:\/\/ostrowskatv.pl\/index.php?rest_route=%2Fwp%2Fv2%2Fmedia&parent=35971"}],"wp:term":[{"taxonomy":"category","embeddable":true,"href":"https:\/\/ostrowskatv.pl\/index.php?rest_route=%2Fwp%2Fv2%2Fcategories&post=35971"},{"taxonomy":"post_tag","embeddable":true,"href":"https:\/\/ostrowskatv.pl\/index.php?rest_route=%2Fwp%2Fv2%2Ftags&post=35971"}],"curies":[{"name":"wp","href":"https:\/\/api.w.org\/{rel}","templated":true}]}}