{"id":3597,"date":"2017-05-04T13:09:35","date_gmt":"2017-05-04T12:09:35","guid":{"rendered":"http:\/\/ostrowska.tv\/?p=3597"},"modified":"2017-05-04T13:10:14","modified_gmt":"2017-05-04T12:10:14","slug":"zoltaczka-w-przedszkolu-sala-jest-odkazana","status":"publish","type":"post","link":"https:\/\/ostrowskatv.pl\/?p=3597","title":{"rendered":"\u017b\u00f3\u0142taczka w przedszkolu. Wdro\u017cono specjalne procedury"},"content":{"rendered":"<p><strong>W weekend majowy potwierdzono zaka\u017cenie \u017c\u00f3\u0142taczk\u0105 typu A u 5-letniej dziewczynki. Dziecko chodzi\u0142o do Publicznego Przedszkola nr 7 w Ostrowie Wlkp. przy ul. Piastowskiej. Dyrekcja szko\u0142y po otrzymaniu informacji, wy\u0142\u0105czy\u0142a sal\u0119, w kt\u00f3rej przebywa\u0142o chore dziecko. Na najbli\u017cszy poniedzia\u0142ek zaplanowano spotkanie ze wszystkimi rodzicami oraz przedstawicielem Sanepidu.<\/strong><\/p>\n","protected":false},"excerpt":{"rendered":"W weekend majowy potwierdzono zaka\u017cenie \u017c\u00f3\u0142taczk\u0105 typu A u 5-letniej dziewczynki. Dziecko chodzi\u0142o do Publicznego Przedszkola nr 7 w Ostrowie Wlkp. przy ul. \n<a class=\"moretag\" href=\"https:\/\/ostrowskatv.pl\/?p=3597\"> [...]<\/a>","protected":false},"author":1,"featured_media":3598,"comment_status":"open","ping_status":"open","sticky":false,"template":"","format":"standard","meta":{"footnotes":""},"categories":[1],"tags":[2],"class_list":["post-3597","post","type-post","status-publish","format-standard","has-post-thumbnail","hentry","category-news","tag-ostrow-wielkopolski"],"_links":{"self":[{"href":"https:\/\/ostrowskatv.pl\/index.php?rest_route=\/wp\/v2\/posts\/3597","targetHints":{"allow":["GET"]}}],"collection":[{"href":"https:\/\/ostrowskatv.pl\/index.php?rest_route=\/wp\/v2\/posts"}],"about":[{"href":"https:\/\/ostrowskatv.pl\/index.php?rest_route=\/wp\/v2\/types\/post"}],"author":[{"embeddable":true,"href":"https:\/\/ostrowskatv.pl\/index.php?rest_route=\/wp\/v2\/users\/1"}],"replies":[{"embeddable":true,"href":"https:\/\/ostrowskatv.pl\/index.php?rest_route=%2Fwp%2Fv2%2Fcomments&post=3597"}],"version-history":[{"count":0,"href":"https:\/\/ostrowskatv.pl\/index.php?rest_route=\/wp\/v2\/posts\/3597\/revisions"}],"wp:featuredmedia":[{"embeddable":true,"href":"https:\/\/ostrowskatv.pl\/index.php?rest_route=\/wp\/v2\/media\/3598"}],"wp:attachment":[{"href":"https:\/\/ostrowskatv.pl\/index.php?rest_route=%2Fwp%2Fv2%2Fmedia&parent=3597"}],"wp:term":[{"taxonomy":"category","embeddable":true,"href":"https:\/\/ostrowskatv.pl\/index.php?rest_route=%2Fwp%2Fv2%2Fcategories&post=3597"},{"taxonomy":"post_tag","embeddable":true,"href":"https:\/\/ostrowskatv.pl\/index.php?rest_route=%2Fwp%2Fv2%2Ftags&post=3597"}],"curies":[{"name":"wp","href":"https:\/\/api.w.org\/{rel}","templated":true}]}}