{"id":35881,"date":"2025-09-12T17:33:00","date_gmt":"2025-09-12T16:33:00","guid":{"rendered":"https:\/\/ostrowskatv.pl\/?p=35881"},"modified":"2025-09-12T17:33:01","modified_gmt":"2025-09-12T16:33:01","slug":"manifestowali-przeciwko-tygodniowi-lgbt-oto-co-mowili","status":"publish","type":"post","link":"https:\/\/ostrowskatv.pl\/?p=35881","title":{"rendered":"Manifestowali przeciwko tygodniowi LGBT &#8211; oto co m\u00f3wili"},"content":{"rendered":"<p data-start=\"271\" data-end=\"630\"><strong>W pi\u0105tek w Ostrowie Wielkopolskim mia\u0142a miejsce manifestacja \u015brodowisk katolicko-patriotycznych przeciwko organizowanemu w tym samym czasie Tygodniowi Kultury Queer. Demonstranci zgromadzili si\u0119 przed Bibliotek\u0105 G\u0142\u00f3wn\u0105, sk\u0105d prowadzili protest s\u0142owny, z transparentami i has\u0142ami, kt\u00f3rych tre\u015b\u0107 budzi silne emocje i kontrowersje. Poni\u017cej kluczowe elementy:<\/strong><\/p>\n<ul data-start=\"632\" data-end=\"2025\">\n<li data-start=\"632\" data-end=\"870\">\n<p data-start=\"634\" data-end=\"659\"><strong data-start=\"634\" data-end=\"659\">Transparenty i has\u0142a:<\/strong><\/p>\n<ol data-start=\"662\" data-end=\"870\">\n<li data-start=\"662\" data-end=\"826\">\n<p data-start=\"665\" data-end=\"826\">\u201eRz\u0105d Tuska chce uczy\u0107 dzieci: \u2013 4-latki masturbacji, \u2013 6-latki wyra\u017cania zgody na seks, 9-latki pierwszych do\u015bwiadcze\u0144 seksualnych i orgazmu. STOP PEDOFILII.\u201d<\/p>\n<\/li>\n<li data-start=\"829\" data-end=\"870\">\n<p data-start=\"832\" data-end=\"870\">\u201eTranzycja okaleczy\u0142a tysi\u0105ce dzieci.\u201d<\/p>\n<\/li>\n<\/ol>\n<\/li>\n<li data-start=\"872\" data-end=\"1139\">\n<p data-start=\"874\" data-end=\"926\"><strong data-start=\"874\" data-end=\"926\">Wypowiedzi demonstruj\u0105cych i skandowane slogany:<\/strong><\/p>\n<ul data-start=\"929\" data-end=\"1139\">\n<li data-start=\"929\" data-end=\"997\">\n<p data-start=\"931\" data-end=\"997\">Krytyka \u015brodowisk LGBT jako aktywist\u00f3w promuj\u0105cych \u201eniecne idea\u0142y\u201d<\/p>\n<\/li>\n<li data-start=\"1000\" data-end=\"1032\">\n<p data-start=\"1002\" data-end=\"1032\">\u201eR\u0119ce precz od naszych dzieci\u201d<\/p>\n<\/li>\n<li data-start=\"1035\" data-end=\"1054\">\n<p data-start=\"1037\" data-end=\"1054\">\u201eStop zboczeniom\u201d<\/p>\n<\/li>\n<li data-start=\"1057\" data-end=\"1139\">\n<p data-start=\"1059\" data-end=\"1139\">Pytania: \u201eSk\u0105d te \u015brodowiska bior\u0105 pieni\u0105dze na swoj\u0105 og\u00f3lnopolsk\u0105 dzia\u0142alno\u015b\u0107?\u201d<\/p>\n<\/li>\n<\/ul>\n<\/li>\n<li data-start=\"1141\" data-end=\"1412\">\n<p data-start=\"1143\" data-end=\"1412\"><strong data-start=\"1143\" data-end=\"1210\">Odniesienia do Calisia Pride i Banku R\u00f3wno\u015bci z Kalisza (2023):<\/strong> postulaty wymieniane przez demonstruj\u0105cych to m.in. r\u00f3wno\u015b\u0107 ma\u0142\u017ce\u0144ska, adopcja dzieci przez pary jednop\u0142ciowe, prawne uznanie t\u0119czowych rodzin, prawo do aborcji, edukacja seksualna w ka\u017cdej szkole itd.<\/p>\n<\/li>\n<li data-start=\"1414\" data-end=\"1553\">\n<p data-start=\"1416\" data-end=\"1553\"><strong data-start=\"1416\" data-end=\"1456\">Tematy zwi\u0105zane z tranzycj\u0105 p\u0142ciowe:<\/strong> manifestuj\u0105cy omawiali szkodliwo\u015b\u0107 tranzycji p\u0142ci, traktuj\u0105c j\u0105 jako zjawisko krzywdz\u0105ce dzieci.<\/p>\n<\/li>\n<li data-start=\"1555\" data-end=\"1849\">\n<p data-start=\"1557\" data-end=\"1849\"><strong data-start=\"1557\" data-end=\"1598\">Nowy przedmiot \u201eEdukacji Zdrowotnej\u201d:<\/strong> podczas protestu wskazywano, \u017ce materia\u0142y dla si\u00f3dmoklasist\u00f3w maj\u0105 zawiera\u0107 m.in.: wyja\u015bnienie takich poj\u0119\u0107 jak orientacja psychoseksualna, biologiczna p\u0142e\u0107 vs ekspresja p\u0142ciowa, przynale\u017cno\u015b\u0107 do LGBT+; m\u00f3wiono tak\u017ce o aspektach zwi\u0105zanych z sodomi\u0105.<\/p>\n<\/li>\n<li data-start=\"1851\" data-end=\"2025\">\n<p data-start=\"1853\" data-end=\"2025\"><strong data-start=\"1853\" data-end=\"1885\">Bezpiecze\u0144stwo manifestacji:<\/strong> obecno\u015b\u0107 policji; brak incydent\u00f3w czy konfrontacji z uczestnikami wydarzenia w bibliotece; deszcz, kt\u00f3ry \u2013 wed\u0142ug relacji \u2013 studzi\u0142 emocje.<\/p>\n<\/li>\n<\/ul>\n<h2 data-start=\"2032\" data-end=\"2083\">Sprawdzone fakty \u2014 co wiadomo, co si\u0119 potwierdza<\/h2>\n<p data-start=\"2085\" data-end=\"2201\">Aby zweryfikowa\u0107 cz\u0119\u015b\u0107 zarzut\u00f3w i twierdze\u0144, przyjrza\u0142em si\u0119 dokumentom prawnym i oficjalnym materia\u0142om edukacyjnym.<\/p>\n<ol data-start=\"2203\" data-end=\"5609\">\n<li data-start=\"2203\" data-end=\"2384\">\n<p data-start=\"2206\" data-end=\"2384\"><strong data-start=\"2206\" data-end=\"2267\">Edukacja zdrowotna \u2014 nowy przedmiot od 1 wrze\u015bnia 2025 r.<\/strong><br data-start=\"2267\" data-end=\"2270\" \/>Tak \u2014 \u201eedukacja zdrowotna\u201d zosta\u0142a wprowadzona jako przedmiot w szko\u0142ach.<\/p>\n<\/li>\n<li data-start=\"2386\" data-end=\"2936\">\n<p data-start=\"2389\" data-end=\"2432\"><strong data-start=\"2389\" data-end=\"2432\">Zakres materia\u0142\u00f3w dost\u0119pnych dla szk\u00f3\u0142:<\/strong><\/p>\n<ul data-start=\"2436\" data-end=\"2936\">\n<li data-start=\"2436\" data-end=\"2680\">\n<p data-start=\"2438\" data-end=\"2680\">Na stronie MEN (Ministerstwa Edukacji Narodowej) i Zintegrowanej Platformy Edukacyjnej znajduj\u0105 si\u0119 <em data-start=\"2538\" data-end=\"2558\">programy nauczania<\/em>, materia\u0142y dla nauczycieli i uczni\u00f3w, scenariusze lekcji, poradniki, informatory. <span class=\"\" data-state=\"closed\"><span class=\"ms-1 inline-flex max-w-full items-center relative top-[-0.094rem] animate-[show_150ms_ease-in]\" data-testid=\"webpage-citation-pill\"><a class=\"flex h-4.5 overflow-hidden rounded-xl px-2 text-[9px] font-medium text-token-text-secondary! bg-[#F4F4F4]! dark:bg-[#303030]! transition-colors duration-150 ease-in-out\" href=\"https:\/\/zpe.gov.pl\/edukacja-zdrowotna?utm_source=chatgpt.com\" target=\"_blank\" rel=\"noopener\"><span class=\"relative start-0 bottom-0 flex h-full w-full items-center\"><span class=\"flex h-4 w-full items-center justify-between absolute\"><span class=\"max-w-[15ch] grow truncate overflow-hidden text-center\">Gov.pl<\/span><span class=\"-me-1 flex h-full items-center rounded-full px-1 text-[#8F8F8F]\">+3<\/span><\/span><span class=\"flex h-4 w-full items-center justify-between\"><span class=\"max-w-[15ch] grow truncate overflow-hidden text-center\">Zintegrowana Platforma Edukacyjna<\/span><span class=\"-me-1 flex h-full items-center rounded-full px-1 text-[#8F8F8F]\">+3<\/span><\/span><span class=\"flex h-4 w-full items-center justify-between absolute\"><span class=\"max-w-[15ch] grow truncate overflow-hidden text-center\">Kuratorium O\u015bwiaty w Poznaniu<\/span><span class=\"-me-1 flex h-full items-center rounded-full px-1 text-[#8F8F8F]\">+3<\/span><\/span><\/span><\/a><\/span><\/span><\/p>\n<\/li>\n<li data-start=\"2684\" data-end=\"2936\">\n<p data-start=\"2686\" data-end=\"2936\">Ulotki informacyjne zosta\u0142y przekazane do kuratori\u00f3w o\u015bwiaty, zawieraj\u0105 szczeg\u00f3\u0142owe informacje o zakresie i celach nowego przedmiotu, dostosowane do etap\u00f3w edukacyjnych (klasy IV-VI, VII-VIII szko\u0142y podstawowej).<\/p>\n<\/li>\n<\/ul>\n<\/li>\n<li data-start=\"2938\" data-end=\"3454\">\n<p data-start=\"2941\" data-end=\"2970\"><strong data-start=\"2941\" data-end=\"2970\">Tre\u015bci formalne programu:<\/strong><\/p>\n<ul data-start=\"2974\" data-end=\"3454\">\n<li data-start=\"2974\" data-end=\"3254\">\n<p data-start=\"2976\" data-end=\"3254\">W Rozporz\u0105dzeniu Ministra Edukacji z 6 marca 2025 r. znajduje si\u0119 \u00a7 dotycz\u0105cy przedmiotu edukacja zdrowotna. Wymagania og\u00f3lne programowe m\u00f3wi\u0105 o wszystkich wymiarach zdrowia: fizycznym, psychicznym, spo\u0142ecznym, seksualnym i \u015brodowiskowym.<\/p>\n<\/li>\n<\/ul>\n<\/li>\n<li data-start=\"3456\" data-end=\"4508\">\n<p data-start=\"3459\" data-end=\"3586\"><strong data-start=\"3459\" data-end=\"3586\">Czy materia\u0142y przewiduj\u0105 to, o czym m\u00f3wi\u0105 manifestuj\u0105cy (np. orientacja seksualna \/ biologiczna p\u0142e\u0107 vs ekspresja p\u0142ciowa)?<\/strong><\/p>\n<ul data-start=\"3591\" data-end=\"4508\">\n<li data-start=\"3911\" data-end=\"4081\">\n<p data-start=\"3913\" data-end=\"4081\">Zgodnie z dokumentami, program przewiduje <strong data-start=\"3955\" data-end=\"3970\">seksualno\u015b\u0107<\/strong> jako jeden z wymiar\u00f3w zdrowia (wymiar seksualny) oraz <strong data-start=\"4025\" data-end=\"4040\">dojrzewanie<\/strong>. <span class=\"\" data-state=\"closed\"><span class=\"ms-1 inline-flex max-w-full items-center relative top-[-0.094rem] animate-[show_150ms_ease-in]\" data-testid=\"webpage-citation-pill\"><a class=\"flex h-4.5 overflow-hidden rounded-xl px-2 text-[9px] font-medium text-token-text-secondary! bg-[#F4F4F4]! dark:bg-[#303030]! transition-colors duration-150 ease-in-out\" href=\"https:\/\/dziennikustaw.gov.pl\/D2025000037801.pdf?utm_source=chatgpt.com\" target=\"_blank\" rel=\"noopener\"><span class=\"relative start-0 bottom-0 flex h-full w-full items-center\"><span class=\"flex h-4 w-full items-center justify-between\"><span class=\"max-w-[15ch] grow truncate overflow-hidden text-center\">Dziennik Ustaw<\/span><span class=\"-me-1 flex h-full items-center rounded-full px-1 text-[#8F8F8F]\">+2<\/span><\/span><span class=\"flex h-4 w-full items-center justify-between absolute\"><span class=\"max-w-[15ch] grow truncate overflow-hidden text-center\">Zintegrowana Platforma Edukacyjna<\/span><span class=\"-me-1 flex h-full items-center rounded-full px-1 text-[#8F8F8F]\">+2<\/span><\/span><\/span><\/a><\/span><\/span><\/p>\n<\/li>\n<li data-start=\"4089\" data-end=\"4508\">\n<p data-start=\"4091\" data-end=\"4508\">Nie znaleziono bezpo\u015bredniego potwierdzenia, by materia\u0142y dla klasy si\u00f3dmej <em data-start=\"4151\" data-end=\"4164\">explicitnie<\/em> definiowa\u0142y \u201eekspresj\u0119 p\u0142ciow\u0105\u201d vs \u201ep\u0142e\u0107 biologiczn\u0105\u201d w kontek\u015bcie LGBT w spos\u00f3b, w jaki to zosta\u0142o przedstawione przez manifestuj\u0105cych. Program m\u00f3wi o rozumieniu i akceptacji przemian biologicznych oraz seksualnych, ale forma i szczeg\u00f3\u0142owo\u015b\u0107 omawianych zagadnie\u0144 pozostawia pewn\u0105 mo\u017cliwo\u015b\u0107 interpretacji. <span class=\"\" data-state=\"closed\"><span class=\"ms-1 inline-flex max-w-full items-center relative top-[-0.094rem] animate-[show_150ms_ease-in]\" data-testid=\"webpage-citation-pill\"><a class=\"flex h-4.5 overflow-hidden rounded-xl px-2 text-[9px] font-medium text-token-text-secondary! bg-[#F4F4F4]! dark:bg-[#303030]! transition-colors duration-150 ease-in-out\" href=\"https:\/\/dziennikustaw.gov.pl\/D2025000037801.pdf?utm_source=chatgpt.com\" target=\"_blank\" rel=\"noopener\"><span class=\"relative start-0 bottom-0 flex h-full w-full items-center\"><span class=\"flex h-4 w-full items-center justify-between\"><span class=\"max-w-[15ch] grow truncate overflow-hidden text-center\">Dziennik Ustaw<\/span><span class=\"-me-1 flex h-full items-center rounded-full px-1 text-[#8F8F8F]\">+1<\/span><\/span><\/span><\/a><\/span><\/span><\/p>\n<\/li>\n<\/ul>\n<\/li>\n<li data-start=\"4510\" data-end=\"5609\">\n<p data-start=\"4513\" data-end=\"4570\"><strong data-start=\"4513\" data-end=\"4570\">Tranzycja p\u0142ci, zagro\u017cenia, szkodliwo\u015b\u0107 \u2014 co to jest?<\/strong><\/p>\n<ul data-start=\"4575\" data-end=\"5609\">\n<li data-start=\"4575\" data-end=\"4984\">\n<p data-start=\"4577\" data-end=\"4984\"><strong data-start=\"4577\" data-end=\"4598\">Tranzycja p\u0142ciowa<\/strong> \u2014 to proces, w kt\u00f3rym osoba transp\u0142ciowa (czyli taka, kt\u00f3rej to\u017csamo\u015b\u0107 p\u0142ciowa nie pokrywa si\u0119 z przypisan\u0105 przy urodzeniu) podejmuje dzia\u0142ania maj\u0105ce na celu bycie postrzegan\u0105 zgodnie z w\u0142asn\u0105 to\u017csamo\u015bci\u0105 p\u0142ciow\u0105. Mo\u017ce obejmowa\u0107 terapi\u0119 hormonaln\u0105, interwencje chirurgiczne, zmian\u0119 stroju, zachowania, imienia i zaimka, oraz inne aspekty spo\u0142ecznej, prawnej i medycznej identyfikacji.<\/p>\n<\/li>\n<li data-start=\"4989\" data-end=\"5323\">\n<p data-start=\"4991\" data-end=\"5323\">W kontek\u015bcie dzieci i m\u0142odzie\u017cy jest to obszar bardzo delikatny i uregulowany \u2014 w wielu krajach standardy medyczne przewiduj\u0105 konsultacje psychologiczne\/psychiatryczne, wsparcie specjalist\u00f3w i etapowe podej\u015bcie. Nie ka\u017cde dziecko przechodz\u0105ce faz\u0119 eksploracji swojej to\u017csamo\u015bci p\u0142ciowej b\u0119dzie decydowa\u0107 si\u0119 na interwencje medyczne.<\/p>\n<\/li>\n<\/ul>\n<\/li>\n<\/ol>\n<ul>\n<li data-start=\"5330\" data-end=\"5609\">Manifestuj\u0105cy twierdz\u0105, \u017ce tranzycja \u201eokaleczy\u0142a tysi\u0105ce dzieci\u201d.<\/li>\n<\/ul>\n<p data-start=\"5330\" data-end=\"5609\">Manifestacja w Ostrowie Wielkopolskim jest wyrazem silnych obaw cz\u0119\u015bci spo\u0142ecze\u0144stwa wobec zmian w edukacji oraz wobec idei, kt\u00f3re uwa\u017ca si\u0119 za sprzeczne z tradycyjnymi warto\u015bciami.<\/p>\n<p data-start=\"8982\" data-end=\"9147\">Transparentno\u015b\u0107, dialog mi\u0119dzy szko\u0142ami, rodzicami, ekspertami, oraz precyzyjne i jasne materia\u0142y edukacyjne b\u0119d\u0105 kluczowe, by zmniejsza\u0107 napi\u0119cia i nieporozumienia.<\/p>\n<figure id=\"attachment_35882\" aria-describedby=\"caption-attachment-35882\" style=\"width: 1919px\" class=\"wp-caption alignnone\"><a href=\"https:\/\/ostrowskatv.pl\/?attachment_id=35882\" rel=\"attachment wp-att-35882\"><img loading=\"lazy\" decoding=\"async\" class=\"size-full wp-image-35882\" src=\"https:\/\/ostrowskatv.pl\/wp-content\/uploads\/2025\/09\/1000072387.jpg\" alt=\"\" width=\"1919\" height=\"1080\" srcset=\"https:\/\/ostrowskatv.pl\/wp-content\/uploads\/2025\/09\/1000072387.jpg 1919w, https:\/\/ostrowskatv.pl\/wp-content\/uploads\/2025\/09\/1000072387-300x169.jpg 300w, https:\/\/ostrowskatv.pl\/wp-content\/uploads\/2025\/09\/1000072387-1333x750.jpg 1333w, https:\/\/ostrowskatv.pl\/wp-content\/uploads\/2025\/09\/1000072387-1536x864.jpg 1536w\" sizes=\"auto, (max-width: 1919px) 100vw, 1919px\" \/><\/a><figcaption id=\"caption-attachment-35882\" class=\"wp-caption-text\">format: 2; filter: 0; fileterIntensity: 0.0; filterMask: 0; captureOrientation: 0;<br \/>runfunc: 0; algolist: 0;<br \/>multi-frame: 1;<br \/>brp_mask:0;<br \/>brp_del_th:0.0000,0.0000;<br \/>brp_del_sen:0.0000,0.0000;<br \/>motionR: 0;<br \/>delta:1;<br \/>bokeh:1;<br \/>module: photo;hw-remosaic: false;touch: (-1.0, -1.0);sceneMode: 12582912;cct_value: 0;AI_Scene: (-1, -1);aec_lux: 272.43597;aec_lux_index: 0;albedo: ;confidence: ;motionLevel: -1;weatherinfo: weather?Mostly cloudy, icon:1, weatherInfo:100;temperature: 39;zeissColor: nature;<\/figcaption><\/figure>\n<figure id=\"attachment_35883\" aria-describedby=\"caption-attachment-35883\" style=\"width: 1919px\" class=\"wp-caption alignnone\"><a href=\"https:\/\/ostrowskatv.pl\/?attachment_id=35883\" rel=\"attachment wp-att-35883\"><img loading=\"lazy\" decoding=\"async\" class=\"size-full wp-image-35883\" src=\"https:\/\/ostrowskatv.pl\/wp-content\/uploads\/2025\/09\/1000072386.jpg\" alt=\"\" width=\"1919\" height=\"1080\" srcset=\"https:\/\/ostrowskatv.pl\/wp-content\/uploads\/2025\/09\/1000072386.jpg 1919w, https:\/\/ostrowskatv.pl\/wp-content\/uploads\/2025\/09\/1000072386-300x169.jpg 300w, https:\/\/ostrowskatv.pl\/wp-content\/uploads\/2025\/09\/1000072386-1333x750.jpg 1333w, https:\/\/ostrowskatv.pl\/wp-content\/uploads\/2025\/09\/1000072386-1536x864.jpg 1536w\" sizes=\"auto, (max-width: 1919px) 100vw, 1919px\" \/><\/a><figcaption id=\"caption-attachment-35883\" class=\"wp-caption-text\">format: 2; filter: 0; fileterIntensity: 0.0; filterMask: 0; captureOrientation: 0;<br \/>runfunc: 0; algolist: 0;<br \/>multi-frame: 1;<br \/>brp_mask:0;<br \/>brp_del_th:0.0000,0.0000;<br \/>brp_del_sen:0.0000,0.0000;<br \/>motionR: 0;<br \/>delta:1;<br \/>bokeh:1;<br \/>module: photo;hw-remosaic: false;touch: (-1.0, -1.0);sceneMode: 13107200;cct_value: 0;AI_Scene: (0, 0);aec_lux: 272.1843;aec_lux_index: 0;albedo: ;confidence: ;motionLevel: -1;weatherinfo: weather?Sunny, icon:0, weatherInfo:100;temperature: 35;zeissColor: nature;<\/figcaption><\/figure>\n<figure id=\"attachment_35884\" aria-describedby=\"caption-attachment-35884\" style=\"width: 1360px\" class=\"wp-caption alignnone\"><a href=\"https:\/\/ostrowskatv.pl\/?attachment_id=35884\" rel=\"attachment wp-att-35884\"><img loading=\"lazy\" decoding=\"async\" class=\"size-full wp-image-35884\" src=\"https:\/\/ostrowskatv.pl\/wp-content\/uploads\/2025\/09\/1000072384.jpg\" alt=\"\" width=\"1360\" height=\"1920\" srcset=\"https:\/\/ostrowskatv.pl\/wp-content\/uploads\/2025\/09\/1000072384.jpg 1360w, https:\/\/ostrowskatv.pl\/wp-content\/uploads\/2025\/09\/1000072384-213x300.jpg 213w, https:\/\/ostrowskatv.pl\/wp-content\/uploads\/2025\/09\/1000072384-944x1333.jpg 944w, https:\/\/ostrowskatv.pl\/wp-content\/uploads\/2025\/09\/1000072384-1088x1536.jpg 1088w\" sizes=\"auto, (max-width: 1360px) 100vw, 1360px\" \/><\/a><figcaption id=\"caption-attachment-35884\" class=\"wp-caption-text\">format: 2; filter: 0; fileterIntensity: 0.0; filterMask: 0; captureOrientation: 90;<br \/>runfunc: 0; algolist: 0;<br \/>multi-frame: 1;<br \/>brp_mask:0;<br \/>brp_del_th:0.0000,0.0000;<br \/>brp_del_sen:0.0000,0.0000;<br \/>motionR: 0;<br \/>delta:1;<br \/>bokeh:1;<br \/>module: photo;hw-remosaic: false;touch: (-1.0, -1.0);sceneMode: 12582912;cct_value: 0;AI_Scene: (-1, -1);aec_lux: 246.52847;aec_lux_index: 0;albedo: ;confidence: ;motionLevel: 0;weatherinfo: weather?Sunny, icon:0, weatherInfo:100;temperature: 35;zeissColor: nature;<\/figcaption><\/figure>\n<figure id=\"attachment_35885\" aria-describedby=\"caption-attachment-35885\" style=\"width: 1919px\" class=\"wp-caption alignnone\"><a href=\"https:\/\/ostrowskatv.pl\/?attachment_id=35885\" rel=\"attachment wp-att-35885\"><img loading=\"lazy\" decoding=\"async\" class=\"size-full wp-image-35885\" src=\"https:\/\/ostrowskatv.pl\/wp-content\/uploads\/2025\/09\/1000072382.jpg\" alt=\"\" width=\"1919\" height=\"1080\" srcset=\"https:\/\/ostrowskatv.pl\/wp-content\/uploads\/2025\/09\/1000072382.jpg 1919w, https:\/\/ostrowskatv.pl\/wp-content\/uploads\/2025\/09\/1000072382-300x169.jpg 300w, https:\/\/ostrowskatv.pl\/wp-content\/uploads\/2025\/09\/1000072382-1333x750.jpg 1333w, https:\/\/ostrowskatv.pl\/wp-content\/uploads\/2025\/09\/1000072382-1536x864.jpg 1536w\" sizes=\"auto, (max-width: 1919px) 100vw, 1919px\" \/><\/a><figcaption id=\"caption-attachment-35885\" class=\"wp-caption-text\">format: 2; filter: 0; fileterIntensity: 0.0; filterMask: 0; captureOrientation: 0;<br \/>runfunc: 0; algolist: 0;<br \/>multi-frame: 1;<br \/>brp_mask:0;<br \/>brp_del_th:0.0000,0.0000;<br \/>brp_del_sen:0.0000,0.0000;<br \/>motionR: 0;<br \/>delta:1;<br \/>bokeh:1;<br \/>module: photo;hw-remosaic: false;touch: (-1.0, -1.0);sceneMode: 12582912;cct_value: 0;AI_Scene: (-1, -1);aec_lux: 274.5206;aec_lux_index: 0;albedo: ;confidence: ;motionLevel: 0;weatherinfo: weather?Sunny, icon:0, weatherInfo:100;temperature: 35;zeissColor: nature;<\/figcaption><\/figure>\n<figure id=\"attachment_35886\" aria-describedby=\"caption-attachment-35886\" style=\"width: 1920px\" class=\"wp-caption alignnone\"><a href=\"https:\/\/ostrowskatv.pl\/?attachment_id=35886\" rel=\"attachment wp-att-35886\"><img loading=\"lazy\" decoding=\"async\" class=\"size-full wp-image-35886\" src=\"https:\/\/ostrowskatv.pl\/wp-content\/uploads\/2025\/09\/1000072381.jpg\" alt=\"\" width=\"1920\" height=\"1231\" srcset=\"https:\/\/ostrowskatv.pl\/wp-content\/uploads\/2025\/09\/1000072381.jpg 1920w, https:\/\/ostrowskatv.pl\/wp-content\/uploads\/2025\/09\/1000072381-300x192.jpg 300w, https:\/\/ostrowskatv.pl\/wp-content\/uploads\/2025\/09\/1000072381-1333x855.jpg 1333w, https:\/\/ostrowskatv.pl\/wp-content\/uploads\/2025\/09\/1000072381-1536x985.jpg 1536w\" sizes=\"auto, (max-width: 1920px) 100vw, 1920px\" \/><\/a><figcaption id=\"caption-attachment-35886\" class=\"wp-caption-text\">format: 2; filter: 0; fileterIntensity: 0.0; filterMask: 0; captureOrientation: 0;<br \/>runfunc: 0; algolist: 0;<br \/>multi-frame: 1;<br \/>brp_mask:0;<br \/>brp_del_th:0.0000,0.0000;<br \/>brp_del_sen:0.0000,0.0000;<br \/>motionR: 0;<br \/>delta:1;<br \/>bokeh:1;<br \/>module: photo;hw-remosaic: false;touch: (-1.0, -1.0);sceneMode: 12582912;cct_value: 0;AI_Scene: (-1, -1);aec_lux: 0.0;aec_lux_index: 0;albedo: ;confidence: ;motionLevel: -1;weatherinfo: weather?Sunny, icon:0, weatherInfo:100;temperature: 34;zeissColor: nature;<\/figcaption><\/figure>\n<figure id=\"attachment_35887\" aria-describedby=\"caption-attachment-35887\" style=\"width: 1919px\" class=\"wp-caption alignnone\"><a href=\"https:\/\/ostrowskatv.pl\/?attachment_id=35887\" rel=\"attachment wp-att-35887\"><img loading=\"lazy\" decoding=\"async\" class=\"size-full wp-image-35887\" src=\"https:\/\/ostrowskatv.pl\/wp-content\/uploads\/2025\/09\/1000072379.jpg\" alt=\"\" width=\"1919\" height=\"1080\" srcset=\"https:\/\/ostrowskatv.pl\/wp-content\/uploads\/2025\/09\/1000072379.jpg 1919w, https:\/\/ostrowskatv.pl\/wp-content\/uploads\/2025\/09\/1000072379-300x169.jpg 300w, https:\/\/ostrowskatv.pl\/wp-content\/uploads\/2025\/09\/1000072379-1333x750.jpg 1333w, https:\/\/ostrowskatv.pl\/wp-content\/uploads\/2025\/09\/1000072379-1536x864.jpg 1536w\" sizes=\"auto, (max-width: 1919px) 100vw, 1919px\" \/><\/a><figcaption id=\"caption-attachment-35887\" class=\"wp-caption-text\">format: 2; filter: 0; fileterIntensity: 0.0; filterMask: 0; captureOrientation: 0;<br \/>runfunc: 0; algolist: 0;<br \/>multi-frame: 1;<br \/>brp_mask:0;<br \/>brp_del_th:0.0000,0.0000;<br \/>brp_del_sen:0.0000,0.0000;<br \/>motionR: 0;<br \/>delta:1;<br \/>bokeh:1;<br \/>module: photo;hw-remosaic: false;touch: (-1.0, -1.0);sceneMode: 12582912;cct_value: 0;AI_Scene: (200, 0);aec_lux: 258.45105;aec_lux_index: 0;albedo: ;confidence: ;motionLevel: 0;weatherinfo: weather?Sunny, icon:0, weatherInfo:100;temperature: 36;zeissColor: nature;<\/figcaption><\/figure>\n<figure id=\"attachment_35888\" aria-describedby=\"caption-attachment-35888\" style=\"width: 1920px\" class=\"wp-caption alignnone\"><a href=\"https:\/\/ostrowskatv.pl\/?attachment_id=35888\" rel=\"attachment wp-att-35888\"><img loading=\"lazy\" decoding=\"async\" class=\"size-full wp-image-35888\" src=\"https:\/\/ostrowskatv.pl\/wp-content\/uploads\/2025\/09\/1000072378.jpg\" alt=\"\" width=\"1920\" height=\"1161\" srcset=\"https:\/\/ostrowskatv.pl\/wp-content\/uploads\/2025\/09\/1000072378.jpg 1920w, https:\/\/ostrowskatv.pl\/wp-content\/uploads\/2025\/09\/1000072378-300x181.jpg 300w, https:\/\/ostrowskatv.pl\/wp-content\/uploads\/2025\/09\/1000072378-1333x806.jpg 1333w, https:\/\/ostrowskatv.pl\/wp-content\/uploads\/2025\/09\/1000072378-1536x929.jpg 1536w\" sizes=\"auto, (max-width: 1920px) 100vw, 1920px\" \/><\/a><figcaption id=\"caption-attachment-35888\" class=\"wp-caption-text\">format: 2; filter: 0; fileterIntensity: 0.0; filterMask: 0; captureOrientation: 0;<br \/>runfunc: 0; algolist: 0;<br \/>multi-frame: 1;<br \/>brp_mask:0;<br \/>brp_del_th:0.0000,0.0000;<br \/>brp_del_sen:0.0000,0.0000;<br \/>motionR: 0;<br \/>delta:1;<br \/>bokeh:1;<br \/>module: photo;hw-remosaic: false;touch: (-1.0, -1.0);sceneMode: 12582912;cct_value: 0;AI_Scene: (-1, -1);aec_lux: 253.55087;aec_lux_index: 0;albedo: ;confidence: ;motionLevel: 0;weatherinfo: weather?Sunny, icon:0, weatherInfo:100;temperature: 36;zeissColor: nature;<\/figcaption><\/figure>\n<figure id=\"attachment_35889\" aria-describedby=\"caption-attachment-35889\" style=\"width: 1920px\" class=\"wp-caption alignnone\"><a href=\"https:\/\/ostrowskatv.pl\/?attachment_id=35889\" rel=\"attachment wp-att-35889\"><img loading=\"lazy\" decoding=\"async\" class=\"size-full wp-image-35889\" src=\"https:\/\/ostrowskatv.pl\/wp-content\/uploads\/2025\/09\/1000072377.jpg\" alt=\"\" width=\"1920\" height=\"783\" srcset=\"https:\/\/ostrowskatv.pl\/wp-content\/uploads\/2025\/09\/1000072377.jpg 1920w, https:\/\/ostrowskatv.pl\/wp-content\/uploads\/2025\/09\/1000072377-300x122.jpg 300w, https:\/\/ostrowskatv.pl\/wp-content\/uploads\/2025\/09\/1000072377-1333x544.jpg 1333w, https:\/\/ostrowskatv.pl\/wp-content\/uploads\/2025\/09\/1000072377-1536x626.jpg 1536w\" sizes=\"auto, (max-width: 1920px) 100vw, 1920px\" \/><\/a><figcaption id=\"caption-attachment-35889\" class=\"wp-caption-text\">format: 2; filter: 0; fileterIntensity: 0.0; filterMask: 0; captureOrientation: 0;<br \/>runfunc: 0; algolist: 0;<br \/>multi-frame: 1;<br \/>brp_mask:0;<br \/>brp_del_th:0.0000,0.0000;<br \/>brp_del_sen:0.0000,0.0000;<br \/>motionR: 0;<br \/>delta:1;<br \/>bokeh:1;<br \/>module: photo;hw-remosaic: false;touch: (-1.0, -1.0);sceneMode: 12582912;cct_value: 0;AI_Scene: (-1, -1);aec_lux: 213.72784;aec_lux_index: 0;albedo: ;confidence: ;motionLevel: 3;weatherinfo: weather?Sunny, icon:0, weatherInfo:100;temperature: 35;zeissColor: nature;<\/figcaption><\/figure>\n<figure id=\"attachment_35890\" aria-describedby=\"caption-attachment-35890\" style=\"width: 1919px\" class=\"wp-caption alignnone\"><a href=\"https:\/\/ostrowskatv.pl\/?attachment_id=35890\" rel=\"attachment wp-att-35890\"><img loading=\"lazy\" decoding=\"async\" class=\"size-full wp-image-35890\" src=\"https:\/\/ostrowskatv.pl\/wp-content\/uploads\/2025\/09\/1000072376.jpg\" alt=\"\" width=\"1919\" height=\"1556\" srcset=\"https:\/\/ostrowskatv.pl\/wp-content\/uploads\/2025\/09\/1000072376.jpg 1919w, https:\/\/ostrowskatv.pl\/wp-content\/uploads\/2025\/09\/1000072376-300x243.jpg 300w, https:\/\/ostrowskatv.pl\/wp-content\/uploads\/2025\/09\/1000072376-1333x1081.jpg 1333w, https:\/\/ostrowskatv.pl\/wp-content\/uploads\/2025\/09\/1000072376-1536x1245.jpg 1536w\" sizes=\"auto, (max-width: 1919px) 100vw, 1919px\" \/><\/a><figcaption id=\"caption-attachment-35890\" class=\"wp-caption-text\">format: 0; filter: 0; fileterIntensity: 0.0; filterMask: 0; captureOrientation: 0;<br \/>runfunc: 0; algolist: 0;<br \/>multi-frame: 1;<br \/>brp_mask:0;<br \/>brp_del_th:0.0000,0.0000;<br \/>brp_del_sen:0.0000,0.0000;<br \/>motionR: 1;<br \/>delta:1;<br \/>bokeh:1;<br \/>module: photo;hw-remosaic: false;touch: (-1.0, -1.0);sceneMode: 13107200;cct_value: 0;AI_Scene: (20, 0);aec_lux: 209.82147;aec_lux_index: 0;albedo: ;confidence: ;motionLevel: 3;weatherinfo: weather?Sunny, icon:0, weatherInfo:100;temperature: 35;zeissColor: nature;<\/figcaption><\/figure>\n<figure id=\"attachment_35891\" aria-describedby=\"caption-attachment-35891\" style=\"width: 1920px\" class=\"wp-caption alignnone\"><a href=\"https:\/\/ostrowskatv.pl\/?attachment_id=35891\" rel=\"attachment wp-att-35891\"><img loading=\"lazy\" decoding=\"async\" class=\"size-full wp-image-35891\" src=\"https:\/\/ostrowskatv.pl\/wp-content\/uploads\/2025\/09\/1000072375.jpg\" alt=\"\" width=\"1920\" height=\"1080\" srcset=\"https:\/\/ostrowskatv.pl\/wp-content\/uploads\/2025\/09\/1000072375.jpg 1920w, https:\/\/ostrowskatv.pl\/wp-content\/uploads\/2025\/09\/1000072375-300x169.jpg 300w, https:\/\/ostrowskatv.pl\/wp-content\/uploads\/2025\/09\/1000072375-1333x750.jpg 1333w, https:\/\/ostrowskatv.pl\/wp-content\/uploads\/2025\/09\/1000072375-1536x864.jpg 1536w\" sizes=\"auto, (max-width: 1920px) 100vw, 1920px\" \/><\/a><figcaption id=\"caption-attachment-35891\" class=\"wp-caption-text\">format: 0; filter: 0; fileterIntensity: 0.0; filterMask: 0; captureOrientation: 0;<br \/>runfunc: 0; algolist: 0;<br \/>multi-frame: 1;<br \/>brp_mask:0;<br \/>brp_del_th:0.0000,0.0000;<br \/>brp_del_sen:0.0000,0.0000;<br \/>motionR: 3;<br \/>delta:1;<br \/>bokeh:1;<br \/>module: photo;hw-remosaic: false;touch: (-1.0, -1.0);sceneMode: 13107200;cct_value: 0;AI_Scene: (-1, -1);aec_lux: 243.15717;aec_lux_index: 0;albedo: ;confidence: ;motionLevel: -1;weatherinfo: weather?Sunny, icon:0, weatherInfo:100;temperature: 33;zeissColor: nature;<\/figcaption><\/figure>\n<figure id=\"attachment_35892\" aria-describedby=\"caption-attachment-35892\" style=\"width: 1920px\" class=\"wp-caption alignnone\"><a href=\"https:\/\/ostrowskatv.pl\/?attachment_id=35892\" rel=\"attachment wp-att-35892\"><img loading=\"lazy\" decoding=\"async\" class=\"size-full wp-image-35892\" src=\"https:\/\/ostrowskatv.pl\/wp-content\/uploads\/2025\/09\/1000072374.jpg\" alt=\"\" width=\"1920\" height=\"990\" srcset=\"https:\/\/ostrowskatv.pl\/wp-content\/uploads\/2025\/09\/1000072374.jpg 1920w, https:\/\/ostrowskatv.pl\/wp-content\/uploads\/2025\/09\/1000072374-300x155.jpg 300w, https:\/\/ostrowskatv.pl\/wp-content\/uploads\/2025\/09\/1000072374-1333x687.jpg 1333w, https:\/\/ostrowskatv.pl\/wp-content\/uploads\/2025\/09\/1000072374-1536x792.jpg 1536w\" sizes=\"auto, (max-width: 1920px) 100vw, 1920px\" \/><\/a><figcaption id=\"caption-attachment-35892\" class=\"wp-caption-text\">format: 2; filter: 0; fileterIntensity: 0.0; filterMask: 0; captureOrientation: 0;<br \/>runfunc: 0; algolist: 0;<br \/>multi-frame: 1;<br \/>brp_mask:0;<br \/>brp_del_th:0.0000,0.0000;<br \/>brp_del_sen:0.0000,0.0000;<br \/>motionR: 0;<br \/>delta:1;<br \/>bokeh:1;<br \/>module: photo;hw-remosaic: false;touch: (-1.0, -1.0);sceneMode: 12582912;cct_value: 0;AI_Scene: (20, 0);aec_lux: 190.51462;aec_lux_index: 0;albedo: ;confidence: ;motionLevel: -1;weatherinfo: weather?Sunny, icon:0, weatherInfo:100;temperature: 33;zeissColor: nature;<\/figcaption><\/figure>\n","protected":false},"excerpt":{"rendered":"W pi\u0105tek w Ostrowie Wielkopolskim mia\u0142a miejsce manifestacja \u015brodowisk katolicko-patriotycznych przeciwko organizowanemu w tym samym czasie Tygodniowi Kultury Queer. Demonstranci zgromadzili si\u0119 przed \n<a class=\"moretag\" href=\"https:\/\/ostrowskatv.pl\/?p=35881\"> [...]<\/a>","protected":false},"author":1,"featured_media":35883,"comment_status":"open","ping_status":"closed","sticky":false,"template":"","format":"standard","meta":{"footnotes":""},"categories":[1],"tags":[],"class_list":["post-35881","post","type-post","status-publish","format-standard","has-post-thumbnail","hentry","category-news"],"_links":{"self":[{"href":"https:\/\/ostrowskatv.pl\/index.php?rest_route=\/wp\/v2\/posts\/35881","targetHints":{"allow":["GET"]}}],"collection":[{"href":"https:\/\/ostrowskatv.pl\/index.php?rest_route=\/wp\/v2\/posts"}],"about":[{"href":"https:\/\/ostrowskatv.pl\/index.php?rest_route=\/wp\/v2\/types\/post"}],"author":[{"embeddable":true,"href":"https:\/\/ostrowskatv.pl\/index.php?rest_route=\/wp\/v2\/users\/1"}],"replies":[{"embeddable":true,"href":"https:\/\/ostrowskatv.pl\/index.php?rest_route=%2Fwp%2Fv2%2Fcomments&post=35881"}],"version-history":[{"count":2,"href":"https:\/\/ostrowskatv.pl\/index.php?rest_route=\/wp\/v2\/posts\/35881\/revisions"}],"predecessor-version":[{"id":35894,"href":"https:\/\/ostrowskatv.pl\/index.php?rest_route=\/wp\/v2\/posts\/35881\/revisions\/35894"}],"wp:featuredmedia":[{"embeddable":true,"href":"https:\/\/ostrowskatv.pl\/index.php?rest_route=\/wp\/v2\/media\/35883"}],"wp:attachment":[{"href":"https:\/\/ostrowskatv.pl\/index.php?rest_route=%2Fwp%2Fv2%2Fmedia&parent=35881"}],"wp:term":[{"taxonomy":"category","embeddable":true,"href":"https:\/\/ostrowskatv.pl\/index.php?rest_route=%2Fwp%2Fv2%2Fcategories&post=35881"},{"taxonomy":"post_tag","embeddable":true,"href":"https:\/\/ostrowskatv.pl\/index.php?rest_route=%2Fwp%2Fv2%2Ftags&post=35881"}],"curies":[{"name":"wp","href":"https:\/\/api.w.org\/{rel}","templated":true}]}}