{"id":35879,"date":"2025-09-12T10:13:14","date_gmt":"2025-09-12T09:13:14","guid":{"rendered":"https:\/\/ostrowskatv.pl\/?p=35879"},"modified":"2025-09-12T10:13:14","modified_gmt":"2025-09-12T09:13:14","slug":"potracono-dziecko-i-seniorke-na-rowerach","status":"publish","type":"post","link":"https:\/\/ostrowskatv.pl\/?p=35879","title":{"rendered":"Potr\u0105cono dziecko i seniork\u0119 na rowerach"},"content":{"rendered":"<p><strong>W \u015brod\u0119 na terenie powiatu ostrowskiego dosz\u0142o do dw\u00f3ch niebezpiecznych zdarze\u0144 z udzia\u0142em rowerzyst\u00f3w. Oba przypadki pokazuj\u0105, jak wa\u017cna jest ostro\u017cno\u015b\u0107 kierowc\u00f3w podczas wykonywania manewr\u00f3w w rejonie chodnik\u00f3w i skrzy\u017cowa\u0144.<\/strong><\/p>\n<h4>Skalmierzyce \u2013 dziecko potr\u0105cone przez samoch\u00f3d<\/h4>\n<p>Do pierwszego wypadku dosz\u0142o na ulicy Ostrowskiej w Skalmierzycach. 46-letni kierowca volkswagena golfa, wyje\u017cd\u017caj\u0105c z prywatnej posesji, przeci\u0105\u0142 chodnik, chc\u0105c w\u0142\u0105czy\u0107 si\u0119 do ruchu. Na chodniku dosz\u0142o do zderzenia z 10-letni\u0105 rowerzystk\u0105.<\/p>\n<p>M\u0119\u017cczyzna t\u0142umaczy\u0142, \u017ce nie spodziewa\u0142 si\u0119 rowerzystki, poniewa\u017c chodnik nie jest \u015bcie\u017ck\u0105 rowerow\u0105. Dodatkowo badanie alkomatem wykaza\u0142o u niego 0,3 promila alkoholu. Dziewczynka zosta\u0142a przewieziona do szpitala, gdzie lekarze stwierdzili obra\u017cenia cia\u0142a wymagaj\u0105ce leczenia powy\u017cej siedmiu dni.<\/p>\n<h4>Ostr\u00f3w Wielkopolski \u2013 kolizja na skrzy\u017cowaniu<\/h4>\n<p>Drugie zdarzenie mia\u0142o miejsce tego samego dnia w Ostrowie Wielkopolskim, w rejonie skrzy\u017cowania ulic \u015amigielskiego i Che\u0142mo\u0144skiego. 76-letnia rowerzystka zderzy\u0142a si\u0119 tam z samochodem marki Opel Meriva, prowadzonym przez 65-letni\u0105 kobiet\u0119.<\/p>\n<p>Obie uczestniczki by\u0142y trze\u017awe. Seniorka zosta\u0142a przewieziona do szpitala, ale na szcz\u0119\u015bcie nie stwierdzono u niej powa\u017cnych obra\u017ce\u0144.<\/p>\n<h4>Potrzeba wi\u0119kszej ostro\u017cno\u015bci<\/h4>\n<p>Oba zdarzenia s\u0105 wyra\u017anym sygna\u0142em ostrzegawczym. Rowerzyst\u00f3w wci\u0105\u017c jest na drogach, chodnikach i \u015bcie\u017ckach rowerowych wielu, dlatego kierowcy samochod\u00f3w musz\u0105 zachowywa\u0107 szczeg\u00f3ln\u0105 uwag\u0119, zw\u0142aszcza przy wyjazdach z posesji czy podczas skr\u0119cania.<\/p>\n<p>Wystarczy chwila nieuwagi, by dosz\u0142o do tragedii. Nawet lekki kontakt z rowerzyst\u0105 mo\u017ce sko\u0144czy\u0107 si\u0119 dramatycznie \u2013 je\u015bli np. poszkodowany wpadnie pod nadje\u017cd\u017caj\u0105cy pojazd ci\u0119\u017carowy. Dlatego odpowiedzialno\u015b\u0107 za zachowanie ostro\u017cno\u015bci spoczywa w g\u0142\u00f3wnej mierze na kierowcach samochod\u00f3w.<\/p>\n","protected":false},"excerpt":{"rendered":"W \u015brod\u0119 na terenie powiatu ostrowskiego dosz\u0142o do dw\u00f3ch niebezpiecznych zdarze\u0144 z udzia\u0142em rowerzyst\u00f3w. Oba przypadki pokazuj\u0105, jak wa\u017cna jest ostro\u017cno\u015b\u0107 kierowc\u00f3w podczas \n<a class=\"moretag\" href=\"https:\/\/ostrowskatv.pl\/?p=35879\"> [...]<\/a>","protected":false},"author":1,"featured_media":6246,"comment_status":"open","ping_status":"closed","sticky":false,"template":"","format":"standard","meta":{"footnotes":""},"categories":[1],"tags":[220],"class_list":["post-35879","post","type-post","status-publish","format-standard","has-post-thumbnail","hentry","category-news","tag-rower"],"_links":{"self":[{"href":"https:\/\/ostrowskatv.pl\/index.php?rest_route=\/wp\/v2\/posts\/35879","targetHints":{"allow":["GET"]}}],"collection":[{"href":"https:\/\/ostrowskatv.pl\/index.php?rest_route=\/wp\/v2\/posts"}],"about":[{"href":"https:\/\/ostrowskatv.pl\/index.php?rest_route=\/wp\/v2\/types\/post"}],"author":[{"embeddable":true,"href":"https:\/\/ostrowskatv.pl\/index.php?rest_route=\/wp\/v2\/users\/1"}],"replies":[{"embeddable":true,"href":"https:\/\/ostrowskatv.pl\/index.php?rest_route=%2Fwp%2Fv2%2Fcomments&post=35879"}],"version-history":[{"count":1,"href":"https:\/\/ostrowskatv.pl\/index.php?rest_route=\/wp\/v2\/posts\/35879\/revisions"}],"predecessor-version":[{"id":35880,"href":"https:\/\/ostrowskatv.pl\/index.php?rest_route=\/wp\/v2\/posts\/35879\/revisions\/35880"}],"wp:featuredmedia":[{"embeddable":true,"href":"https:\/\/ostrowskatv.pl\/index.php?rest_route=\/wp\/v2\/media\/6246"}],"wp:attachment":[{"href":"https:\/\/ostrowskatv.pl\/index.php?rest_route=%2Fwp%2Fv2%2Fmedia&parent=35879"}],"wp:term":[{"taxonomy":"category","embeddable":true,"href":"https:\/\/ostrowskatv.pl\/index.php?rest_route=%2Fwp%2Fv2%2Fcategories&post=35879"},{"taxonomy":"post_tag","embeddable":true,"href":"https:\/\/ostrowskatv.pl\/index.php?rest_route=%2Fwp%2Fv2%2Ftags&post=35879"}],"curies":[{"name":"wp","href":"https:\/\/api.w.org\/{rel}","templated":true}]}}