{"id":35874,"date":"2025-09-11T09:30:39","date_gmt":"2025-09-11T08:30:39","guid":{"rendered":"https:\/\/ostrowskatv.pl\/?p=35874"},"modified":"2025-09-11T09:30:39","modified_gmt":"2025-09-11T08:30:39","slug":"kolejny-bolt-rozbity-zdjecia","status":"publish","type":"post","link":"https:\/\/ostrowskatv.pl\/?p=35874","title":{"rendered":"Kolejny Bolt rozbity (ZDJ\u0118CIA)"},"content":{"rendered":"<p>Kolejny samoch\u00f3d nale\u017c\u0105cy do firmy \u015bwiadcz\u0105cej odp\u0142atny przew\u00f3z os\u00f3b zosta\u0142 rozbity. Tym razem do zdarzenia dosz\u0142o w \u015brod\u0119 oko\u0142o godziny 10 na skrzy\u017cowaniu ulic Krotoszy\u0144skiej oraz Mielczarskiego w Ostrowie Wielkopolskim.<\/p>\n<p>Kierowca Bolt-a podczas wymijania innego samochodu doprowadzi\u0142 do zderzenia z Toyot\u0105 Yaris. Kierowcy byli trze\u017awi. Na miejsce wezwano policj\u0119, a nast\u0119pnie stra\u017c po\u017carn\u0105, kt\u00f3ra zneutralizowa\u0142a skutki kolizji.<\/p>\n<p>Sprawc\u0119 ukarano mandatem karnym. Do poprzedniego zdarzenia z udzia\u0142em samochodu tej firmy dosz\u0142o oko\u0142o tygodnia temu na ulicy Kordeckiego.<\/p>\n<p>Kiedy\u015b nagminnie rozbijanie samochody z formy Panek, wynajmuj\u0105cej auta na minuty.<\/p>\n<p><a href=\"https:\/\/ostrowskatv.pl\/?attachment_id=35875\" rel=\"attachment wp-att-35875\"><img loading=\"lazy\" decoding=\"async\" src=\"https:\/\/ostrowskatv.pl\/wp-content\/uploads\/2025\/09\/1000072017.jpg\" alt=\"\" width=\"1076\" height=\"487\" class=\"alignnone size-full wp-image-35875\" srcset=\"https:\/\/ostrowskatv.pl\/wp-content\/uploads\/2025\/09\/1000072017.jpg 1076w, https:\/\/ostrowskatv.pl\/wp-content\/uploads\/2025\/09\/1000072017-300x136.jpg 300w\" sizes=\"auto, (max-width: 1076px) 100vw, 1076px\" \/><\/a><\/p>\n<p><a href=\"https:\/\/ostrowskatv.pl\/?attachment_id=35876\" rel=\"attachment wp-att-35876\"><img loading=\"lazy\" decoding=\"async\" src=\"https:\/\/ostrowskatv.pl\/wp-content\/uploads\/2025\/09\/1000072020.jpg\" alt=\"\" width=\"1515\" height=\"997\" class=\"alignnone size-full wp-image-35876\" srcset=\"https:\/\/ostrowskatv.pl\/wp-content\/uploads\/2025\/09\/1000072020.jpg 1515w, https:\/\/ostrowskatv.pl\/wp-content\/uploads\/2025\/09\/1000072020-300x197.jpg 300w, https:\/\/ostrowskatv.pl\/wp-content\/uploads\/2025\/09\/1000072020-1333x877.jpg 1333w\" sizes=\"auto, (max-width: 1515px) 100vw, 1515px\" \/><\/a><\/p>\n<p><a href=\"https:\/\/ostrowskatv.pl\/?attachment_id=35877\" rel=\"attachment wp-att-35877\"><img loading=\"lazy\" decoding=\"async\" src=\"https:\/\/ostrowskatv.pl\/wp-content\/uploads\/2025\/09\/1000072026.jpg\" alt=\"\" width=\"1600\" height=\"904\" class=\"alignnone size-full wp-image-35877\" srcset=\"https:\/\/ostrowskatv.pl\/wp-content\/uploads\/2025\/09\/1000072026.jpg 1600w, https:\/\/ostrowskatv.pl\/wp-content\/uploads\/2025\/09\/1000072026-300x170.jpg 300w, https:\/\/ostrowskatv.pl\/wp-content\/uploads\/2025\/09\/1000072026-1333x753.jpg 1333w, https:\/\/ostrowskatv.pl\/wp-content\/uploads\/2025\/09\/1000072026-1536x868.jpg 1536w, https:\/\/ostrowskatv.pl\/wp-content\/uploads\/2025\/09\/1000072026-388x220.jpg 388w\" sizes=\"auto, (max-width: 1600px) 100vw, 1600px\" \/><\/a><\/p>\n","protected":false},"excerpt":{"rendered":"Kolejny samoch\u00f3d nale\u017c\u0105cy do firmy \u015bwiadcz\u0105cej odp\u0142atny przew\u00f3z os\u00f3b zosta\u0142 rozbity. Tym razem do zdarzenia dosz\u0142o w \u015brod\u0119 oko\u0142o godziny 10 na skrzy\u017cowaniu \n<a class=\"moretag\" href=\"https:\/\/ostrowskatv.pl\/?p=35874\"> [...]<\/a>","protected":false},"author":1,"featured_media":35877,"comment_status":"open","ping_status":"closed","sticky":false,"template":"","format":"standard","meta":{"footnotes":""},"categories":[1],"tags":[2],"class_list":["post-35874","post","type-post","status-publish","format-standard","has-post-thumbnail","hentry","category-news","tag-ostrow-wielkopolski"],"_links":{"self":[{"href":"https:\/\/ostrowskatv.pl\/index.php?rest_route=\/wp\/v2\/posts\/35874","targetHints":{"allow":["GET"]}}],"collection":[{"href":"https:\/\/ostrowskatv.pl\/index.php?rest_route=\/wp\/v2\/posts"}],"about":[{"href":"https:\/\/ostrowskatv.pl\/index.php?rest_route=\/wp\/v2\/types\/post"}],"author":[{"embeddable":true,"href":"https:\/\/ostrowskatv.pl\/index.php?rest_route=\/wp\/v2\/users\/1"}],"replies":[{"embeddable":true,"href":"https:\/\/ostrowskatv.pl\/index.php?rest_route=%2Fwp%2Fv2%2Fcomments&post=35874"}],"version-history":[{"count":1,"href":"https:\/\/ostrowskatv.pl\/index.php?rest_route=\/wp\/v2\/posts\/35874\/revisions"}],"predecessor-version":[{"id":35878,"href":"https:\/\/ostrowskatv.pl\/index.php?rest_route=\/wp\/v2\/posts\/35874\/revisions\/35878"}],"wp:featuredmedia":[{"embeddable":true,"href":"https:\/\/ostrowskatv.pl\/index.php?rest_route=\/wp\/v2\/media\/35877"}],"wp:attachment":[{"href":"https:\/\/ostrowskatv.pl\/index.php?rest_route=%2Fwp%2Fv2%2Fmedia&parent=35874"}],"wp:term":[{"taxonomy":"category","embeddable":true,"href":"https:\/\/ostrowskatv.pl\/index.php?rest_route=%2Fwp%2Fv2%2Fcategories&post=35874"},{"taxonomy":"post_tag","embeddable":true,"href":"https:\/\/ostrowskatv.pl\/index.php?rest_route=%2Fwp%2Fv2%2Ftags&post=35874"}],"curies":[{"name":"wp","href":"https:\/\/api.w.org\/{rel}","templated":true}]}}